{"id":57054,"date":"2025-10-09T09:59:09","date_gmt":"2025-10-09T09:59:09","guid":{"rendered":"https:\/\/www.europesays.com\/fi\/57054\/"},"modified":"2025-10-09T09:59:09","modified_gmt":"2025-10-09T09:59:09","slug":"salatut-elamat-hanna-kinnunen-nauratti-poliisia-kuvauksissa","status":"publish","type":"post","link":"https:\/\/www.europesays.com\/fi\/57054\/","title":{"rendered":"Salatut el\u00e4m\u00e4t: Hanna Kinnunen nauratti poliisia kuvauksissa"},"content":{"rendered":"<p>\n            20250123, Helsinki. Salatut el\u00e4m\u00e4t 26-vuotta. Kuvassa Hanna Kinnunen.<br \/>\n            Timo Korhonen\n        <\/p>\n<p class=\"subtitle \">\u2013 Salla Taalasmaa on uhka \u2013 koko maailmalle, Hanna Kinnunen naurahtaa Salatut el\u00e4m\u00e4t -hahmostaan.<\/p>\n<p class=\"article-content article-content-width !bg-background\">N\u00e4yttelij\u00e4  on suurelle yleis\u00f6lle tuttu Salatut el\u00e4m\u00e4t -sarjan Salla Taalasmaana. N\u00e4yttelij\u00e4 julkaisi sosiaalisessa mediassa paljastuksen erikoisesta hetkest\u00e4 sarjan kuvauksissa.<\/p>\n<p class=\"italic m-italic article-content article-content-width !bg-background\">Arkistovideolla Hanna Kinnunen kertoo T\u00e4hdet, t\u00e4hdet -voitostaan:<\/p>\n<p class=\"article-content article-content-width !bg-background\"><a href=\"https:\/\/www.instagram.com\/hannakofficial\/\" target=\"_blank\" rel=\"nofollow noopener\">Hanna Kinnunen julkaisi Instagram-tarinoissaan 8.10. tarinan Salatut el\u00e4m\u00e4t -kuvauksista.<\/a> Tarinat ovat katsottavissa 24 tuntia niiden julkaisusta.<\/p>\n<p class=\"article-content article-content-width !bg-background\">\u2013 Oltiin kuvaamassa presidentin hoodeilla. K\u00e4ynniss\u00e4 olevan Islannin presidentin vierailun vuoksi paikalla oli ekstrapaljon poliiseja ja muita \u201dturvallisuusammattilaisia\u201d, Hanna kertoo.<\/p>\n<p class=\"article-content article-content-width !bg-background\">\u2013 Yksi heist\u00e4 sanoi meid\u00e4n tuotantomme edustajalle, ett\u00e4 katu pit\u00e4\u00e4 tyhjent\u00e4\u00e4 tietyst\u00e4 kohdasta muutaman minuutin kuluttua, koska jokainen paikalla oleva henkil\u00f6 on uhka, h\u00e4n jatkaa.<\/p>\n<p>        <a itemprop=\"url\" href=\"https:\/\/www.seiska.fi\/katso\/salkkarit-tahti-hanna-kinnunen-ottaa-kantaa-kohukohtaukseensa\/1634330\" rel=\"nofollow noopener\" target=\"_blank\"><\/p>\n<p>\nSalatut el\u00e4m\u00e4t -t\u00e4hti\n<\/p>\n<p class=\"section-date\">\n        <strong class=\"article-section\" data-section=\"katso\"><br \/>\n            katso<br \/>\n        <\/strong><br \/>\n        8.3. 07:15\n    <\/p>\n<p>Salkkarit-t\u00e4hti Hanna Kinnunen ottaa kantaa kohukohtaukseensa\n    <\/p>\n<p itemprop=\"description\" class=\"subtitle \">\n    N\u00e4yttelij\u00e4 pohtii naisen asemaa sek\u00e4 julkisuutta ys\u00e4rill\u00e4 ja t\u00e4n\u00e4 p\u00e4iv\u00e4n\u00e4. Paljastaapa h\u00e4n my\u00f6s yll\u00e4tt\u00e4v\u00e4n faktan itsest\u00e4\u00e4n.\n<\/p>\n<p>        <\/a><\/p>\n<p class=\"article-content article-content-width !bg-background\">Hannan mukaan turvallisuuden ammattilainen oli uhka-sanan kohdalla k\u00e4\u00e4nt\u00e4nyt katseensa Hannaan.<\/p>\n<p class=\"article-content article-content-width !bg-background\">\u2013 Min\u00e4 siihen nokkelasti vastaamaan, ett\u00e4 totta, Salla Taalasmaa ON uhka \u2013 koko maailmalle\u2026 Poliisimies naurahti. En joutunut putkaan, Hanna summaa.<\/p>\n<p class=\"article-content article-content-width !bg-background\">Tilannetta naurettiin viel\u00e4 maskitsekiss\u00e4.<\/p>\n<p>20 vuotta Salkkareita<\/p>\n<p class=\"article-content article-content-width !bg-background\">Hanna Kinnunen on n\u00e4ytellyt Pihlajakadun ter\u00e4snaista, Salla Taalasmaata, jo parinkymmenen vuoden ajan. P\u00e4\u00e4llep\u00e4sm\u00e4r\u00f6iv\u00e4 hahmo n\u00e4htiin ensimm\u00e4ist\u00e4 kertaa sarjassa vuonna 2005. Hahmo poistui sarjasta vuonna 2010, mutta l\u00e4hes 10 vuotta my\u00f6hemmin vuonna 2019 h\u00e4n palasi.<\/p>\n<p class=\"article-content article-content-width !bg-background\">Hanna Kinnunen n\u00e4htiin my\u00f6s T\u00e4hdet, t\u00e4hdet -kisassa, jonka voiton h\u00e4n pokkasi vuonna 2024. Sittemmin h\u00e4n on tehnyt omaa musiikkia, ja kiert\u00e4\u00e4 loppuvuodesta joulukiertueella.<\/p>\n<p class=\"article-content article-content-width !bg-background\">Hanna on monille tuttu my\u00f6s radioaalloilta. H\u00e4n juonsi p\u00e4ivitt\u00e4ist\u00e4 radio-ohjelmaa Aito Iskelm\u00e4 -kanavalla. Alkuvuodesta h\u00e4n siirtyi juontamaan vain perjantaisin, ja haastatteluohjelma Olennaisen \u00e4\u00e4rell\u00e4 jatkui podcastina.<\/p>\n<p>        <a itemprop=\"url\" href=\"https:\/\/www.seiska.fi\/katso\/arsyttaako-salkkareiden-sallan-aani-nayttelija-paljastaa-sen-syntyperan\/1618083\" rel=\"nofollow noopener\" target=\"_blank\"><\/p>\n<p>\nSalatut el\u00e4m\u00e4t\n<\/p>\n<p class=\"section-date\">\n        <strong class=\"article-section\" data-section=\"katso\"><br \/>\n            katso<br \/>\n        <\/strong><br \/>\n        19.2. 11:45\n    <\/p>\n<p>\u00c4rsytt\u00e4\u00e4k\u00f6 Salkkareiden Sallan \u00e4\u00e4ni? N\u00e4yttelij\u00e4 paljastaa sen syntyper\u00e4n\n    <\/p>\n<p itemprop=\"description\" class=\"subtitle \">\n    N\u00e4yttelij\u00e4 Hanna Kinnunen paljasti yksityiskohtia roolihahmostaan Salla Taalasmaasta.\n<\/p>\n<p>        <\/a><\/p>\n<p>                <img decoding=\"async\" src=\"https:\/\/www.europesays.com\/fi\/wp-content\/uploads\/2025\/10\/1713713.webp\" width=\"576\" height=\"274\" alt=\"Hanna Kinnunen voitti T\u00e4hdet, t\u00e4hdet -kisan vuonna 2024.\" loading=\"lazy\" \/>            <\/p>\n<p>\n            Hanna Kinnunen voitti T\u00e4hdet, t\u00e4hdet -kisan vuonna 2024.<br \/>\n            ATTE KAJOVA\n        <\/p>\n<p class=\"italic m-italic article-content article-content-width !bg-background\">Salatut el\u00e4m\u00e4t maanantaista torstaihin MTV3:lla ja MTV Katsomossa.<\/p>\n<p>        <a itemprop=\"url\" href=\"https:\/\/www.seiska.fi\/katso\/2-vuotias-roope-hurmaa-salkkareissa-kameramiehilla-yksi-ongelma\/1593971\" rel=\"nofollow noopener\" target=\"_blank\"><\/p>\n<p class=\"section-date\">\n        <strong class=\"article-section\" data-section=\"katso\"><br \/>\n            katso<br \/>\n        <\/strong><br \/>\n        28.1. 11:10\n    <\/p>\n<p>2-vuotias Roope hurmaa Salkkareissa \u2013 kameramiehill\u00e4 yksi ongelma\n    <\/p>\n<p itemprop=\"description\" class=\"subtitle \">\n    Tukku Taalasmaana tunnetulla taaperolla on Salatut el\u00e4m\u00e4t -kuvauksissa erityisesti yksi suosikkin\u00e4yttelij\u00e4.\n<\/p>\n<p>        <\/a><\/p>\n<p><script async src=\"\/\/www.instagram.com\/embed.js\"><\/script><\/p>\n","protected":false},"excerpt":{"rendered":"20250123, Helsinki. Salatut el\u00e4m\u00e4t 26-vuotta. Kuvassa Hanna Kinnunen. Timo Korhonen \u2013 Salla Taalasmaa on uhka \u2013 koko maailmalle,&hellip;\n","protected":false},"author":2,"featured_media":57055,"comment_status":"","ping_status":"","sticky":false,"template":"","format":"standard","meta":{"footnotes":""},"categories":[130],"tags":[13492,137,33,31,30,13491,209,4463,13490,32,9460,1318,109],"class_list":{"0":"post-57054","1":"post","2":"type-post","3":"status-publish","4":"format-standard","5":"has-post-thumbnail","7":"category-viihde","8":"tag-aito-iskelma","9":"tag-entertainment","10":"tag-fi","11":"tag-finland","12":"tag-finnish","13":"tag-hanna-kinnunen","14":"tag-salatut-elamat","15":"tag-salkkarit","16":"tag-salla-taalasmaa","17":"tag-suomi","18":"tag-tahdet","19":"tag-tv-ohjelma","20":"tag-viihde"},"share_on_mastodon":{"url":"","error":""},"_links":{"self":[{"href":"https:\/\/www.europesays.com\/fi\/wp-json\/wp\/v2\/posts\/57054","targetHints":{"allow":["GET"]}}],"collection":[{"href":"https:\/\/www.europesays.com\/fi\/wp-json\/wp\/v2\/posts"}],"about":[{"href":"https:\/\/www.europesays.com\/fi\/wp-json\/wp\/v2\/types\/post"}],"author":[{"embeddable":true,"href":"https:\/\/www.europesays.com\/fi\/wp-json\/wp\/v2\/users\/2"}],"replies":[{"embeddable":true,"href":"https:\/\/www.europesays.com\/fi\/wp-json\/wp\/v2\/comments?post=57054"}],"version-history":[{"count":0,"href":"https:\/\/www.europesays.com\/fi\/wp-json\/wp\/v2\/posts\/57054\/revisions"}],"wp:featuredmedia":[{"embeddable":true,"href":"https:\/\/www.europesays.com\/fi\/wp-json\/wp\/v2\/media\/57055"}],"wp:attachment":[{"href":"https:\/\/www.europesays.com\/fi\/wp-json\/wp\/v2\/media?parent=57054"}],"wp:term":[{"taxonomy":"category","embeddable":true,"href":"https:\/\/www.europesays.com\/fi\/wp-json\/wp\/v2\/categories?post=57054"},{"taxonomy":"post_tag","embeddable":true,"href":"https:\/\/www.europesays.com\/fi\/wp-json\/wp\/v2\/tags?post=57054"}],"curies":[{"name":"wp","href":"https:\/\/api.w.org\/{rel}","templated":true}]}}