{"id":57068,"date":"2025-10-09T10:24:08","date_gmt":"2025-10-09T10:24:08","guid":{"rendered":"https:\/\/www.europesays.com\/fi\/57068\/"},"modified":"2025-10-09T10:24:08","modified_gmt":"2025-10-09T10:24:08","slug":"kriisi-ilves-teki-jattihankinnan-iltalehti","status":"publish","type":"post","link":"https:\/\/www.europesays.com\/fi\/57068\/","title":{"rendered":"Kriisi-Ilves teki j\u00e4ttihankinnan! &#8211; Iltalehti"},"content":{"rendered":"<ol>\n<li><a href=\"https:\/\/news.google.com\/rss\/articles\/CBMie0FVX3lxTE5XSHgyYTlNYlp1Sy1ZdExuZjJKQkVaMVZsbDQzQzhWUzBKZEdRQm5mWExxc001Q3l0ZllBR3dWWlZzUmluSTlwbWJ0eDRWZlZUVVNvWTg5YldzbklHRTN5eHB4U05mcVRxakotdUtldjNoQ2Zmb09LX0J3QQ?oc=5\" target=\"_blank\" rel=\"nofollow noopener\">Kriisi-Ilves teki j\u00e4ttihankinnan!<\/a>&nbsp;&nbsp;Iltalehti<\/li>\n<li><a href=\"https:\/\/news.google.com\/rss\/articles\/CBMikwFBVV95cUxOdnl6c3M3UWdkNlo0VzNyY0RlZngtdmk5VXlVM3A3UkdsTktZb2hGWWM1NG51Mmw3ZjFwNGRTeFozOHI1YldEang4OHB0bHRjX2tzNHpXeVQ0N1lSVHZmdm5KSHJsNllaelZWOTVrQVpNalJkUkFZSXdMblhqZVZQeUVMTlotTlRFUVhxVUxXWlJkN0E?oc=5\" target=\"_blank\" rel=\"nofollow noopener\">Olli Palola liittyy Ilveksen riveihin m\u00e4\u00e4r\u00e4aikaisella sopimuksella<\/a>&nbsp;&nbsp;Tampereen Ilves<\/li>\n<li><a href=\"https:\/\/news.google.com\/rss\/articles\/CBMicEFVX3lxTE9qQXoyMkRaMXdodHpNSjFsRlk0ZkE0Z0FhYkFHbl9jSnc1Ty1EZjd4VFd1T0U0c21ia0tEUHRjY09GQnM3WkJuTFVkMzJ6ZHRDT3NkbU9kVm1wUklwZ2RGUTFkNzNJNzRJTXR1NUkybGY?oc=5\" target=\"_blank\" rel=\"nofollow noopener\">Sopimus | \u00c4ssille maaleja iskenyt hy\u00f6kk\u00e4\u00e4j\u00e4 sai viimein pelipaikan<\/a>&nbsp;&nbsp;Satakunnan Kansa<\/li>\n<li><a href=\"https:\/\/news.google.com\/rss\/articles\/CBMiQkFVX3lxTE5CV3hYWm5TOGpDOTE4QTBsMk1wSzJRQ1VtT1gxbHhMdlVQVmdIRVdabHBkck9Nc0RUYVVhVkpZUkZyQQ?oc=5\" target=\"_blank\" rel=\"nofollow noopener\">Olli Palola Ilvekseen alle kuukauden sopimuksella<\/a>&nbsp;&nbsp;Yle<\/li>\n<li><a href=\"https:\/\/news.google.com\/rss\/articles\/CBMiXkFVX3lxTE5HUlBBSHY1NlgxbVNYd0dSdXp1ZmJWNzhWWHVvYWdlOGVJWDFmYlU5WnFWQVBtM1hza05QS0lBTU5OMFJYTG5wWHZIWWpWbXpHdFBzWnM4ekg2SFYyaGc?oc=5\" target=\"_blank\" rel=\"nofollow noopener\">Ilves hankki SM-liigan maalikuninkaan<\/a>&nbsp;&nbsp;Ilta-Sanomat<\/li>\n<\/ol>\n","protected":false},"excerpt":{"rendered":"Kriisi-Ilves teki j\u00e4ttihankinnan!&nbsp;&nbsp;Iltalehti Olli Palola liittyy Ilveksen riveihin m\u00e4\u00e4r\u00e4aikaisella sopimuksella&nbsp;&nbsp;Tampereen Ilves Sopimus | \u00c4ssille maaleja iskenyt hy\u00f6kk\u00e4\u00e4j\u00e4 sai&hellip;\n","protected":false},"author":2,"featured_media":57069,"comment_status":"","ping_status":"","sticky":false,"template":"","format":"standard","meta":{"footnotes":""},"categories":[158],"tags":[35,1144,33,31,30,1143,41,1146,159,32,1145,160],"class_list":{"0":"post-57068","1":"post","2":"type-post","3":"status-publish","4":"format-standard","5":"has-post-thumbnail","7":"category-urheilu","8":"tag-24h","9":"tag-ammattilaisjaakiekko","10":"tag-fi","11":"tag-finland","12":"tag-finnish","13":"tag-jaakiekko","14":"tag-liikunta-ja-urheilu","15":"tag-miesten-jaakiekko","16":"tag-sports","17":"tag-suomi","18":"tag-talviurheilu","19":"tag-urheilu"},"share_on_mastodon":{"url":"","error":""},"_links":{"self":[{"href":"https:\/\/www.europesays.com\/fi\/wp-json\/wp\/v2\/posts\/57068","targetHints":{"allow":["GET"]}}],"collection":[{"href":"https:\/\/www.europesays.com\/fi\/wp-json\/wp\/v2\/posts"}],"about":[{"href":"https:\/\/www.europesays.com\/fi\/wp-json\/wp\/v2\/types\/post"}],"author":[{"embeddable":true,"href":"https:\/\/www.europesays.com\/fi\/wp-json\/wp\/v2\/users\/2"}],"replies":[{"embeddable":true,"href":"https:\/\/www.europesays.com\/fi\/wp-json\/wp\/v2\/comments?post=57068"}],"version-history":[{"count":0,"href":"https:\/\/www.europesays.com\/fi\/wp-json\/wp\/v2\/posts\/57068\/revisions"}],"wp:featuredmedia":[{"embeddable":true,"href":"https:\/\/www.europesays.com\/fi\/wp-json\/wp\/v2\/media\/57069"}],"wp:attachment":[{"href":"https:\/\/www.europesays.com\/fi\/wp-json\/wp\/v2\/media?parent=57068"}],"wp:term":[{"taxonomy":"category","embeddable":true,"href":"https:\/\/www.europesays.com\/fi\/wp-json\/wp\/v2\/categories?post=57068"},{"taxonomy":"post_tag","embeddable":true,"href":"https:\/\/www.europesays.com\/fi\/wp-json\/wp\/v2\/tags?post=57068"}],"curies":[{"name":"wp","href":"https:\/\/api.w.org\/{rel}","templated":true}]}}