{"id":57074,"date":"2025-10-09T10:29:08","date_gmt":"2025-10-09T10:29:08","guid":{"rendered":"https:\/\/www.europesays.com\/fi\/57074\/"},"modified":"2025-10-09T10:29:08","modified_gmt":"2025-10-09T10:29:08","slug":"maajoukkuejalkapalloilijan-niskaan-murtuma-tormayksessa-kentanlaitamainokseen-seuran-mukaan-halvaantuminen-uhkana-urheilu","status":"publish","type":"post","link":"https:\/\/www.europesays.com\/fi\/57074\/","title":{"rendered":"Maajoukkuejalkapalloilijan niskaan murtuma t\u00f6rm\u00e4yksess\u00e4 kent\u00e4nlaitamainokseen \u2013 seuran mukaan halvaantuminen uhkana | Urheilu"},"content":{"rendered":"<p>Togolainen maajoukkuejalkapalloilija Samuel Asamoah sai murtuman niskaansa Kiinan jalkapalloliigan ottelussa t\u00f6rm\u00e4tty\u00e4\u00e4n p\u00e4\u00e4 edell\u00e4 kent\u00e4n laidan ledmainostauluun. Asamoahin seura Guangxi Pingguo tiedotti keskikentt\u00e4pelaajan olleen leikkauksessa.<\/p>\n<p>\u2013\u2009Vaarana on alaraajahalvaantuminen, seura ilmoitti.<\/p>\n<p>Vastustajajoukkueen Chongqing Tonglianglongin keskikentt\u00e4pelaaja Zhang Zhixiong t\u00f6n\u00e4isi Asamoahia, joka kaatui p\u00e4\u00e4 edell\u00e4 p\u00e4in mainostaulua. Zhang sai tilanteesta keltaisen kortin.<\/p>\n<p>Kiinan valtiollisen median mukaan laitamainos oli kansainv\u00e4listen ohjeiden mukaisesti kolmen metrin p\u00e4\u00e4ss\u00e4 kent\u00e4n rajaviivasta.<\/p>\n<p>Asamoah, 31, pelasi aiemmin Belgiassa ja Romaniassa ennen kuin siirtyi t\u00e4ksi kaudeksi Kiinaan.<\/p>\n","protected":false},"excerpt":{"rendered":"Togolainen maajoukkuejalkapalloilija Samuel Asamoah sai murtuman niskaansa Kiinan jalkapalloliigan ottelussa t\u00f6rm\u00e4tty\u00e4\u00e4n p\u00e4\u00e4 edell\u00e4 kent\u00e4n laidan ledmainostauluun. Asamoahin seura&hellip;\n","protected":false},"author":2,"featured_media":50730,"comment_status":"","ping_status":"","sticky":false,"template":"","format":"standard","meta":{"footnotes":""},"categories":[14],"tags":[22,23,26,27,33,31,30,17,43,42,24,25,41,28,29,1623,15,18,21,32,487,19,20,56,2957,161,16,59,60,61],"class_list":{"0":"post-57074","1":"post","2":"type-post","3":"status-publish","4":"format-standard","5":"has-post-thumbnail","7":"category-ulkomaat","8":"tag-breaking-news","9":"tag-breakingnews","10":"tag-featured-news","11":"tag-featurednews","12":"tag-fi","13":"tag-finland","14":"tag-finnish","15":"tag-headlines","16":"tag-jalkapallo","17":"tag-jalkapalloon-perustuvat-lajit","18":"tag-latest-news","19":"tag-latestnews","20":"tag-liikunta-ja-urheilu","21":"tag-main-news","22":"tag-mainnews","23":"tag-miesten-jalkapallo","24":"tag-news","25":"tag-otsikot","26":"tag-paauutiset","27":"tag-suomi","28":"tag-teknologia-yleista","29":"tag-top-stories","30":"tag-topstories","31":"tag-ulkomaat","32":"tag-urheilujarjestot","33":"tag-urheilutapahtumat","34":"tag-uutiset","35":"tag-world","36":"tag-world-news","37":"tag-worldnews"},"share_on_mastodon":{"url":"","error":""},"_links":{"self":[{"href":"https:\/\/www.europesays.com\/fi\/wp-json\/wp\/v2\/posts\/57074","targetHints":{"allow":["GET"]}}],"collection":[{"href":"https:\/\/www.europesays.com\/fi\/wp-json\/wp\/v2\/posts"}],"about":[{"href":"https:\/\/www.europesays.com\/fi\/wp-json\/wp\/v2\/types\/post"}],"author":[{"embeddable":true,"href":"https:\/\/www.europesays.com\/fi\/wp-json\/wp\/v2\/users\/2"}],"replies":[{"embeddable":true,"href":"https:\/\/www.europesays.com\/fi\/wp-json\/wp\/v2\/comments?post=57074"}],"version-history":[{"count":0,"href":"https:\/\/www.europesays.com\/fi\/wp-json\/wp\/v2\/posts\/57074\/revisions"}],"wp:featuredmedia":[{"embeddable":true,"href":"https:\/\/www.europesays.com\/fi\/wp-json\/wp\/v2\/media\/50730"}],"wp:attachment":[{"href":"https:\/\/www.europesays.com\/fi\/wp-json\/wp\/v2\/media?parent=57074"}],"wp:term":[{"taxonomy":"category","embeddable":true,"href":"https:\/\/www.europesays.com\/fi\/wp-json\/wp\/v2\/categories?post=57074"},{"taxonomy":"post_tag","embeddable":true,"href":"https:\/\/www.europesays.com\/fi\/wp-json\/wp\/v2\/tags?post=57074"}],"curies":[{"name":"wp","href":"https:\/\/api.w.org\/{rel}","templated":true}]}}