{"id":57084,"date":"2025-10-09T10:47:12","date_gmt":"2025-10-09T10:47:12","guid":{"rendered":"https:\/\/www.europesays.com\/fi\/57084\/"},"modified":"2025-10-09T10:47:12","modified_gmt":"2025-10-09T10:47:12","slug":"megadethin-lopettamispaatos-ellefsonin-ajatukset-kaaoszine","status":"publish","type":"post","link":"https:\/\/www.europesays.com\/fi\/57084\/","title":{"rendered":"Megadethin lopettamisp\u00e4\u00e4t\u00f6s: Ellefsonin ajatukset &#8211; KaaosZine"},"content":{"rendered":"<p>Entinen <strong><a href=\"https:\/\/kaaoszine.fi\/aiheet\/megadeth\/\" rel=\"nofollow noopener\" target=\"_blank\">Megadethin<\/a><\/strong> basisti <a href=\"https:\/\/kaaoszine.fi\/?s=david+ellefson\" rel=\"nofollow noopener\" target=\"_blank\">David Ellefson<\/a> on kommentoinut tuoreeltaan Dave Mustainen ilmoitusta, jonka mukaan yhtyeen tuleva albumi ja vuonna 2026 j\u00e4rjestett\u00e4v\u00e4 j\u00e4\u00e4hyv\u00e4iskiertue j\u00e4\u00e4v\u00e4t b\u00e4ndin viimeiseksi. Ellefsonin mukaan h\u00e4n ei ole varma, onko kyse lopullisesta p\u00e4\u00e4t\u00f6ksest\u00e4 vai vain markkinointikeinosta.<\/p>\n<blockquote class=\"wp-block-quote is-layout-flow wp-block-quote-is-layout-flow\">\n<p>\u201dJos t\u00e4m\u00e4 todella on j\u00e4\u00e4hyv\u00e4iskiertue eik\u00e4 vain tapa myyd\u00e4 enemm\u00e4n lippuja, niin hyv\u00e4. Mutta olemme n\u00e4hneet t\u00e4m\u00e4n ennen \u2013 b\u00e4ndit lopettavat ja palaavat takaisin, kun tarjoukset kasvavat. Jos Dave oikeasti haluaa lopettaa, toivon ett\u00e4 h\u00e4n tekee sen arvokkaasti ja tyylill\u00e4\u201d, Ellefson sanoi AlternativeNation.netille.\n<\/p>\n<\/blockquote>\n<p>Ellefson vertasi tilannetta <strong>Black Sabbathin <\/strong>\u201d<a href=\"https:\/\/backtothebeginning.com\/\" rel=\"nofollow noopener\" target=\"_blank\">Back To The Beginning<\/a>\u201d -konserttiin, jossa Ozzy Osbourne, Tony Iommi, Geezer Butler ja Bill Ward nousivat viel\u00e4 kerran yhdess\u00e4 lavalle hyv\u00e4stelem\u00e4\u00e4n faninsa. H\u00e4nen mielest\u00e4\u00e4n my\u00f6s Megadeth voisi tarjota faneille vastaavanlaisen hetken.<\/p>\n<p>Artikkeli jatkuu mainoksen j\u00e4lkeen<a class=\"gofollow\" data-track=\"MjcwNSw0MCwxLDYw\" href=\"https:\/\/www.lippu.fi\/eventseries\/name-3997441\" rel=\"nofollow noopener\" target=\"_blank\"><img decoding=\"async\" src=\"https:\/\/www.europesays.com\/fi\/wp-content\/uploads\/2025\/10\/mayhem-fin-2026-kaaos-980x400-1.jpg\"\/><\/a>Mainos p\u00e4\u00e4ttyy<\/p>\n<p>Vaikka Ellefson ei ole puhunut Mustainen kanssa l\u00e4hes viiteen vuoteen, h\u00e4n ei sulje ovea kokonaan:<\/p>\n<blockquote class=\"wp-block-quote is-layout-flow wp-block-quote-is-layout-flow\">\n<p>\u201dJos he pyyt\u00e4isiv\u00e4t, osallistuisin mielell\u00e4ni jollain tavalla. Olisi hienoa, jos kaikki, jotka ovat olleet rakentamassa t\u00e4t\u00e4 b\u00e4ndi\u00e4, saisivat mahdollisuuden sanoa hyv\u00e4stit.\u201d\n<\/p>\n<\/blockquote>\n<p>Ellefson liittyi Megadethiin vuonna 1983 ja pysyi mukana vuoteen 2002. Paluun j\u00e4lkeen vuonna 2010 h\u00e4n soitti b\u00e4ndiss\u00e4 vuoteen 2021 asti, jolloin Mustaine erotti h\u00e4net kohujen seurauksena. Sittemmin Ellefson on keskittynyt projekteihin kuten <strong>Ellefson-Soto<\/strong> sek\u00e4 omaan podcastiinsa.<\/p>\n<p>Artikkeli jatkuu mainoksen j\u00e4lkeen<a class=\"gofollow\" data-track=\"MjY5Niw0MSwxLDYw\" href=\"https:\/\/www.ticketmaster.fi\/event\/508527627\" rel=\"nofollow noopener\" target=\"_blank\"><img decoding=\"async\" src=\"https:\/\/www.europesays.com\/fi\/wp-content\/uploads\/2025\/09\/kreator-fin-2026-kaaos-980x400-1.jpg\"\/><\/a>Mainos p\u00e4\u00e4ttyy<\/p>\n<p><strong>Megadethin <\/strong><a href=\"https:\/\/kaaoszine.fi\/megadeth-julkaisee-viimeisen-albuminsa-ensimmaisen-singlen-tipping-point-ensi-viikolla\/\" rel=\"nofollow noopener\" target=\"_blank\">j\u00e4\u00e4hyv\u00e4iskiertue<\/a> on suunniteltu vuodelle 2026. J\u00e4\u00e4 n\u00e4ht\u00e4v\u00e4ksi, pit\u00e4\u00e4k\u00f6 Mustainen ilmoitus paikkansa vai onko kyseess\u00e4 j\u00e4lleen yksi \u201dfarewell\u201d-kiertue, joka ei koskaan j\u00e4\u00e4 lopulliseksi. Ellefsonin skeptiset kommentit kuvastavat fanienkin ep\u00e4ilyksi\u00e4.<\/p>\n<p><a class=\"gofollow\" data-track=\"MjcwNyw0OCwxLDYw\" href=\"https:\/\/www.ticketmaster.fi\/event\/3204916\" rel=\"nofollow noopener\" target=\"_blank\"><img decoding=\"async\" src=\"https:\/\/www.europesays.com\/fi\/wp-content\/uploads\/2025\/10\/electric-callboy-980x400-1.jpg\"\/><\/a>        <\/p>\n","protected":false},"excerpt":{"rendered":"Entinen Megadethin basisti David Ellefson on kommentoinut tuoreeltaan Dave Mustainen ilmoitusta, jonka mukaan yhtyeen tuleva albumi ja vuonna&hellip;\n","protected":false},"author":2,"featured_media":57085,"comment_status":"","ping_status":"","sticky":false,"template":"","format":"standard","meta":{"footnotes":""},"categories":[132],"tags":[13495,137,33,31,30,3548,195,47,32,109],"class_list":{"0":"post-57084","1":"post","2":"type-post","3":"status-publish","4":"format-standard","5":"has-post-thumbnail","7":"category-musiikki","8":"tag-david-ellefson","9":"tag-entertainment","10":"tag-fi","11":"tag-finland","12":"tag-finnish","13":"tag-megadeth","14":"tag-music","15":"tag-musiikki","16":"tag-suomi","17":"tag-viihde"},"share_on_mastodon":{"url":"","error":""},"_links":{"self":[{"href":"https:\/\/www.europesays.com\/fi\/wp-json\/wp\/v2\/posts\/57084","targetHints":{"allow":["GET"]}}],"collection":[{"href":"https:\/\/www.europesays.com\/fi\/wp-json\/wp\/v2\/posts"}],"about":[{"href":"https:\/\/www.europesays.com\/fi\/wp-json\/wp\/v2\/types\/post"}],"author":[{"embeddable":true,"href":"https:\/\/www.europesays.com\/fi\/wp-json\/wp\/v2\/users\/2"}],"replies":[{"embeddable":true,"href":"https:\/\/www.europesays.com\/fi\/wp-json\/wp\/v2\/comments?post=57084"}],"version-history":[{"count":0,"href":"https:\/\/www.europesays.com\/fi\/wp-json\/wp\/v2\/posts\/57084\/revisions"}],"wp:featuredmedia":[{"embeddable":true,"href":"https:\/\/www.europesays.com\/fi\/wp-json\/wp\/v2\/media\/57085"}],"wp:attachment":[{"href":"https:\/\/www.europesays.com\/fi\/wp-json\/wp\/v2\/media?parent=57084"}],"wp:term":[{"taxonomy":"category","embeddable":true,"href":"https:\/\/www.europesays.com\/fi\/wp-json\/wp\/v2\/categories?post=57084"},{"taxonomy":"post_tag","embeddable":true,"href":"https:\/\/www.europesays.com\/fi\/wp-json\/wp\/v2\/tags?post=57084"}],"curies":[{"name":"wp","href":"https:\/\/api.w.org\/{rel}","templated":true}]}}