{"id":57086,"date":"2025-10-09T10:48:08","date_gmt":"2025-10-09T10:48:08","guid":{"rendered":"https:\/\/www.europesays.com\/fi\/57086\/"},"modified":"2025-10-09T10:48:08","modified_gmt":"2025-10-09T10:48:08","slug":"herra-ylpon-elokuva-saapuu-elokuvateattereihin-marraskuussa","status":"publish","type":"post","link":"https:\/\/www.europesays.com\/fi\/57086\/","title":{"rendered":"Herra Ylp\u00f6n elokuva saapuu elokuvateattereihin marraskuussa"},"content":{"rendered":"<p>Rockmuusikko <strong>Herra Ylpp\u00f6 <\/strong>tekee pitk\u00e4n elokuvan debyyttins\u00e4 teoksella Kronos Kairos, joka saa valtakunnallisen teatterilevityksen 7. marraskuuta alkaen. Herra Ylp\u00f6n ohjausty\u00f6n on kuvailtu olevan omakohtainen ja surrealistinen kertomus avioerosta, joka johtaa tinnitukseen ja irrationaaliseen el\u00e4m\u00e4nhallinnan etsint\u00e4\u00e4n. <\/p>\n<p>Elokuva sai ensiesityksens\u00e4 kes\u00e4ll\u00e4 Sodankyl\u00e4n elokuvajuhlilla, miss\u00e4 se her\u00e4tti huomiota visuaalisella intensiteetill\u00e4\u00e4n ja poikkeuksellisella tyylill\u00e4\u00e4n. <strong>Aki Kaurism\u00e4ki<\/strong> on kutsunut elokuvaa \u201dsurrealistiseksi mestariteokseksi\u201d. Ylp\u00f6n ohella k\u00e4sikirjoituksesta vastaa <strong>Mika L\u00e4tti.<\/strong><\/p>\n<p><strong>Mira Luodin<\/strong> esitt\u00e4m\u00e4 moderni Dulcinea ilmoittaa l\u00f6yt\u00e4neens\u00e4 uuden miehen, ja hyl\u00e4tyksi j\u00e4\u00e4nyt harhailija (<strong>Toni \u201dProtoni\u201d J\u00e4rvinen<\/strong>) ajautuu korvien soinnin ja todellisuuden h\u00e4m\u00e4rtymisen sumentamaan v\u00e4litilaan. H\u00e4n l\u00f6yt\u00e4\u00e4 toverikseen \u00e4yri\u00e4isallergiasta k\u00e4rsiv\u00e4n palkkamurhaajan, ja entisten virheiden korjaaminen kietoutuu oudon konkreettisesti uuden strippitangon rakentamiseen.<\/p>\n<p>Sodankyl\u00e4n elokuvajuhlien esittelytekstini mukaan Ylp\u00f6n pitk\u00e4n elokuvan debyytti ammentaa vaikutteita niin science fictionista kuin mustasta huumorista. Teoksen kuvamaailmassa on viitteit\u00e4 <strong>Orson Wellesin, Terry Gilliamin<\/strong> ja <strong>David Lynchin<\/strong> maailmoihin \u2014 utopistista melankoliaa, joka kuljettaa hahmot kuin vieraalle planeetalle.<\/p>\n<p>Ylpp\u00f6 kiert\u00e4\u00e4 esittelem\u00e4ss\u00e4 Kronos Kairos -elokuvaa ensi-illan j\u00e4lkeen yleis\u00f6n\u00e4yt\u00f6ksiss\u00e4 eri teattereissa. Kiertueen aikataulut julkaistaan my\u00f6hemmin. Katso traileri alta.<\/p>\n<p><img loading=\"lazy\" decoding=\"async\" alt=\"YouTube video\" width=\"480\" height=\"360\" data-pin-nopin=\"true\" nopin=\"nopin\" class=\"perfmatters-lazy\" src=\"https:\/\/www.europesays.com\/fi\/wp-content\/uploads\/2025\/10\/1760006888_576_hqdefault.jpg\"\/><\/p>\n<p>Lue my\u00f6s: <a href=\"https:\/\/www.episodi.fi\/uutiskirje\/?uutiskirjemainos=tekstilinkkimainos\" title=\"Tilaa Episodin uutiskirje ja voit voittaa leffalippuja! Nappaa tv-vinkit suoraan s\u00e4hk\u00f6postiin t\u00e4st\u00e4.\" class=\"underline-custom !font-montserrat !font-bold !underline-offset-4 !decoration-4 !decoration-episodi-blue !text-md\" rel=\"nofollow noopener\" target=\"_blank\">Tilaa Episodin uutiskirje ja voit voittaa leffalippuja! Nappaa katseluvinkit suoraan s\u00e4hk\u00f6postiin t\u00e4st\u00e4.<\/a><\/p>\n","protected":false},"excerpt":{"rendered":"Rockmuusikko Herra Ylpp\u00f6 tekee pitk\u00e4n elokuvan debyyttins\u00e4 teoksella Kronos Kairos, joka saa valtakunnallisen teatterilevityksen 7. marraskuuta alkaen. Herra&hellip;\n","protected":false},"author":2,"featured_media":57087,"comment_status":"","ping_status":"","sticky":false,"template":"","format":"standard","meta":{"footnotes":""},"categories":[131],"tags":[155,137,33,173,31,30,13496,172,32,109],"class_list":{"0":"post-57086","1":"post","2":"type-post","3":"status-publish","4":"format-standard","5":"has-post-thumbnail","7":"category-elokuvat","8":"tag-elokuvat","9":"tag-entertainment","10":"tag-fi","11":"tag-film","12":"tag-finland","13":"tag-finnish","14":"tag-herra-ylppo","15":"tag-movies","16":"tag-suomi","17":"tag-viihde"},"share_on_mastodon":{"url":"","error":""},"_links":{"self":[{"href":"https:\/\/www.europesays.com\/fi\/wp-json\/wp\/v2\/posts\/57086","targetHints":{"allow":["GET"]}}],"collection":[{"href":"https:\/\/www.europesays.com\/fi\/wp-json\/wp\/v2\/posts"}],"about":[{"href":"https:\/\/www.europesays.com\/fi\/wp-json\/wp\/v2\/types\/post"}],"author":[{"embeddable":true,"href":"https:\/\/www.europesays.com\/fi\/wp-json\/wp\/v2\/users\/2"}],"replies":[{"embeddable":true,"href":"https:\/\/www.europesays.com\/fi\/wp-json\/wp\/v2\/comments?post=57086"}],"version-history":[{"count":0,"href":"https:\/\/www.europesays.com\/fi\/wp-json\/wp\/v2\/posts\/57086\/revisions"}],"wp:featuredmedia":[{"embeddable":true,"href":"https:\/\/www.europesays.com\/fi\/wp-json\/wp\/v2\/media\/57087"}],"wp:attachment":[{"href":"https:\/\/www.europesays.com\/fi\/wp-json\/wp\/v2\/media?parent=57086"}],"wp:term":[{"taxonomy":"category","embeddable":true,"href":"https:\/\/www.europesays.com\/fi\/wp-json\/wp\/v2\/categories?post=57086"},{"taxonomy":"post_tag","embeddable":true,"href":"https:\/\/www.europesays.com\/fi\/wp-json\/wp\/v2\/tags?post=57086"}],"curies":[{"name":"wp","href":"https:\/\/api.w.org\/{rel}","templated":true}]}}