{"id":57092,"date":"2025-10-09T10:54:08","date_gmt":"2025-10-09T10:54:08","guid":{"rendered":"https:\/\/www.europesays.com\/fi\/57092\/"},"modified":"2025-10-09T10:54:08","modified_gmt":"2025-10-09T10:54:08","slug":"tallaisella-viiveella-prh-pystyy-kasittelemaan-loppuvuoden-ilmoituksia-kaupparekisteriin","status":"publish","type":"post","link":"https:\/\/www.europesays.com\/fi\/57092\/","title":{"rendered":"T\u00e4llaisella viiveell\u00e4 PRH pystyy k\u00e4sittelem\u00e4\u00e4n loppuvuoden ilmoituksia kaupparekisteriin"},"content":{"rendered":"<p class=\"gb-ingress__content\">\n\t\t\t\tKaupparekisteriin saapuvien ilmoitusten m\u00e4\u00e4r\u00e4 kasvaa runsaasti loppuvuodesta, kertoo PRH.\t\t\t<\/p>\n<p>Rekister\u00f6inti-ilmoitusten ruuhkat Patentti- ja rekisterihallituksessa (PRH) jatkuvat. Syyskuun puoliv\u00e4liss\u00e4 PRH kertoi, ett\u00e4 suman purkamista jatketaan vuodenvaihteeseen asti. Nyt PRH on julkaissut uusia aikatauluarvioita siit\u00e4, mihin menness\u00e4 PRH:een saapuneet ilmoitukset ehdit\u00e4\u00e4n k\u00e4sitell\u00e4 vuodenvaihteeseen menness\u00e4.<\/p>\n<p>PRH:n mukaan YTJ-palvelussa tehdyn osakeyhti\u00f6n tai yksityisen elinkeinonharjoittajan (toiminimiyritt\u00e4j\u00e4n) perustamisilmoitukset pyrit\u00e4\u00e4n rekister\u00f6im\u00e4\u00e4n viel\u00e4 t\u00e4m\u00e4n vuoden aikana, jos ilmoitus on saapunut PRH:een viimeist\u00e4\u00e4n maanantaina 1. joulukuuta.<\/p>\n<p>YTJ-palvelussa ilmoitetun muutoksen yrityksen toimielimiin PRH pyrkii tiedotteen mukaan niin ik\u00e4\u00e4n rekister\u00f6im\u00e4\u00e4n viel\u00e4 t\u00e4m\u00e4n vuoden aikana, jos ilmoitus on saapunut PRH:een viimeist\u00e4\u00e4n maanantaina 1. joulukuuta.<\/p>\n<p>\u2013 Valitettavasti emme v\u00e4ltt\u00e4m\u00e4tt\u00e4 en\u00e4\u00e4 ehdi rekister\u00f6id\u00e4 t\u00e4m\u00e4n vuoden aikana muita perustamis- ja muutosilmoituksia, PRH:n tiedotteessa todetaan.<\/p>\n<p>PRH on aiemmin kertonut, ett\u00e4 se pyrkii rekister\u00f6im\u00e4\u00e4n muut ilmoitukset vuodenvaihteeseen menness\u00e4, jos ne ovat olleet perill\u00e4 PRH:ssa viimeist\u00e4\u00e4n 22. syyskuuta.<\/p>\n<p>Sulautumis- tai jakautumissuunnitelmaa koskevat ilmoitukset tai kuulutushakemukset pyrit\u00e4\u00e4n rekister\u00f6im\u00e4\u00e4n viel\u00e4 t\u00e4m\u00e4n vuoden aikana, jos ne saapuvat perille viimeist\u00e4\u00e4n maanantaina 1. joulukuuta.<\/p>\n<p>Sulautumisten tai jakautumisten t\u00e4yt\u00e4nt\u00f6\u00f6npanoa koskevan ilmoituksen t\u00e4ytyy olla perill\u00e4 PRH:ssa viimeist\u00e4\u00e4n 1. joulukuuta, jos t\u00e4yt\u00e4nt\u00f6\u00f6npano halutaan kaupparekisteriin vuodenvaihteessa.<\/p>\n<p>Sulautumisten ja jakautumisten t\u00e4yt\u00e4nt\u00f6\u00f6npanoihin liittyvien yrityskiinnityshakemusten ja -ilmoitusten t\u00e4ytyy olla PRH:ssa viimeist\u00e4\u00e4n 1. joulukuuta, jos t\u00e4yt\u00e4nt\u00f6\u00f6npano halutaan kaupparekisteriin vuodenvaihteessa.<\/p>\n<p>\t\t\t\t\t\tVinkkaa meille juttuaihe!<\/p>\n<p>                            Vinkkaa meille juttuaihe!<\/p>\n","protected":false},"excerpt":{"rendered":"Kaupparekisteriin saapuvien ilmoitusten m\u00e4\u00e4r\u00e4 kasvaa runsaasti loppuvuodesta, kertoo PRH. Rekister\u00f6inti-ilmoitusten ruuhkat Patentti- ja rekisterihallituksessa (PRH) jatkuvat. Syyskuun puoliv\u00e4liss\u00e4&hellip;\n","protected":false},"author":2,"featured_media":57093,"comment_status":"","ping_status":"","sticky":false,"template":"","format":"standard","meta":{"footnotes":"","_share_on_mastodon":"0"},"categories":[76],"tags":[79,77,33,31,30,4393,32,78],"class_list":["post-57092","post","type-post","status-publish","format-standard","has-post-thumbnail","category-talous","tag-business","tag-economy","tag-fi","tag-finland","tag-finnish","tag-prh","tag-suomi","tag-talous"],"share_on_mastodon":{"url":"","error":""},"_links":{"self":[{"href":"https:\/\/www.europesays.com\/fi\/wp-json\/wp\/v2\/posts\/57092","targetHints":{"allow":["GET"]}}],"collection":[{"href":"https:\/\/www.europesays.com\/fi\/wp-json\/wp\/v2\/posts"}],"about":[{"href":"https:\/\/www.europesays.com\/fi\/wp-json\/wp\/v2\/types\/post"}],"author":[{"embeddable":true,"href":"https:\/\/www.europesays.com\/fi\/wp-json\/wp\/v2\/users\/2"}],"replies":[{"embeddable":true,"href":"https:\/\/www.europesays.com\/fi\/wp-json\/wp\/v2\/comments?post=57092"}],"version-history":[{"count":0,"href":"https:\/\/www.europesays.com\/fi\/wp-json\/wp\/v2\/posts\/57092\/revisions"}],"wp:featuredmedia":[{"embeddable":true,"href":"https:\/\/www.europesays.com\/fi\/wp-json\/wp\/v2\/media\/57093"}],"wp:attachment":[{"href":"https:\/\/www.europesays.com\/fi\/wp-json\/wp\/v2\/media?parent=57092"}],"wp:term":[{"taxonomy":"category","embeddable":true,"href":"https:\/\/www.europesays.com\/fi\/wp-json\/wp\/v2\/categories?post=57092"},{"taxonomy":"post_tag","embeddable":true,"href":"https:\/\/www.europesays.com\/fi\/wp-json\/wp\/v2\/tags?post=57092"}],"curies":[{"name":"wp","href":"https:\/\/api.w.org\/{rel}","templated":true}]}}