{"id":57160,"date":"2025-10-09T12:40:09","date_gmt":"2025-10-09T12:40:09","guid":{"rendered":"https:\/\/www.europesays.com\/fi\/57160\/"},"modified":"2025-10-09T12:40:09","modified_gmt":"2025-10-09T12:40:09","slug":"rmj-ja-rockfest-jaavat-pitamatta-ensi-vuonna-jarjestelyt-liian-kalliita-satakunta","status":"publish","type":"post","link":"https:\/\/www.europesays.com\/fi\/57160\/","title":{"rendered":"RMJ ja Rockfest j\u00e4\u00e4v\u00e4t pit\u00e4m\u00e4tt\u00e4 ensi vuonna \u2013 j\u00e4rjestelyt liian kalliita | Satakunta"},"content":{"rendered":"<p class=\"aw-1gybjub aw-5vja16 ghpEtB kjanFo yle__article__paragraph\">Nelonen Media Liven mukaan festivaalien k\u00e4vij\u00e4m\u00e4\u00e4r\u00e4t ja lipunmyynti eiv\u00e4t ole kehittyneet toivotulla tavalla suhteessa taloudellisiin panostuksiin.<\/p>\n<p><img decoding=\"async\" alt=\"Ihmisi\u00e4 kulkee festariyleis\u00f6ss\u00e4. Takana n\u00e4kyy iso lava.\" src=\"https:\/\/www.europesays.com\/fi\/wp-content\/uploads\/2025\/10\/39-1481407684e771288f1e.jpeg\" class=\"aw-1l9m598 hKVVvP\"\/><\/p>\n<p>Avaa kuvien katselu<\/p>\n<p>Rockfestin historia Turussa j\u00e4i yhden kes\u00e4n mittaiseksi. Kuva: Niki Soukkio \/ Nelonen Media Live<\/p>\n<p>15:08\u2022P\u00e4ivitetty 15:18<\/p>\n<p class=\"aw-1gybjub aw-1p7kakr ghpEtB jtovHP yle__article__paragraph\">Sek\u00e4 Raumanmeren juhannus ett\u00e4 Rockfest j\u00e4\u00e4v\u00e4t j\u00e4rjest\u00e4m\u00e4tt\u00e4 ensi kes\u00e4n\u00e4.<\/p>\n<p class=\"aw-1gybjub aw-1p7kakr ghpEtB jtovHP yle__article__paragraph\">P\u00e4\u00e4t\u00f6ksen taustalla ovat viime vuosina merkitt\u00e4v\u00e4sti eri sektoreilla kasvaneet tapahtumatuotannon kustannukset, erityisesti ohjelmasis\u00e4lt\u00f6jen ja festivaalituotannon osalta, kertoo Nelonen Media Live tiedotteessaan.<\/p>\n<p class=\"aw-1gybjub aw-1p7kakr ghpEtB jtovHP yle__article__paragraph\">Tapahtumaj\u00e4rjest\u00e4j\u00e4n mukaan festivaalien k\u00e4vij\u00e4m\u00e4\u00e4r\u00e4t ja lipunmyynti eiv\u00e4t ole kehittyneet toivotulla tavalla suhteessa taloudellisiin panostuksiin.<\/p>\n<p class=\"aw-1gybjub aw-1p7kakr ghpEtB jtovHP yle__article__paragraph\">Ensimm\u00e4isen kerran RMJ villitsi Rauman Otanlahdella vuonna 1999. Nykymuotoisena festivaali on j\u00e4rjestetty vuodesta 2016 l\u00e4htien.<\/p>\n<p class=\"aw-1gybjub aw-1p7kakr ghpEtB jtovHP yle__article__paragraph\">Vuodesta 2017 j\u00e4rjestetty Rockfest pidettiin t\u00e4n\u00e4 kes\u00e4n\u00e4 ensimm\u00e4isen \u2013 ja toistaiseksi viimeisen \u2013 kerran Turussa.<\/p>\n","protected":false},"excerpt":{"rendered":"Nelonen Media Liven mukaan festivaalien k\u00e4vij\u00e4m\u00e4\u00e4r\u00e4t ja lipunmyynti eiv\u00e4t ole kehittyneet toivotulla tavalla suhteessa taloudellisiin panostuksiin. Avaa kuvien&hellip;\n","protected":false},"author":2,"featured_media":57161,"comment_status":"","ping_status":"","sticky":false,"template":"","format":"standard","meta":{"footnotes":""},"categories":[12],"tags":[22,23,26,27,970,33,31,30,17,71,24,25,28,29,15,18,21,13502,3642,968,32,1667,19,20,662,16,663],"class_list":{"0":"post-57160","1":"post","2":"type-post","3":"status-publish","4":"format-standard","5":"has-post-thumbnail","7":"category-suomi","8":"tag-breaking-news","9":"tag-breakingnews","10":"tag-featured-news","11":"tag-featurednews","12":"tag-festivaalit","13":"tag-fi","14":"tag-finland","15":"tag-finnish","16":"tag-headlines","17":"tag-kotimaa","18":"tag-latest-news","19":"tag-latestnews","20":"tag-main-news","21":"tag-mainnews","22":"tag-news","23":"tag-otsikot","24":"tag-paauutiset","25":"tag-popmusiikin-festivaalit","26":"tag-rauma","27":"tag-satakunta","28":"tag-suomi","29":"tag-tapahtumat","30":"tag-top-stories","31":"tag-topstories","32":"tag-turku","33":"tag-uutiset","34":"tag-varsinais-suomi"},"share_on_mastodon":{"url":"","error":""},"_links":{"self":[{"href":"https:\/\/www.europesays.com\/fi\/wp-json\/wp\/v2\/posts\/57160","targetHints":{"allow":["GET"]}}],"collection":[{"href":"https:\/\/www.europesays.com\/fi\/wp-json\/wp\/v2\/posts"}],"about":[{"href":"https:\/\/www.europesays.com\/fi\/wp-json\/wp\/v2\/types\/post"}],"author":[{"embeddable":true,"href":"https:\/\/www.europesays.com\/fi\/wp-json\/wp\/v2\/users\/2"}],"replies":[{"embeddable":true,"href":"https:\/\/www.europesays.com\/fi\/wp-json\/wp\/v2\/comments?post=57160"}],"version-history":[{"count":0,"href":"https:\/\/www.europesays.com\/fi\/wp-json\/wp\/v2\/posts\/57160\/revisions"}],"wp:featuredmedia":[{"embeddable":true,"href":"https:\/\/www.europesays.com\/fi\/wp-json\/wp\/v2\/media\/57161"}],"wp:attachment":[{"href":"https:\/\/www.europesays.com\/fi\/wp-json\/wp\/v2\/media?parent=57160"}],"wp:term":[{"taxonomy":"category","embeddable":true,"href":"https:\/\/www.europesays.com\/fi\/wp-json\/wp\/v2\/categories?post=57160"},{"taxonomy":"post_tag","embeddable":true,"href":"https:\/\/www.europesays.com\/fi\/wp-json\/wp\/v2\/tags?post=57160"}],"curies":[{"name":"wp","href":"https:\/\/api.w.org\/{rel}","templated":true}]}}