{"id":57228,"date":"2025-10-09T14:41:13","date_gmt":"2025-10-09T14:41:13","guid":{"rendered":"https:\/\/www.europesays.com\/fi\/57228\/"},"modified":"2025-10-09T14:41:13","modified_gmt":"2025-10-09T14:41:13","slug":"ensitreffit-alttarilla-asiantuntijat-ihmettelevat-artun-toimintaa","status":"publish","type":"post","link":"https:\/\/www.europesays.com\/fi\/57228\/","title":{"rendered":"Ensitreffit alttarilla: Asiantuntijat ihmettelev\u00e4t Artun toimintaa"},"content":{"rendered":"<p>\n            Ensitreffit alttarilla Arttu<br \/>\n            MTV\n        <\/p>\n<p class=\"subtitle \">Arttua loistaa poissaolollaan uusimmassa Ensitreffit alttarilla -jaksossa.<\/p>\n<p class=\"article-content article-content-width !bg-background\">Ensitreffit<br \/>\nalttarilla -ohjelman seuraavassa jaksossa parit tapaavat toisensa. Yksi pari on<br \/>\nkuitenkin joukosta poissa. Jakso on nyt katsottavissa MTV Katsomo+:ssa. <\/p>\n<p class=\"article-content article-content-width !bg-background\">Ohjelman<br \/>\nasiantuntijat paljastavat, mik\u00e4 tilanne  ja  suhteen on. Edellisess\u00e4<br \/>\njaksossa n\u00e4htiin Julia kertovan, ettei h\u00e4n halua en\u00e4\u00e4 yritt\u00e4\u00e4 parisuhdetta Artun<br \/>\nkanssa, eik\u00e4 edes yst\u00e4vyytt\u00e4. <\/p>\n<p class=\"article-content article-content-width !bg-background\">\u2013 Suurin haaste on,<br \/>\nett\u00e4 Arttu ei pysty kuulemaan Julian asettamaa rajaa ja toistuvasti tulee astuneeksi<br \/>\nsen yli tahtomattaan. Pyyt\u00e4\u00e4 kyll\u00e4 anteeksi ja ottaa vastuun, mutta se sama toistuu<br \/>\nuudelleen ja uudelleen, jolloin tilanne on tosi kivulias, psykologi  kuvailee.<\/p>\n<p class=\"article-content article-content-width !bg-background\">\u2013 Helposti syntyy<br \/>\nisoja tulkintoja, tosi voimakkaita tunnereaktioita toisen sanomisista, ja ne<br \/>\nkoskettaa semmoisia alueita, jotka on todella kivuliaita ja syvi\u00e4. Ajattelen<br \/>\nt\u00e4ss\u00e4 kohtaa, ett\u00e4 ryhm\u00e4ty\u00f6skentely ei palvele heit\u00e4 parhaiten.<\/p>\n<p>        <a itemprop=\"url\" href=\"https:\/\/www.seiska.fi\/katso\/ensitreffit-alttarilla-pari-ero\/1948427\" rel=\"nofollow noopener\" target=\"_blank\"><\/p>\n<p>\nEnsitreffit alttarilla -pari:\n<\/p>\n<p class=\"section-date\">\n        <strong class=\"article-section\" data-section=\"katso\"><br \/>\n            katso<br \/>\n        <\/strong><br \/>\n        2.10. 05:15\n    <\/p>\n<p>Ensitreffit alttarilla -pari: Ero!\n    <\/p>\n<p itemprop=\"description\" class=\"subtitle \">\n    Ensitreffit alttarilla -kauden pareista yhden yhteinen matka p\u00e4\u00e4ttyi ennen kuin se ehti oikein alkaakaan.\n<\/p>\n<p>        <\/a><\/p>\n<p>                <img decoding=\"async\" src=\"https:\/\/www.europesays.com\/fi\/wp-content\/uploads\/2025\/10\/1760020873_341_1948449.webp\" width=\"576\" height=\"274\" title=\"Julia ja Arttu ovat kokeneet tapahtumat hyvin eri tavoilla.\" alt=\"Ensitreffit alttarilla Julia ja Arttu\" loading=\"lazy\" \/>            <\/p>\n<p>\n            Julia ja Arttu ovat kokeneet tapahtumat hyvin eri tavoilla.<br \/>\n            MTV\n        <\/p>\n<p class=\"article-content article-content-width !bg-background\">Asiantuntijat ovatkin<br \/>\np\u00e4\u00e4tt\u00e4neet, etteiv\u00e4t Julia ja Arttu osallistu workshopiin. <\/p>\n<p class=\"article-content article-content-width !bg-background\">\u2013 Koemme, ett\u00e4 he<br \/>\ntarvitsevat enemm\u00e4n aikaa ja rauhaa yksil\u00f6lliseen asioiden ty\u00f6st\u00f6\u00f6n, pariterapeutti  selvent\u00e4\u00e4.<\/p>\n<p>Tilanne umpikujassa<\/p>\n<p class=\"article-content article-content-width !bg-background\">Julia on aiemmissa<br \/>\njaksoissa kertonut, ett\u00e4 h\u00e4lytyskellot alkoivat Artun suhteen soida jo h\u00e4\u00e4y\u00f6n\u00e4,<br \/>\njolloin Arttu oli h\u00e4nen mielest\u00e4\u00e4n m\u00e4\u00e4r\u00e4nnyt, ett\u00e4 Julia muuttaisi h\u00e4nen<br \/>\nkotipaikkakunnalleen Imatralle.<\/p>\n<p class=\"article-content article-content-width !bg-background\">H\u00e4\u00e4matkalla asiat<br \/>\nmeniv\u00e4t pahemman kerran solmuun, kun Julia koki Artun arvostelleen h\u00e4nen<br \/>\nulkon\u00e4k\u00f6\u00e4\u00e4n toistuvasti, mink\u00e4 Arttu kiisti. Joka tapauksessa Julia sulkeutui<br \/>\nkuoreensa, eik\u00e4 tilannetta saatu selvitetty\u00e4 edes asiantuntijoiden avulla.<\/p>\n<p class=\"italic m-italic article-content article-content-width !bg-background\">Ensitreffit<br \/>\nalttarilla torstaisin MTV3:lla ja MTV Katsomossa.<\/p>\n<p>        <a itemprop=\"url\" href=\"https:\/\/www.seiska.fi\/katso\/ensitreffit-alttarilla-ero-ihmetyttaa-katsojia-nayttaa-ylitulkitsevan\/1951204\" rel=\"nofollow noopener\" target=\"_blank\"><\/p>\n<p>\nEnsitreffit alttarilla\n<\/p>\n<p class=\"section-date\">\n        <strong class=\"article-section\" data-section=\"katso\"><br \/>\n            katso<br \/>\n        <\/strong><br \/>\n        3.10. 17:15\n    <\/p>\n<p>Ensitreffit alttarilla -ero ihmetytt\u00e4\u00e4 katsojia: &#8221;N\u00e4ytt\u00e4\u00e4 ylitulkitsevan&#8221;\n    <\/p>\n<p itemprop=\"description\" class=\"subtitle \">\n    Ensitreffit alttarilla -parin suhdekokeilu ei ottanut tuulta alleen.\n<\/p>\n<p>        <\/a><\/p>\n<p>        <a itemprop=\"url\" href=\"https:\/\/www.seiska.fi\/katso\/ensitreffit-alttarilla-pari-iina-ja-mikko-totuus-suhteesta\/1950644\" rel=\"nofollow noopener\" target=\"_blank\"><\/p>\n<p>\nEnsitreffit alttarilla: Iina ja Mikko\n<\/p>\n<p class=\"section-date\">\n        <strong class=\"article-section\" data-section=\"katso\"><br \/>\n            katso<br \/>\n        <\/strong><br \/>\n        3.10. 15:15\n    <\/p>\n<p>Ensitreffit alttarilla -pari Iina ja Mikko: Totuus suhteesta\n    <\/p>\n<p itemprop=\"description\" class=\"subtitle \">\n    Ensitreffit alttarilla -ohjelmassa yksi pari on tuntunut l\u00f6yt\u00e4neen yhteisen s\u00e4velen. Uudessa jaksossa he tekev\u00e4t kuitenkin paljastuksen.\n<\/p>\n<p>        <\/a><\/p>\n","protected":false},"excerpt":{"rendered":"Ensitreffit alttarilla Arttu MTV Arttua loistaa poissaolollaan uusimmassa Ensitreffit alttarilla -jaksossa. Ensitreffit alttarilla -ohjelman seuraavassa jaksossa parit tapaavat&hellip;\n","protected":false},"author":2,"featured_media":57229,"comment_status":"","ping_status":"","sticky":false,"template":"","format":"standard","meta":{"footnotes":""},"categories":[133],"tags":[1657,10614,9203,9202,137,33,31,30,2380,2379,32,206,156,109],"class_list":{"0":"post-57228","1":"post","2":"type-post","3":"status-publish","4":"format-standard","5":"has-post-thumbnail","7":"category-televisiot","8":"tag-ensitreffit-alttarilla","9":"tag-ensitreffit-alttarilla-arttu","10":"tag-ensitreffit-alttarilla-julia","11":"tag-enskari","12":"tag-entertainment","13":"tag-fi","14":"tag-finland","15":"tag-finnish","16":"tag-hanna-myllymaa","17":"tag-iida-makikallio","18":"tag-suomi","19":"tag-televisiot","20":"tag-tv","21":"tag-viihde"},"share_on_mastodon":{"url":"","error":""},"_links":{"self":[{"href":"https:\/\/www.europesays.com\/fi\/wp-json\/wp\/v2\/posts\/57228","targetHints":{"allow":["GET"]}}],"collection":[{"href":"https:\/\/www.europesays.com\/fi\/wp-json\/wp\/v2\/posts"}],"about":[{"href":"https:\/\/www.europesays.com\/fi\/wp-json\/wp\/v2\/types\/post"}],"author":[{"embeddable":true,"href":"https:\/\/www.europesays.com\/fi\/wp-json\/wp\/v2\/users\/2"}],"replies":[{"embeddable":true,"href":"https:\/\/www.europesays.com\/fi\/wp-json\/wp\/v2\/comments?post=57228"}],"version-history":[{"count":0,"href":"https:\/\/www.europesays.com\/fi\/wp-json\/wp\/v2\/posts\/57228\/revisions"}],"wp:featuredmedia":[{"embeddable":true,"href":"https:\/\/www.europesays.com\/fi\/wp-json\/wp\/v2\/media\/57229"}],"wp:attachment":[{"href":"https:\/\/www.europesays.com\/fi\/wp-json\/wp\/v2\/media?parent=57228"}],"wp:term":[{"taxonomy":"category","embeddable":true,"href":"https:\/\/www.europesays.com\/fi\/wp-json\/wp\/v2\/categories?post=57228"},{"taxonomy":"post_tag","embeddable":true,"href":"https:\/\/www.europesays.com\/fi\/wp-json\/wp\/v2\/tags?post=57228"}],"curies":[{"name":"wp","href":"https:\/\/api.w.org\/{rel}","templated":true}]}}