{"id":57287,"date":"2025-10-09T15:43:08","date_gmt":"2025-10-09T15:43:08","guid":{"rendered":"https:\/\/www.europesays.com\/fi\/57287\/"},"modified":"2025-10-09T15:43:08","modified_gmt":"2025-10-09T15:43:08","slug":"kaisa-juuso-jaatyi-koko-eduskunnan-edessa","status":"publish","type":"post","link":"https:\/\/www.europesays.com\/fi\/57287\/","title":{"rendered":"Kaisa Juuso j\u00e4\u00e4tyi koko eduskunnan edess\u00e4"},"content":{"rendered":"<p>Eduskunnan kyselytunnilla peloteltiin kuolemalla ja kerrottiin tarinoita tuupertuvista vanhuksista. <\/p>\n<p><img decoding=\"async\" class=\"image image-show image-preview\" src=\"https:\/\/www.europesays.com\/fi\/wp-content\/uploads\/2025\/10\/8beeceab5a65ae8a5d286f6ec36f20ecfef4e12239ec14cc514b1f7fc404dc69.jpg\" alt=\"\"\/><img decoding=\"async\" class=\"image image-show\" src=\"https:\/\/www.europesays.com\/fi\/wp-content\/uploads\/2025\/10\/1760024588_837_8beeceab5a65ae8a5d286f6ec36f20ecfef4e12239ec14cc514b1f7fc404dc69.jpg\" alt=\"\"\/><\/p>\n<p>Sosiaali- ja terveysministeri Kaisa Juuso joutui tiukkaan paikkaan torstain kyselytunnilla.  Miia Sir\u00e9n<\/p>\n<p class=\"paragraph\">Tunteet kuumenivat torstain kyselytunnilla, kun sosiaali- ja terveysministeri <strong>Kaisa Juuso<\/strong> (ps) joutui opposition grillattavaksi perusterveydenhuollon y\u00f6p\u00e4ivystysten sulkemisesta.<\/p>\n<p class=\"paragraph\">Keskustelun taustalla on perjantaina t\u00e4ysistunnon \u00e4\u00e4nestykseen tuleva kansalaisaloite, jossa vaaditaan Pohjois-Pohjanmaan Oulaskankaan y\u00f6p\u00e4ivystyksen s\u00e4ilytt\u00e4mist\u00e4. Sosiaali- ja terveysvaliokunta on esitt\u00e4nyt kansalaisaloitteen hylk\u00e4\u00e4mist\u00e4.<\/p>\n<p>Pelottelua kuolemalla<\/p>\n<p class=\"paragraph\">Oppositiopuolue keskustan kansanedustaja <strong>Timo Meht\u00e4l\u00e4<\/strong> sanoi, ett\u00e4 \u201dnyt on kysymys el\u00e4m\u00e4st\u00e4 ja kuolemasta\u201d. Meht\u00e4l\u00e4 kertoi tarinoita Pohjois-Pohjanmaan k\u00e4rsivist\u00e4 vanhuksista ja lapsista.<\/p>\n<p class=\"paragraph\">\u2013 Er\u00e4s vanhus kompuroi viimeisill\u00e4 voimillaan sairaalan eteiseen, tuupertuen siihen. H\u00e4n oli odotellut y\u00f6n yli hoitoon p\u00e4\u00e4sy\u00e4, h\u00e4n sanoi.<\/p>\n<p class=\"paragraph\">\u2013 Jonkin aikaa sitten pieni vauva pelastui vain siksi, ett\u00e4 Oulaskankaan y\u00f6p\u00e4ivystykseen oli lyhyt matka.<\/p>\n<p class=\"paragraph\">Ministeri Kaisa Juuso vastasi Meht\u00e4l\u00e4lle sanomalla, ett\u00e4 \u201dkeskustan pelottelu on itse asiassa aika j\u00e4rkytt\u00e4v\u00e4\u00e4\u201d. Juuson mukaan ihmisten ei tarvitse pel\u00e4t\u00e4 kuolemaa y\u00f6p\u00e4ivystyksen sulkemisen vuoksi, koska ensihoito toimii edelleen.<\/p>\n<p class=\"paragraph\">\u2013 Tuomitsen t\u00e4m\u00e4n keskustan pelottelukampanjan kuolemalla t\u00e4ysin, Juuso sanoi.<\/p>\n<p>Juuson j\u00e4\u00e4tyminen<\/p>\n<p class=\"paragraph\">Keskustan <strong>Hilkka Kemppi<\/strong> l\u00f6i lis\u00e4\u00e4 l\u00f6yly\u00e4 keskusteluun sanomalla, ett\u00e4 kyse ei ole keskustan pelottelusta vaan ihmisten huolista.<\/p>\n<p class=\"paragraph\">\u2013 Esimerkiksi Oulaskankaan osalta hyvinvointialue on todistanut t\u00e4ss\u00e4 talossa, ett\u00e4 heille tulee lis\u00e4\u00e4 kustannuksia, he eiv\u00e4t s\u00e4\u00e4st\u00e4, Kemppi sanoi.<\/p>\n<p class=\"paragraph\">Kemppi kysyi Juusolta, kuinka paljon h\u00e4n uskoo Oulaskankaan henkil\u00f6st\u00f6n siirtyv\u00e4n uuden ty\u00f6paikan per\u00e4ss\u00e4, kun matkat pitenev\u00e4t huomattavasti.<\/p>\n<p>Hilkka Kemppi sai Kaisa Juuson hiljaiseksi.  Pasi Liesimaa<\/p>\n<p class=\"paragraph\">\u2013 Minulla on se k\u00e4sitys, ett\u00e4 useimmille on tarjottu muuta ty\u00f6t\u00e4. T\u00e4ll\u00e4 hetkell\u00e4, kun viel\u00e4 osalla alueista, etenkin pohjoisessa, on pulaa hoitajista, uskon vakaasti, ett\u00e4 kaikille t\u00f6it\u00e4 l\u00f6ytyy. Ehk\u00e4 v\u00e4h\u00e4n eri paikassa sitten ja ei ole kolmivuoroty\u00f6t\u00e4, kuten ennen on ollut, Juuso aloitti puheenvuoronsa.<\/p>\n<p class=\"paragraph\">Seuraavaksi Juuso piti noin kymmenen sekunnin tauon ja n\u00e4ytti miettiv\u00e4n, mit\u00e4 seuraavaksi sanoisi. Sen j\u00e4lkeen puhe jatkui ja Juuso sanoi, ett\u00e4 nykyiset oppositiopuolueet ovat lakkauttaneet satoja terveysasemia ja vuodeosastoja.<\/p>\n<p>Kurviselle kovaa kuittailua<\/p>\n<p class=\"paragraph\">Grillaamista jatkoi keskustan eduskuntaryhm\u00e4n puheenjohtaja <strong>Antti Kurvinen<\/strong>, joka kysyi hallitukselta, onko se valmis parlamentaariseen yhteisty\u00f6h\u00f6n hyvinvointialueiden rahoituksen avaamiseksi.<\/p>\n<p class=\"paragraph\">\u2013 Keskusta on jo kaksi vuotta sitten tarjonnut, ojentanut k\u00e4tt\u00e4, ett\u00e4 yhdess\u00e4 parlamentaarisessa ty\u00f6ss\u00e4 miettisimme rahoituslain avaamista ja lis\u00e4rahoitusta.<\/p>\n<p>Anna-Kaisa Ikonen kuittaili Kurviselle ministeriaitiosta.  Pasi Liesimaa<\/p>\n<p class=\"paragraph\">Kunta- ja alueministeri <strong>Anna-Kaisa Ikonen<\/strong> sivalsi heti Kurvista tavalla, joka sai salin kohahtamaan.<\/p>\n<p class=\"paragraph\">\u2013 Oliko se esitys siin\u00e4 tyhj\u00e4ss\u00e4 paperissa, jonka te j\u00e4titte? Ikonen kysyi viitaten vuoden 2023 hallitustunnusteluihin, jolloin keskusta vastasi tunnustelijan kysymyksiin yhdell\u00e4 paperilla.<\/p>\n<p class=\"paragraph\">SDP:n <strong>Matias M\u00e4kynen<\/strong> ihmetteli ministereiden toimintaa.<\/p>\n<p class=\"paragraph\">\u2013 T\u00e4ytyy ihmetell\u00e4, ett\u00e4 ministerit t\u00e4\u00e4ll\u00e4 naureskelevat kansanedustajien vastauksille ja v\u00e4h\u00e4ttelev\u00e4t kansalaisten huolia, kun heid\u00e4n y\u00f6p\u00e4ivystyksi\u00e4\u00e4n lakkautetaan.<\/p>\n","protected":false},"excerpt":{"rendered":"Eduskunnan kyselytunnilla peloteltiin kuolemalla ja kerrottiin tarinoita tuupertuvista vanhuksista. Sosiaali- ja terveysministeri Kaisa Juuso joutui tiukkaan paikkaan torstain&hellip;\n","protected":false},"author":2,"featured_media":57288,"comment_status":"","ping_status":"","sticky":false,"template":"","format":"standard","meta":{"footnotes":""},"categories":[12],"tags":[35,22,23,26,27,33,31,30,17,24,25,28,29,15,18,21,637,886,888,885,887,32,19,20,16],"class_list":{"0":"post-57287","1":"post","2":"type-post","3":"status-publish","4":"format-standard","5":"has-post-thumbnail","7":"category-suomi","8":"tag-24h","9":"tag-breaking-news","10":"tag-breakingnews","11":"tag-featured-news","12":"tag-featurednews","13":"tag-fi","14":"tag-finland","15":"tag-finnish","16":"tag-headlines","17":"tag-latest-news","18":"tag-latestnews","19":"tag-main-news","20":"tag-mainnews","21":"tag-news","22":"tag-otsikot","23":"tag-paauutiset","24":"tag-politiikka","25":"tag-puolueet","26":"tag-suomalaiset-poliitikot","27":"tag-suomen-poliittiset-puolueet","28":"tag-suomen-politiikka","29":"tag-suomi","30":"tag-top-stories","31":"tag-topstories","32":"tag-uutiset"},"share_on_mastodon":{"url":"","error":""},"_links":{"self":[{"href":"https:\/\/www.europesays.com\/fi\/wp-json\/wp\/v2\/posts\/57287","targetHints":{"allow":["GET"]}}],"collection":[{"href":"https:\/\/www.europesays.com\/fi\/wp-json\/wp\/v2\/posts"}],"about":[{"href":"https:\/\/www.europesays.com\/fi\/wp-json\/wp\/v2\/types\/post"}],"author":[{"embeddable":true,"href":"https:\/\/www.europesays.com\/fi\/wp-json\/wp\/v2\/users\/2"}],"replies":[{"embeddable":true,"href":"https:\/\/www.europesays.com\/fi\/wp-json\/wp\/v2\/comments?post=57287"}],"version-history":[{"count":0,"href":"https:\/\/www.europesays.com\/fi\/wp-json\/wp\/v2\/posts\/57287\/revisions"}],"wp:featuredmedia":[{"embeddable":true,"href":"https:\/\/www.europesays.com\/fi\/wp-json\/wp\/v2\/media\/57288"}],"wp:attachment":[{"href":"https:\/\/www.europesays.com\/fi\/wp-json\/wp\/v2\/media?parent=57287"}],"wp:term":[{"taxonomy":"category","embeddable":true,"href":"https:\/\/www.europesays.com\/fi\/wp-json\/wp\/v2\/categories?post=57287"},{"taxonomy":"post_tag","embeddable":true,"href":"https:\/\/www.europesays.com\/fi\/wp-json\/wp\/v2\/tags?post=57287"}],"curies":[{"name":"wp","href":"https:\/\/api.w.org\/{rel}","templated":true}]}}