{"id":57300,"date":"2025-10-09T16:01:07","date_gmt":"2025-10-09T16:01:07","guid":{"rendered":"https:\/\/www.europesays.com\/fi\/57300\/"},"modified":"2025-10-09T16:01:07","modified_gmt":"2025-10-09T16:01:07","slug":"gabbys-dollhouse-sarjaan-perustuva-elokuva-on-hypersoposteleva-sekametelisoppa","status":"publish","type":"post","link":"https:\/\/www.europesays.com\/fi\/57300\/","title":{"rendered":"Gabby\u2019s Dollhouse -sarjaan perustuva elokuva on hypers\u00f6p\u00f6stelev\u00e4 sekametelisoppa"},"content":{"rendered":"<p>Elokuva-arvio|Gabby\u2019s Dollhouse -sarjaan perustuva elokuva on hypers\u00f6p\u00f6stelev\u00e4 sekametelisoppa.<\/p>\n<p>Lue tiivistelm\u00e4<\/p>\n<p>Tiivistelm\u00e4 on teko\u00e4lyn tekem\u00e4 ja ihmisen tarkistama.<\/p>\n<p class=\"article-body mb-nof-24 px-nof-16 sndp-summary-bullet-point-font\">Gabby\u2019s Dollhouse -sarjaan perustuva elokuva on hypers\u00f6p\u00f6stelev\u00e4 sekametelisoppa, kirjoittaa Tuomo Yrttiaho.<\/p>\n<p class=\"article-body mb-nof-24 px-nof-16 sndp-summary-bullet-point-font\">Elokuvan huumoripuoli kaipaa ter\u00e4v\u00f6itt\u00e4mist\u00e4.<\/p>\n<p class=\"article-body mb-nof-24 px-nof-16 sndp-summary-bullet-point-font\">Pirte\u00e4t popmusikaalijaksot toimittavat sen, mit\u00e4 lupaavat.<\/p>\n<p class=\"article-body mb-nof-24 px-nof-16 sndp-summary-bullet-point-font\">Elokuva her\u00e4ttelee pohdintoja leikkimisen puolesta, mutta poukkoilu pist\u00e4\u00e4 p\u00e4\u00e4n py\u00f6r\u00e4lle, Yrttiaho kirjoittaa.<\/p>\n<p class=\"article-body mb-nof-24 px-nof-16\">Seikkailu<\/p>\n<p class=\"article-body mb-nof-24 px-nof-16\">Gabbyn nukketalo. Ohjaus Ryan Crego. 98 min. S. \u2605\u2605<\/p>\n<p class=\"article-body mb-nof-24 px-nof-16\">Kev\u00e4\u00e4ll\u00e4 uutisoitiin kuinka Minecraft-elokuva sai yleis\u00f6n riehaantumaan elokuvateattereissa ymp\u00e4ri maailmaa. Videot hurraavista ja popkornia heittelevist\u00e4 katsojista loivat hetkess\u00e4 itse\u00e4\u00e4n toistavan ilmi\u00f6n.<\/p>\n<p class=\"article-body mb-nof-24 px-nof-16\">Mahtaako Gabbyn nukkekoti -elokuvan tekij\u00f6ill\u00e4 olla toive samankaltaisesta ilakoinnista? Elokuva suorastaan yllytt\u00e4\u00e4 interaktiivisuuteen: sanotaan yhdess\u00e4, laula mukana, kovempaa!<\/p>\n<p class=\"article-body mb-nof-24 px-nof-16\">Tiistai-iltap\u00e4iv\u00e4n lehdist\u00f6n\u00e4yt\u00f6ksess\u00e4 eiv\u00e4t peffat penkist\u00e4 nouse, eik\u00e4 kukaan liidaa yhteislaulua. Elokuvan kohdeyleis\u00f6 on selv\u00e4sti jossain muualla kuin estoisissa kriitikoissa.<\/p>\n<p class=\"article-body mb-nof-24 px-nof-16\">Gabbyn nukketalo perustuu Netflixin interaktiiviseen lastenohjelmaan (2021\u2013), jonka p\u00e4\u00e4henkil\u00f6 on maagisia nukkekotileikkej\u00e4 leikkiv\u00e4 Gabby-tytt\u00f6 (<a class=\"article-personlink\" href=\"https:\/\/www.hs.fi\/haku\/?query=Laila%20Lockhart%20Kraner\" rel=\"nofollow noopener\" target=\"_blank\">Laila Lockhart Kraner<\/a>). <a class=\"article-personlink\" href=\"https:\/\/www.hs.fi\/haku\/?query=Traci%20Paige%20Johnsonin\" rel=\"nofollow noopener\" target=\"_blank\">Traci Paige Johnsonin<\/a> ja <a class=\"article-personlink\" href=\"https:\/\/www.hs.fi\/haku\/?query=Jennifer%20Twomeyn\" rel=\"nofollow noopener\" target=\"_blank\">Jennifer Twomeyn<\/a> luomassa sarjassa on niin n\u00e4yteltyj\u00e4 kuin animoituja osuuksia, kun Gabby tempautuu minikokoisena seikkailuun nukkekotihahmojensa kanssa.<\/p>\n<p class=\"article-body mb-nof-24 px-nof-16\">Sama idea on my\u00f6s elokuvassa, ja se jatkaa Dreamworks Animationin laajentamista n\u00e4yteltyjen elokuvien puolelle.<\/p>\n<p class=\"article-body mb-nof-24 px-nof-16\">Teini-ik\u00e4\u00e4 kolkutteleva Gabby (Lockhart Kraner) pakkaa nukkekotinsa mukaan ja l\u00e4htee iso\u00e4itins\u00e4 (itse <a class=\"article-personlink\" href=\"https:\/\/www.hs.fi\/haku\/?query=Gloria%20Estefan\" rel=\"nofollow noopener\" target=\"_blank\">Gloria Estefan<\/a>) luokse Cat Franciscoon. Tuskin on p\u00e4\u00e4sty perille, kun tapahtuu jo pahin mahdollinen: taianomainen nukkekoti katoaa kaupungin vilin\u00e4\u00e4n. Se p\u00e4\u00e4tyy upporikkaan ja eksentrisen Veran hoteisiin.<\/p>\n<p class=\"article-body mb-nof-24 px-nof-16\">Onneksi p\u00e4\u00e4tyy, sill\u00e4 <a class=\"article-personlink\" href=\"https:\/\/www.hs.fi\/haku\/?query=Kristen%20Wiigin\" rel=\"nofollow noopener\" target=\"_blank\">Kristen Wiigin<\/a> esitt\u00e4m\u00e4 kissanainen on parasta, mit\u00e4 elokuvalla on tarjota. Wiig rikkoo Gabbyn nukketalon hypers\u00f6p\u00f6stely\u00e4 tarkoituksella kylm\u00e4kiskoisella ja itseironialla kyll\u00e4stetyll\u00e4 hahmollaan. Tyyppi on kuin kokoelma lastenelokuvien tutuista pahishahmoista.<\/p>\n<p class=\"article-body mb-nof-24 px-nof-16\">V\u00e4synyt on kuitenkin elokuvan tapa helli\u00e4 stereotypiaa hullusta kissanaisesta, siis yksin kissansa tai kissojensa kanssa elelev\u00e4st\u00e4, ik\u00e4\u00e4ntyv\u00e4st\u00e4 naisesta. Stereotypian murskaamisen sijaan p\u00e4\u00e4dyt\u00e4\u00e4n nauramaan sen mukana.<\/p>\n<p class=\"article-body mb-nof-24 px-nof-16\">Muutenkin elokuvan huumoripuolessa olisi ter\u00e4v\u00f6itt\u00e4misen varaa, vaikka juuri hauskuudella n\u00e4iss\u00e4 leffoissa on tapana vangita katsoja. Erilaisia pikkuotuksia on valtava m\u00e4\u00e4r\u00e4, mutta suurimman osan teht\u00e4v\u00e4n\u00e4 on vain pit\u00e4\u00e4 h\u00f6pin\u00e4\u00e4 yll\u00e4.<\/p>\n<p class=\"article-body mb-nof-24 px-nof-16\">Pirte\u00e4t popmusikaalijaksot toimittavat kuitenkin sen, mit\u00e4 lupaavat.<\/p>\n<p class=\"article-body mb-nof-24 px-nof-16\">Loppupuolella <a class=\"article-personlink\" href=\"https:\/\/www.hs.fi\/haku\/?query=Ryan%20Cregon\" rel=\"nofollow noopener\" target=\"_blank\">Ryan Cregon<\/a> ohjaama ja k\u00e4sikirjoittama elokuva yritt\u00e4\u00e4 her\u00e4tell\u00e4 pohdintoja leikkimisen puolesta. Miksi aikuisena muka pit\u00e4isi lopettaa leikkiminen, se kysyy. Vastauksille ei juuri j\u00e4\u00e4 aikaa, kun poukkoilu ihmisten maailman ja miniatyyritodellisuuden v\u00e4lill\u00e4 pist\u00e4\u00e4 p\u00e4\u00e4n py\u00f6r\u00e4lle. Eik\u00e4 hyv\u00e4ll\u00e4 tavalla.<\/p>\n<p class=\"article-body nof-ui-body-medium mb-nof-24 px-nof-16\">K\u00e4sikirjoitus Ryan Crego. P\u00e4\u00e4osissa Laila Lockhart Kraner, Gloria Estefan, Kristen Wiig.<\/p>\n","protected":false},"excerpt":{"rendered":"Elokuva-arvio|Gabby\u2019s Dollhouse -sarjaan perustuva elokuva on hypers\u00f6p\u00f6stelev\u00e4 sekametelisoppa. Lue tiivistelm\u00e4 Tiivistelm\u00e4 on teko\u00e4lyn tekem\u00e4 ja ihmisen tarkistama. Gabby\u2019s&hellip;\n","protected":false},"author":2,"featured_media":57301,"comment_status":"","ping_status":"","sticky":false,"template":"","format":"standard","meta":{"footnotes":""},"categories":[131],"tags":[155,137,33,173,31,30,46,172,32,109],"class_list":{"0":"post-57300","1":"post","2":"type-post","3":"status-publish","4":"format-standard","5":"has-post-thumbnail","7":"category-elokuvat","8":"tag-elokuvat","9":"tag-entertainment","10":"tag-fi","11":"tag-film","12":"tag-finland","13":"tag-finnish","14":"tag-helsingin-sanomat","15":"tag-movies","16":"tag-suomi","17":"tag-viihde"},"share_on_mastodon":{"url":"","error":""},"_links":{"self":[{"href":"https:\/\/www.europesays.com\/fi\/wp-json\/wp\/v2\/posts\/57300","targetHints":{"allow":["GET"]}}],"collection":[{"href":"https:\/\/www.europesays.com\/fi\/wp-json\/wp\/v2\/posts"}],"about":[{"href":"https:\/\/www.europesays.com\/fi\/wp-json\/wp\/v2\/types\/post"}],"author":[{"embeddable":true,"href":"https:\/\/www.europesays.com\/fi\/wp-json\/wp\/v2\/users\/2"}],"replies":[{"embeddable":true,"href":"https:\/\/www.europesays.com\/fi\/wp-json\/wp\/v2\/comments?post=57300"}],"version-history":[{"count":0,"href":"https:\/\/www.europesays.com\/fi\/wp-json\/wp\/v2\/posts\/57300\/revisions"}],"wp:featuredmedia":[{"embeddable":true,"href":"https:\/\/www.europesays.com\/fi\/wp-json\/wp\/v2\/media\/57301"}],"wp:attachment":[{"href":"https:\/\/www.europesays.com\/fi\/wp-json\/wp\/v2\/media?parent=57300"}],"wp:term":[{"taxonomy":"category","embeddable":true,"href":"https:\/\/www.europesays.com\/fi\/wp-json\/wp\/v2\/categories?post=57300"},{"taxonomy":"post_tag","embeddable":true,"href":"https:\/\/www.europesays.com\/fi\/wp-json\/wp\/v2\/tags?post=57300"}],"curies":[{"name":"wp","href":"https:\/\/api.w.org\/{rel}","templated":true}]}}