{"id":57318,"date":"2025-10-09T16:25:13","date_gmt":"2025-10-09T16:25:13","guid":{"rendered":"https:\/\/www.europesays.com\/fi\/57318\/"},"modified":"2025-10-09T16:25:13","modified_gmt":"2025-10-09T16:25:13","slug":"arvio-jaanmurtajan-ahdistava-ilmapiiri-kantaa-rovaniemelaislahtoisen-pete-riskin-ohjaama-jaan-vangit-sarjaa","status":"publish","type":"post","link":"https:\/\/www.europesays.com\/fi\/57318\/","title":{"rendered":"Arvio: J\u00e4\u00e4nmurtajan ahdistava ilmapiiri kantaa rovaniemel\u00e4isl\u00e4ht\u00f6isen Pete Riskin ohjaama J\u00e4\u00e4n vangit -sarjaa"},"content":{"rendered":"<p> <img decoding=\"async\" class=\"responsive-image article__image-image lozad\"   src=\"https:\/\/www.europesays.com\/fi\/wp-content\/uploads\/2025\/10\/T_kmW3vJW6mXvXI5sGQPjI0jUxw1T-tbNoqjKandqQgAT0laoxeOJN01Y2pt57JnKRmhetZZiTpIeOS1_8Gu8g0KJ02BCwpV7s39.jpeg\" alt=\"Sanna Tanner (Jessica Grabowsky) ja Joonas Kapanen (Mikko Leppilampi) saapuvat autiolta vaikuttavalle j\u00e4\u00e4nmurtajalle.\"\/><\/p>\n<p>\n Sanna Tanner (Jessica Grabowsky) ja Joonas Kapanen (Mikko Leppilampi) saapuvat autiolta vaikuttavalle j\u00e4\u00e4nmurtajalle.\n <\/p>\n<p>\n Kuva: Kristiina_Salme\u0301n\n <\/p>\n<p>\n Sarjat\n <\/p>\n<p class=\"article__intro\">\n J\u00e4\u00e4n vangit, Suomi 2025. Luoja ja p\u00e4\u00e4k\u00e4sikirjoittaja: Mia Yl\u00f6nen. Ohjaus: Pete Riski. Kuvaus: Daniel Lindholm. P\u00e4\u00e4osissa: Jessica Grabowsky, Seidi Haarla, Roderick Kabanga, Eero Milonoff. &#8211; Ruutu+.\n <\/p>\n<p class=\"article__paragraph\">\n Aiemmin muun muassa Koodinimi: Annika &#8211; ja M\u00e4d\u00e4t omenat -sarjoja ideoineen Mia Yl\u00f6sen luomaa J\u00e4\u00e4n vangit -mysteeritrilleri\u00e4 on kuvattu Hailuodossa ja Raahessa.<\/p>\n","protected":false},"excerpt":{"rendered":"Sanna Tanner (Jessica Grabowsky) ja Joonas Kapanen (Mikko Leppilampi) saapuvat autiolta vaikuttavalle j\u00e4\u00e4nmurtajalle. Kuva: Kristiina_Salme\u0301n Sarjat J\u00e4\u00e4n vangit,&hellip;\n","protected":false},"author":2,"featured_media":57319,"comment_status":"","ping_status":"","sticky":false,"template":"","format":"standard","meta":{"footnotes":""},"categories":[133],"tags":[137,33,31,30,32,206,156,109],"class_list":{"0":"post-57318","1":"post","2":"type-post","3":"status-publish","4":"format-standard","5":"has-post-thumbnail","7":"category-televisiot","8":"tag-entertainment","9":"tag-fi","10":"tag-finland","11":"tag-finnish","12":"tag-suomi","13":"tag-televisiot","14":"tag-tv","15":"tag-viihde"},"share_on_mastodon":{"url":"","error":""},"_links":{"self":[{"href":"https:\/\/www.europesays.com\/fi\/wp-json\/wp\/v2\/posts\/57318","targetHints":{"allow":["GET"]}}],"collection":[{"href":"https:\/\/www.europesays.com\/fi\/wp-json\/wp\/v2\/posts"}],"about":[{"href":"https:\/\/www.europesays.com\/fi\/wp-json\/wp\/v2\/types\/post"}],"author":[{"embeddable":true,"href":"https:\/\/www.europesays.com\/fi\/wp-json\/wp\/v2\/users\/2"}],"replies":[{"embeddable":true,"href":"https:\/\/www.europesays.com\/fi\/wp-json\/wp\/v2\/comments?post=57318"}],"version-history":[{"count":0,"href":"https:\/\/www.europesays.com\/fi\/wp-json\/wp\/v2\/posts\/57318\/revisions"}],"wp:featuredmedia":[{"embeddable":true,"href":"https:\/\/www.europesays.com\/fi\/wp-json\/wp\/v2\/media\/57319"}],"wp:attachment":[{"href":"https:\/\/www.europesays.com\/fi\/wp-json\/wp\/v2\/media?parent=57318"}],"wp:term":[{"taxonomy":"category","embeddable":true,"href":"https:\/\/www.europesays.com\/fi\/wp-json\/wp\/v2\/categories?post=57318"},{"taxonomy":"post_tag","embeddable":true,"href":"https:\/\/www.europesays.com\/fi\/wp-json\/wp\/v2\/tags?post=57318"}],"curies":[{"name":"wp","href":"https:\/\/api.w.org\/{rel}","templated":true}]}}