{"id":57330,"date":"2025-10-09T16:34:13","date_gmt":"2025-10-09T16:34:13","guid":{"rendered":"https:\/\/www.europesays.com\/fi\/57330\/"},"modified":"2025-10-09T16:34:13","modified_gmt":"2025-10-09T16:34:13","slug":"nyt-paukautettiin-ikaraja-thl-alypuhelin-vasta-tata-vanhemmalle","status":"publish","type":"post","link":"https:\/\/www.europesays.com\/fi\/57330\/","title":{"rendered":"Nyt paukautettiin ik\u00e4raja \u2013 THL: \u00c4lypuhelin vasta t\u00e4t\u00e4 vanhemmalle"},"content":{"rendered":"<p>Uusien suositusten mukaan alle 11-vuotias ei tarvitse omia \u00e4lylaitteita, ja ruutuaikaa tulisi olla 11\u201313-vuotiailla enint\u00e4\u00e4n kaksi tuntia p\u00e4iv\u00e4ss\u00e4.<\/p>\n<p><img decoding=\"async\" class=\"image image-show image-preview\" src=\"https:\/\/www.europesays.com\/fi\/wp-content\/uploads\/2025\/10\/492748a855afa584bd7f2cd4403e40322c776c199d5ea7b3afd7118674351c27.jpg\" alt=\"\"\/><img decoding=\"async\" class=\"image image-show\" src=\"https:\/\/www.europesays.com\/fi\/wp-content\/uploads\/2025\/10\/1760027653_354_492748a855afa584bd7f2cd4403e40322c776c199d5ea7b3afd7118674351c27.jpg\" alt=\"\"\/><\/p>\n<p>Alle 13-vuotiaat eiv\u00e4t saa k\u00e4ytt\u00e4\u00e4 sosiaalisen median palveluita, THL kertoo. Elle Laitila<\/p>\n<p class=\"paragraph\">Ensimm\u00e4iset kansalliset suositukset lasten digilaitteiden k\u00e4yt\u00f6lle ja ruutuajalle ovat valmistumassa, kertoo Terveyden ja hyvinvoinnin laitos (THL).<\/p>\n<p class=\"paragraph\">Niiden mukaan alle 11-vuotias ei tarvitse omia \u00e4lylaitteita.<\/p>\n<p class=\"paragraph\">\u2013 Haluamme kiinnitt\u00e4\u00e4 huomiota lapsen oman laitteen hankintaan. Sit\u00e4 kannattaa viiv\u00e4stytt\u00e4\u00e4, kunnes on todellinen tarve, sanoo opetusneuvos <strong>Laura Francke<\/strong> OPH:sta THL:n tiedotteen mukaan.<\/p>\n<p class=\"paragraph\">THL laatii suositukset Opetushallituksen (OPH) kanssa. Suositukset koskevat 0\u201313-vuotiaita.<\/p>\n<p class=\"paragraph\">Jos 6\u201310-vuotiaalle halutaan hankkia oma puhelin, siin\u00e4 on hyv\u00e4 olla vain soitto- ja viestimahdollisuus, tiedotteessa kerrotaan.<\/p>\n<p class=\"paragraph\">Suositusten mukaan sosiaalinen media tulisi kielt\u00e4\u00e4 alle 13-vuotiailta, ja ruutuaikaa tulisi olla 11\u201313-vuotiailla enint\u00e4\u00e4n kaksi tuntia p\u00e4iv\u00e4ss\u00e4.<\/p>\n<p class=\"paragraph\">6\u201310-vuotiaille ruutuaikaa suositellaan enint\u00e4\u00e4n tunti p\u00e4iv\u00e4ss\u00e4 lyhyiss\u00e4 jaksoissa.<\/p>\n<p class=\"paragraph\">Sama suositus koskee 2\u20135-vuotiaita, mutta yhdess\u00e4 aikuisen kanssa. Alle 2-vuotiaiden ei saisi olla ruudun \u00e4\u00e4ress\u00e4 ollenkaan.<\/p>\n<p class=\"paragraph\">\u2013 Digitaalisella laitteella k\u00e4ytett\u00e4v\u00e4n sis\u00e4ll\u00f6n tulee olla lapselle sopivaa ja kehityst\u00e4 tukevaa.<\/p>\n<p class=\"paragraph\">T\u00e4m\u00e4 tarkoittaa esimerkiksi, ett\u00e4 digitaalisten pelien, televisio-ohjelmien ja elokuvien ik\u00e4rajoja tulee noudattaa, eik\u00e4 lapsi saa altistua haitallisille sis\u00e4ll\u00f6ille.<\/p>\n<p>Taustat<\/p>\n<p class=\"paragraph\">Vapaa-ajan digisuositusten tavoitteena on edist\u00e4\u00e4 lasten ja nuorten kokonaisvaltaista hyvinvointia ja oppimista. Niill\u00e4 my\u00f6s ehk\u00e4ist\u00e4\u00e4n digilaitteiden k\u00e4yt\u00f6n ja sis\u00e4lt\u00f6jen haittoja.<\/p>\n<p class=\"paragraph\">\u2013 Meid\u00e4n aikuisten teht\u00e4v\u00e4 on laittaa rajat ruudulla olemiseen, jotta lapsen arki on mahdollisen tasapainoista, sanoo johtava asiantuntija <strong>P\u00e4ivi Lindberg<\/strong> THL:sta.<\/p>\n<p class=\"paragraph\">Esimerkiksi vuoden 2023 Kouluterveyskyselyn mukaan 4. ja 5. vuosiluokkien oppilailla mielialaongelmat, ahdistuneisuus ja heikko itsetunto olivat selv\u00e4sti yleisempi\u00e4 niill\u00e4, joilla oli liiallista netink\u00e4ytt\u00f6\u00e4 verrattuna niihin, joilla sit\u00e4 ei ollut.<\/p>\n<p class=\"paragraph\">Suositusten valmistelussa on hy\u00f6dynnetty laajasti tutkimustietoa, olemassa olevia suosituksia, kansainv\u00e4lisi\u00e4 suosituksia sek\u00e4 eri alojen asiantuntemusta, tiedotteessa kerrotaan.<\/p>\n<p class=\"paragraph\">Valmistelussa on ollut mukana 160 asiantuntijan verkosto, johon on kuulunut viranomaisten, tutkimusorganisaatioiden, hyvinvointialueiden, kasvatuksen ja koulutuksen j\u00e4rjest\u00e4jien, j\u00e4rjest\u00f6jen sek\u00e4 yritysten asiantuntijoita.<\/p>\n<p class=\"paragraph\">Nyt lausuttavana on 0\u201313-vuotiaita varten laaditut suositukset. Vuoden 2026 aikana jatketaan alle 18-vuotiaiden suosituksilla.<\/p>\n<p class=\"paragraph\">Ohjeistus l\u00e4htee seuraavaksi lausuntokierrokselle, josta kerrotaan <a href=\"https:\/\/www.lausuntopalvelu.fi\/FI\/Proposal\/Participation?proposalId=a242bf3a-9879-404a-a35d-a83d999c3a9a\" rel=\"noopener nofollow\" target=\"_blank\">lausuntopalvelussa<\/a>.<\/p>\n","protected":false},"excerpt":{"rendered":"Uusien suositusten mukaan alle 11-vuotias ei tarvitse omia \u00e4lylaitteita, ja ruutuaikaa tulisi olla 11\u201313-vuotiailla enint\u00e4\u00e4n kaksi tuntia p\u00e4iv\u00e4ss\u00e4.&hellip;\n","protected":false},"author":2,"featured_media":57331,"comment_status":"","ping_status":"","sticky":false,"template":"","format":"standard","meta":{"footnotes":""},"categories":[14],"tags":[35,22,23,26,27,33,31,30,17,757,99,100,24,25,28,29,15,18,21,98,32,149,19,20,56,16,59,60,61],"class_list":{"0":"post-57330","1":"post","2":"type-post","3":"status-publish","4":"format-standard","5":"has-post-thumbnail","7":"category-ulkomaat","8":"tag-24h","9":"tag-breaking-news","10":"tag-breakingnews","11":"tag-featured-news","12":"tag-featurednews","13":"tag-fi","14":"tag-finland","15":"tag-finnish","16":"tag-headlines","17":"tag-koulutus-ja-kasvatus","18":"tag-lapset","19":"tag-lapset-ja-nuoret","20":"tag-latest-news","21":"tag-latestnews","22":"tag-main-news","23":"tag-mainnews","24":"tag-news","25":"tag-otsikot","26":"tag-paauutiset","27":"tag-perhe","28":"tag-suomi","29":"tag-tietojenkasittely-ja-informaatioteknologia","30":"tag-top-stories","31":"tag-topstories","32":"tag-ulkomaat","33":"tag-uutiset","34":"tag-world","35":"tag-world-news","36":"tag-worldnews"},"share_on_mastodon":{"url":"","error":""},"_links":{"self":[{"href":"https:\/\/www.europesays.com\/fi\/wp-json\/wp\/v2\/posts\/57330","targetHints":{"allow":["GET"]}}],"collection":[{"href":"https:\/\/www.europesays.com\/fi\/wp-json\/wp\/v2\/posts"}],"about":[{"href":"https:\/\/www.europesays.com\/fi\/wp-json\/wp\/v2\/types\/post"}],"author":[{"embeddable":true,"href":"https:\/\/www.europesays.com\/fi\/wp-json\/wp\/v2\/users\/2"}],"replies":[{"embeddable":true,"href":"https:\/\/www.europesays.com\/fi\/wp-json\/wp\/v2\/comments?post=57330"}],"version-history":[{"count":0,"href":"https:\/\/www.europesays.com\/fi\/wp-json\/wp\/v2\/posts\/57330\/revisions"}],"wp:featuredmedia":[{"embeddable":true,"href":"https:\/\/www.europesays.com\/fi\/wp-json\/wp\/v2\/media\/57331"}],"wp:attachment":[{"href":"https:\/\/www.europesays.com\/fi\/wp-json\/wp\/v2\/media?parent=57330"}],"wp:term":[{"taxonomy":"category","embeddable":true,"href":"https:\/\/www.europesays.com\/fi\/wp-json\/wp\/v2\/categories?post=57330"},{"taxonomy":"post_tag","embeddable":true,"href":"https:\/\/www.europesays.com\/fi\/wp-json\/wp\/v2\/tags?post=57330"}],"curies":[{"name":"wp","href":"https:\/\/api.w.org\/{rel}","templated":true}]}}