{"id":57351,"date":"2025-10-09T17:02:09","date_gmt":"2025-10-09T17:02:09","guid":{"rendered":"https:\/\/www.europesays.com\/fi\/57351\/"},"modified":"2025-10-09T17:02:09","modified_gmt":"2025-10-09T17:02:09","slug":"poliisi-poisti-liian-lahelle-presidentti-stubbia-pyrkineen-henkilon-paikalta-otaniemessa-kotimaa","status":"publish","type":"post","link":"https:\/\/www.europesays.com\/fi\/57351\/","title":{"rendered":"Poliisi poisti liian l\u00e4helle presidentti Stubbia pyrkineen henkil\u00f6n paikalta Otaniemess\u00e4 | Kotimaa"},"content":{"rendered":"<p class=\"aw-1gybjub aw-5vja16 ghpEtB kjanFo yle__article__paragraph\">Poliisi poisti yhden henkil\u00f6n paikalta Islannin presidentin vierailun yhteydess\u00e4 Espoon Otaniemess\u00e4. Stubb oli poistumassa Islannin presidentin vierailuun liittyneest\u00e4 tilaisuudesta.<\/p>\n<p><img decoding=\"async\" alt=\"polisbil.\" src=\"https:\/\/www.europesays.com\/fi\/wp-content\/uploads\/2025\/10\/39-153394968e3a5883c893.jpeg\" class=\"aw-1l9m598 hKVVvP\"\/><\/p>\n<p>Avaa kuvien katselu<\/p>\n<p>Poliisi poisti Stubbia l\u00e4hestyneen henkil\u00f6n paikalta Espoon Otaniemess\u00e4. Kuva: Ulrica Fagerstr\u00f6m \/ Yle<\/p>\n<p class=\"aw-1gybjub aw-1p7kakr ghpEtB jtovHP yle__article__paragraph\">Poliisi on poistanut Otaniemess\u00e4 yhden henkil\u00f6n paikalta, kun t\u00e4m\u00e4 oli l\u00e4hestym\u00e4ss\u00e4 presidentti Stubbia, kertoo Helsingin poliisi tiedotteessa.<\/p>\n<p class=\"aw-1gybjub aw-1p7kakr ghpEtB jtovHP yle__article__paragraph\">Islannin presidentin Otaniemen vierailuosuuden yhteydess\u00e4 poliisi ohjeisti paikalla olleita siit\u00e4, miten heid\u00e4n pit\u00e4\u00e4 sijoittua, jotta poliisi voi varmistaa vieraiden turvallisuuden.<\/p>\n<p class=\"aw-1gybjub aw-1p7kakr ghpEtB jtovHP yle__article__paragraph\">Poliisin mukaan yksi henkil\u00f6 ei noudattanut poliisin h\u00e4nelle antamia ohjeita. Henkil\u00f6 pyrki poliisin antamien ohjeiden j\u00e4lkeen l\u00e4hestym\u00e4\u00e4n presidentti Stubbia t\u00e4m\u00e4n poistuessa tilaisuudesta.<\/p>\n<p class=\"aw-1gybjub aw-1p7kakr ghpEtB jtovHP yle__article__paragraph\">Henkil\u00f6 otettiin kiinni poliisilain rikoksilta ja h\u00e4iri\u00f6ilt\u00e4 suojaamisperusteella. H\u00e4net toimitettiin Espoon poliisiasemalle, josta h\u00e4net vapautettiin.<\/p>\n<p class=\"aw-1gybjub aw-1p7kakr ghpEtB jtovHP yle__article__paragraph\">Tilanteesta on levinnyt somessa my\u00f6s videotallenne.<\/p>\n","protected":false},"excerpt":{"rendered":"Poliisi poisti yhden henkil\u00f6n paikalta Islannin presidentin vierailun yhteydess\u00e4 Espoon Otaniemess\u00e4. Stubb oli poistumassa Islannin presidentin vierailuun liittyneest\u00e4&hellip;\n","protected":false},"author":2,"featured_media":57352,"comment_status":"","ping_status":"","sticky":false,"template":"","format":"standard","meta":{"footnotes":""},"categories":[5],"tags":[22,23,400,26,27,33,31,30,17,71,24,25,28,29,15,2150,18,21,52,32,19,20,546,16],"class_list":{"0":"post-57351","1":"post","2":"type-post","3":"status-publish","4":"format-standard","5":"has-post-thumbnail","7":"category-otsikot","8":"tag-breaking-news","9":"tag-breakingnews","10":"tag-espoo","11":"tag-featured-news","12":"tag-featurednews","13":"tag-fi","14":"tag-finland","15":"tag-finnish","16":"tag-headlines","17":"tag-kotimaa","18":"tag-latest-news","19":"tag-latestnews","20":"tag-main-news","21":"tag-mainnews","22":"tag-news","23":"tag-otaniemi","24":"tag-otsikot","25":"tag-paauutiset","26":"tag-poliisi","27":"tag-suomi","28":"tag-top-stories","29":"tag-topstories","30":"tag-turvallisuus","31":"tag-uutiset"},"share_on_mastodon":{"url":"","error":""},"_links":{"self":[{"href":"https:\/\/www.europesays.com\/fi\/wp-json\/wp\/v2\/posts\/57351","targetHints":{"allow":["GET"]}}],"collection":[{"href":"https:\/\/www.europesays.com\/fi\/wp-json\/wp\/v2\/posts"}],"about":[{"href":"https:\/\/www.europesays.com\/fi\/wp-json\/wp\/v2\/types\/post"}],"author":[{"embeddable":true,"href":"https:\/\/www.europesays.com\/fi\/wp-json\/wp\/v2\/users\/2"}],"replies":[{"embeddable":true,"href":"https:\/\/www.europesays.com\/fi\/wp-json\/wp\/v2\/comments?post=57351"}],"version-history":[{"count":0,"href":"https:\/\/www.europesays.com\/fi\/wp-json\/wp\/v2\/posts\/57351\/revisions"}],"wp:featuredmedia":[{"embeddable":true,"href":"https:\/\/www.europesays.com\/fi\/wp-json\/wp\/v2\/media\/57352"}],"wp:attachment":[{"href":"https:\/\/www.europesays.com\/fi\/wp-json\/wp\/v2\/media?parent=57351"}],"wp:term":[{"taxonomy":"category","embeddable":true,"href":"https:\/\/www.europesays.com\/fi\/wp-json\/wp\/v2\/categories?post=57351"},{"taxonomy":"post_tag","embeddable":true,"href":"https:\/\/www.europesays.com\/fi\/wp-json\/wp\/v2\/tags?post=57351"}],"curies":[{"name":"wp","href":"https:\/\/api.w.org\/{rel}","templated":true}]}}