{"id":57383,"date":"2025-10-09T17:48:08","date_gmt":"2025-10-09T17:48:08","guid":{"rendered":"https:\/\/www.europesays.com\/fi\/57383\/"},"modified":"2025-10-09T17:48:08","modified_gmt":"2025-10-09T17:48:08","slug":"archie-cruz-syyttaa-nyt-iidaa-olen-ottanut-yhteytta-lakimieheen","status":"publish","type":"post","link":"https:\/\/www.europesays.com\/fi\/57383\/","title":{"rendered":"Archie Cruz syytt\u00e4\u00e4 nyt Iidaa \u2013 \u201dOlen ottanut yhteytt\u00e4 lakimieheen\u201d"},"content":{"rendered":"<p>Comon toimituksessa on yritetty pysy\u00e4 t\u00e4n\u00e4\u00e4n per\u00e4ss\u00e4 <strong>Archie Cruzin<\/strong> ja <strong>Iida Vainion<\/strong> suhteen nopeissa k\u00e4\u00e4nteiss\u00e4. Ensin heit\u00e4 saattoi kuvailla kyyhkysiksi, jotka viett\u00e4v\u00e4t yhdess\u00e4 aikaa konserteissa ja lomaillen Lontoossa ja Marbellassa.<\/p>\n<p>Lue my\u00f6s: <a href=\"https:\/\/www.como.fi\/uutiset\/iida-vainiosta-ja-archie-cruzista-kuuluu-taas-oho-taasko-tallaista\/\" title=\"Iida Vainiosta ja Archie Cruzista kuuluu taas \u2013 oho, taasko t\u00e4llaista!\" class=\"underline-custom !font-montserrat !font-bold !underline-offset-4 !decoration-4 !decoration-red-600 !text-md\" rel=\"nofollow noopener\" target=\"_blank\">Iida Vainiosta ja Archie Cruzista kuuluu taas \u2013 oho, taasko t\u00e4llaista!<\/a><\/p>\n<p>Nyt Iida on sometilins\u00e4 mukaan matkaamassa Milanoon, jossa Arttu on viett\u00e4nyt jo tovin aikaa. Jos he tapaavat siell\u00e4 toisensa, se ei ole v\u00e4ltt\u00e4m\u00e4tt\u00e4 kovin l\u00e4mmin tapaaminen. Seiskassa kerrottiin, kuinka Artun sometilill\u00e4 oli ollut viime y\u00f6n\u00e4 hetken aikaa esill\u00e4 aika sekavia viestej\u00e4.<\/p>\n<p>Lue my\u00f6s: <a href=\"https:\/\/www.como.fi\/uutiset\/seiska-eih-taas-sotkua-iida-ja-archie\/\" title=\"Seiska: Eih, taas sotkua, Iida ja Archie!\" class=\"underline-custom !font-montserrat !font-bold !underline-offset-4 !decoration-4 !decoration-red-600 !text-md\" rel=\"nofollow noopener\" target=\"_blank\">Seiska: Eih, taas sotkua, Iida ja Archie!<\/a><\/p>\n<p>\u2013 Minulla on ihana vaimo ja lapsi, mutta aion panna (henkil\u00f6n nimi) Milanossa, koska voin, oli Arttu muun muassa kirjoittanut.<\/p>\n<p>My\u00f6s Iidan tiedettiin viestitelleen t\u00e4m\u00e4n Artun mainitseman naisen eli mallin kanssa. Iida oli kertonut esimerkiksi Artun olevan halukas menem\u00e4\u00e4n h\u00e4nen kanssaan naimisiin ja h\u00e4n kehui mallia ymm\u00e4rryksest\u00e4. \u00a0\u00a0<\/p>\n<p>Tilanne on edennyt entist\u00e4 sekavammaksi<\/p>\n<p>Viime\u00f6iset Instagram-tarinat ovat poistuneet sek\u00e4 Artun ett\u00e4 Iidan tileilt\u00e4. Arttu on julkaissut tarinaosioonsa uuden kirjoituksen. H\u00e4n syytt\u00e4\u00e4 siin\u00e4 Iidaa melkoisen vakavista teoista.<\/p>\n<p>\u2013 Mun tilill\u00e4 on viime y\u00f6n\u00e4 mun lapsen \u00e4iti postaillut taas, ipadill\u00e4, johon oli j\u00e4\u00e4nyt mun sometilit auki. T\u00e4\u00e4 jatkuva kirjesalaisuuden ja yksityisyyden rikkominen ei ole mill\u00e4\u00e4n tavalla ok, plus viel\u00e4 t\u00e4\u00e4 mittaamaton mainehaitta mit\u00e4 n\u00e4ist\u00e4 mun nimiss\u00e4 tehdyist\u00e4 postauksista mulle tulee, aloittaa Arttu kertomalla ensin tilanteesta.<\/p>\n<p>Arttu kertoo ottaneensa yhteytt\u00e4 lakimieheen asiasta.<\/p>\n<p>\u2013 Olen ottanut yhteytt\u00e4 lakimieheen. Toivon, ett\u00e4 Iidan ja meid\u00e4n lapsen puolesta, ett\u00e4 ammattilaiset tajuaisivat kuinka ep\u00e4tasapainoinen h\u00e4n on ja ymm\u00e4rt\u00e4isiv\u00e4t puuttua asiaan ajoissa. Itse olen antanut t\u00e4m\u00e4n hulluuden jatkua jo aivan liian pitk\u00e4\u00e4n ja kadun sit\u00e4, kirjoittaa Arttu viel\u00e4.<\/p>\n<p>T\u00e4ss\u00e4 on my\u00f6s Iidan vastaus Artulle<\/p>\n<p>Iida on ehtinyt selke\u00e4sti lukea Artun uusimman Instagram-tarinaosiosta l\u00f6ytyv\u00e4n tekstin ja omalla tavallaan vastannut siihen.<\/p>\n<p>H\u00e4nen julkaisunsa mukaan Arttu on k\u00e4ytt\u00e4ytynyt huonosti kotona ja l\u00e4htenyt matkalle, jonka piti olla perhematka.<\/p>\n<p>\u2013 Bootycall sun kaikki mahdolliset ho*ot mit\u00e4 l\u00f6yd\u00e4t. L\u00f6yd\u00e4 yksi ep\u00e4toivoinen niiden joukosta. J\u00e4\u00e4t kiinni. Kadut ja soitat itkien ja tilaat perheelles uudet liput Milanoon, kirjoittaa Iida lis\u00e4\u00e4.<\/p>\n<p>Iida jatkaa viel\u00e4 kirjoittamalla pitk\u00e4sti siit\u00e4, kuinka h\u00e4n hyv\u00e4ksyi Artun kaikkine virheineen. H\u00e4n kertoo my\u00f6s, ettei aio en\u00e4\u00e4 ikin\u00e4 puolustaa Arttua.<\/p>\n<p>Lue my\u00f6s: <a href=\"https:\/\/www.como.fi\/tilaa-comon-uutiskirje\/\" title=\"Tilaa Comon uutiskirje ja tied\u00e4t mist\u00e4 kahvitauolla puhutaan! Nappaa kotimaan tv-vinkit ja puheenaiheet suoraan s\u00e4hk\u00f6postiin t\u00e4st\u00e4.\" class=\"underline-custom !font-montserrat !font-bold !underline-offset-4 !decoration-4 !decoration-red-600 !text-md\" rel=\"nofollow noopener\" target=\"_blank\">Tilaa Comon uutiskirje ja tied\u00e4t mist\u00e4 kahvitauolla puhutaan! Nappaa kotimaan tv-vinkit ja puheenaiheet suoraan s\u00e4hk\u00f6postiin t\u00e4st\u00e4.<\/a><\/p>\n","protected":false},"excerpt":{"rendered":"Comon toimituksessa on yritetty pysy\u00e4 t\u00e4n\u00e4\u00e4n per\u00e4ss\u00e4 Archie Cruzin ja Iida Vainion suhteen nopeissa k\u00e4\u00e4nteiss\u00e4. Ensin heit\u00e4 saattoi&hellip;\n","protected":false},"author":2,"featured_media":57384,"comment_status":"","ping_status":"","sticky":false,"template":"","format":"standard","meta":{"footnotes":""},"categories":[130],"tags":[2345,137,33,31,30,2344,32,109],"class_list":{"0":"post-57383","1":"post","2":"type-post","3":"status-publish","4":"format-standard","5":"has-post-thumbnail","7":"category-viihde","8":"tag-archie-cruz","9":"tag-entertainment","10":"tag-fi","11":"tag-finland","12":"tag-finnish","13":"tag-iida-vainio","14":"tag-suomi","15":"tag-viihde"},"share_on_mastodon":{"url":"","error":""},"_links":{"self":[{"href":"https:\/\/www.europesays.com\/fi\/wp-json\/wp\/v2\/posts\/57383","targetHints":{"allow":["GET"]}}],"collection":[{"href":"https:\/\/www.europesays.com\/fi\/wp-json\/wp\/v2\/posts"}],"about":[{"href":"https:\/\/www.europesays.com\/fi\/wp-json\/wp\/v2\/types\/post"}],"author":[{"embeddable":true,"href":"https:\/\/www.europesays.com\/fi\/wp-json\/wp\/v2\/users\/2"}],"replies":[{"embeddable":true,"href":"https:\/\/www.europesays.com\/fi\/wp-json\/wp\/v2\/comments?post=57383"}],"version-history":[{"count":0,"href":"https:\/\/www.europesays.com\/fi\/wp-json\/wp\/v2\/posts\/57383\/revisions"}],"wp:featuredmedia":[{"embeddable":true,"href":"https:\/\/www.europesays.com\/fi\/wp-json\/wp\/v2\/media\/57384"}],"wp:attachment":[{"href":"https:\/\/www.europesays.com\/fi\/wp-json\/wp\/v2\/media?parent=57383"}],"wp:term":[{"taxonomy":"category","embeddable":true,"href":"https:\/\/www.europesays.com\/fi\/wp-json\/wp\/v2\/categories?post=57383"},{"taxonomy":"post_tag","embeddable":true,"href":"https:\/\/www.europesays.com\/fi\/wp-json\/wp\/v2\/tags?post=57383"}],"curies":[{"name":"wp","href":"https:\/\/api.w.org\/{rel}","templated":true}]}}