{"id":57390,"date":"2025-10-09T17:58:08","date_gmt":"2025-10-09T17:58:08","guid":{"rendered":"https:\/\/www.europesays.com\/fi\/57390\/"},"modified":"2025-10-09T17:58:08","modified_gmt":"2025-10-09T17:58:08","slug":"yksinaan-vaeltava-planeetta-kasvaa-hurjalla-nopeudella","status":"publish","type":"post","link":"https:\/\/www.europesays.com\/fi\/57390\/","title":{"rendered":"Yksin\u00e4\u00e4n vaeltava planeetta kasvaa hurjalla nopeudella"},"content":{"rendered":"<p>Tutkijat ovat l\u00f6yt\u00e4neet planeetan, joka k\u00e4y l\u00e4pi enn\u00e4tyksellisen nopeaa kasvupyr\u00e4hdyst\u00e4. Nuori Cha 1107-7626 ei kierr\u00e4 yht\u00e4k\u00e4\u00e4n t\u00e4hte\u00e4 vaan kulkee avaruudessa aivan yksin.\u00a0&#13;<\/p>\n<p class=\"bodytext\">Kuusi miljoonaa tonnia. Niin paljon Kameleontin t\u00e4hdist\u00f6st\u00e4 l\u00f6ytynyt planeetta Cha 1107-7626 ker\u00e4\u00e4 itselleen lis\u00e4\u00e4 massaa joka sekunti.\u00a0\n<\/p>\n<p>\u201dT\u00e4m\u00e4 on voimakkain planeetan massaisen kappaleen massan kasvu, joka on koskaan mitattu\u201d, kertoo <strong>V\u00edctor Almendros-Abad<\/strong> Palermon t\u00e4htitieteellisest\u00e4 observatoriosta.\u00a0\n<\/p>\n<p>J\u00e4ttil\u00e4isplaneetta on viel\u00e4 muodostumisvaiheessa ker\u00e4ten ainetta sit\u00e4 ymp\u00e4r\u00f6iv\u00e4st\u00e4 kaasu- ja p\u00f6lykiekosta. Toisin kuin aurinkokuntamme planeetat, Cha 1107-7626 ei kierr\u00e4 t\u00e4hte\u00e4 vaan kulkee avaruudessa yp\u00f6yksin.\u00a0\n<\/p>\n<p>Almendros-Abadin johtama ryhm\u00e4 havaitsi, ettei nuoren planeetan kasvu ole tasaista. Nyt mitattu massan kasvun huippulukema oli per\u00e4ti kahdeksan kertaa suurempi kuin vain muutama kuukausi aiemmin.\u00a0\n<\/p>\n<p>Havainto viittaa siihen, ett\u00e4 ainakin jotkin vapaasti vaeltavat planeetat olisivat muodostuneet samalla tavalla kuin t\u00e4hdet. Vastaavia massan kasvun \u00e4killisi\u00e4 pyr\u00e4hdyksi\u00e4 on havaittu aiemmin nuorilla t\u00e4hdill\u00e4.\u00a0\n<\/p>\n<p>Tutkimusryhm\u00e4 huomasi, ett\u00e4 planeettaa ymp\u00e4r\u00f6iv\u00e4n kiekon kemiallinen koostumus muuttui massan kasvuvaiheessa. Sen aikana havaittiin vesih\u00f6yry\u00e4, mutta ei sit\u00e4 ennen. Lis\u00e4ksi magneettinen aktiivisuus n\u00e4ytt\u00e4\u00e4 vaikuttaneen dramaattiseen massan kasvuun.\u00a0\n<\/p>\n<p>&#8221;T\u00e4m\u00e4 l\u00f6yt\u00f6 h\u00e4m\u00e4rt\u00e4\u00e4 t\u00e4htien ja planeettojen v\u00e4list\u00e4 rajaa ja antaa meille kurkistuksen vapaasti vaeltavien planeettojen varhaisimpiin muodostumisvaiheisiin&#8221;, sanoo <strong>Belinda Damian<\/strong> St Andrewsin yliopistosta.\n<\/p>\n<p>Planeetta sijaitsee noin 620 valovuoden p\u00e4\u00e4ss\u00e4 maapallolta. Massaa sill\u00e4 on t\u00e4ll\u00e4 hetkell\u00e4 5\u201310 Jupiterin verran. Havainnot tehtiin Euroopan etel\u00e4isen observatorion ESOn VLT-teleskoopilla.\n<\/p>\n<p><a href=\"https:\/\/www.eso.org\/public\/finland\/news\/eso2516\/\" target=\"_blank\" rel=\"noreferrer nofollow noopener\">Aiheesta lis\u00e4\u00e4 ESO<\/a><\/p>\n","protected":false},"excerpt":{"rendered":"Tutkijat ovat l\u00f6yt\u00e4neet planeetan, joka k\u00e4y l\u00e4pi enn\u00e4tyksellisen nopeaa kasvupyr\u00e4hdyst\u00e4. Nuori Cha 1107-7626 ei kierr\u00e4 yht\u00e4k\u00e4\u00e4n t\u00e4hte\u00e4 vaan&hellip;\n","protected":false},"author":2,"featured_media":57391,"comment_status":"","ping_status":"","sticky":false,"template":"","format":"standard","meta":{"footnotes":""},"categories":[114],"tags":[453,33,31,30,118,452,32,119],"class_list":{"0":"post-57390","1":"post","2":"type-post","3":"status-publish","4":"format-standard","5":"has-post-thumbnail","7":"category-avaruus","8":"tag-avaruus","9":"tag-fi","10":"tag-finland","11":"tag-finnish","12":"tag-science","13":"tag-space","14":"tag-suomi","15":"tag-tiede"},"share_on_mastodon":{"url":"","error":""},"_links":{"self":[{"href":"https:\/\/www.europesays.com\/fi\/wp-json\/wp\/v2\/posts\/57390","targetHints":{"allow":["GET"]}}],"collection":[{"href":"https:\/\/www.europesays.com\/fi\/wp-json\/wp\/v2\/posts"}],"about":[{"href":"https:\/\/www.europesays.com\/fi\/wp-json\/wp\/v2\/types\/post"}],"author":[{"embeddable":true,"href":"https:\/\/www.europesays.com\/fi\/wp-json\/wp\/v2\/users\/2"}],"replies":[{"embeddable":true,"href":"https:\/\/www.europesays.com\/fi\/wp-json\/wp\/v2\/comments?post=57390"}],"version-history":[{"count":0,"href":"https:\/\/www.europesays.com\/fi\/wp-json\/wp\/v2\/posts\/57390\/revisions"}],"wp:featuredmedia":[{"embeddable":true,"href":"https:\/\/www.europesays.com\/fi\/wp-json\/wp\/v2\/media\/57391"}],"wp:attachment":[{"href":"https:\/\/www.europesays.com\/fi\/wp-json\/wp\/v2\/media?parent=57390"}],"wp:term":[{"taxonomy":"category","embeddable":true,"href":"https:\/\/www.europesays.com\/fi\/wp-json\/wp\/v2\/categories?post=57390"},{"taxonomy":"post_tag","embeddable":true,"href":"https:\/\/www.europesays.com\/fi\/wp-json\/wp\/v2\/tags?post=57390"}],"curies":[{"name":"wp","href":"https:\/\/api.w.org\/{rel}","templated":true}]}}