{"id":57416,"date":"2025-10-09T18:37:06","date_gmt":"2025-10-09T18:37:06","guid":{"rendered":"https:\/\/www.europesays.com\/fi\/57416\/"},"modified":"2025-10-09T18:37:06","modified_gmt":"2025-10-09T18:37:06","slug":"arvio-tata-unelmahottoa-voi-suositella-vain-niille-jotka-janoavat-romantiikkaa-hinnalla-milla-hyvansa-kaleva","status":"publish","type":"post","link":"https:\/\/www.europesays.com\/fi\/57416\/","title":{"rendered":"Arvio: T\u00e4t\u00e4 unelmah\u00f6tt\u00f6\u00e4 voi suositella vain niille, jotka janoavat romantiikkaa hinnalla mill\u00e4 hyv\u00e4ns\u00e4 &#8211; Kaleva"},"content":{"rendered":"<ol>\n<li><a href=\"https:\/\/news.google.com\/rss\/articles\/CBMiiAFBVV95cUxPNWU4d1EtSTlrNjl5YW9WbExoOEJrZVNYWkg1ZnczSjdvbzM3bUlWTFpDWlNfaXVfdHY2ZGphWWRLZEdlVld1Ung2aWh0WklHN0I5NC1hckFuOEd4U3dVUHBZX05SNHZucWVIS0dfM1RKLUJXcXlCREQ0UC1jS0hMXzRaeW41VXE5?oc=5\" target=\"_blank\" rel=\"nofollow noopener\">Arvio: T\u00e4t\u00e4 unelmah\u00f6tt\u00f6\u00e4 voi suositella vain niille, jotka janoavat romantiikkaa hinnalla mill\u00e4 hyv\u00e4ns\u00e4<\/a>&nbsp;&nbsp;Kaleva<\/li>\n<li><a href=\"https:\/\/news.google.com\/rss\/articles\/CBMiWkFVX3lxTE9WcHNJa25PNzdXLUZaZ1RSeTYwdmZ0MGtKOU9vTTRnRzZ6M0ZoTlhJVVlVVGh3YzloV2FJbHNrb1hjNUhybk9GYWpYSXpmQlhBd05XR3dHdFB0dw?oc=5\" target=\"_blank\" rel=\"nofollow noopener\">Uusi Tron-elokuva on todella komean n\u00e4k\u00f6inen, mutta tarina j\u00e4\u00e4 ohueksi<\/a>&nbsp;&nbsp;HS.fi<\/li>\n<li><a href=\"https:\/\/news.google.com\/rss\/articles\/CBMiS0FVX3lxTE1uelJPZlpGVDA0d0NIUUdHc2ZSWGNIYnpkNDdXd3pzekZPZzJEZjZJNUl0TmVoUkhLM1dwVko1aExCV2x6ZGpjS3U0WQ?oc=5\" target=\"_blank\" rel=\"nofollow noopener\">Elokuva-arvostelu | Sujuva, raikas ja huumorilla h\u00f6ystetty \u2013 kolmas Tron osoittautuu sarjan parhaaksi elokuvaksi<\/a>&nbsp;&nbsp;ts.fi<\/li>\n<li><a href=\"https:\/\/news.google.com\/rss\/articles\/CBMiiAFBVV95cUxQNjAxdVRMdGJJMno2Sy1hS0FGbFROa1ZRTVpBbWVXSjQzU0d0WkRBcWJDdy11VlpzYWdnWHAwNURkdjZxb2JHSU93UDlUMzREME95U0VhdnJIZTZpSnA2dXU5OEdOMmYyT2J2dnFvNEZlMzlGTU9US2ZFNE5nT1BGOGxkdmY2QlBh?oc=5\" target=\"_blank\" rel=\"nofollow noopener\">Arvio: Uuden Tron-elokuvan parissa kivointa on Jared Letolla, joka saa n\u00e4ytt\u00e4\u00e4 coolilta teknohaarniskassaan<\/a>&nbsp;&nbsp;Kaleva<\/li>\n<li><a href=\"https:\/\/news.google.com\/rss\/articles\/CBMizAFBVV95cUxORl9RQ09KTjN6MDlyLUVaaU1Qb0NVeXEtZ3NEZXhvUGhEM2cyUUxoUFdDQV9qdmcxTEV0U2ZZQ2NreFVNWGhfU2RWM0hYVS1BT3RRSjJRelFIa09GWGI1elI1ZXFuMHl3U2czVl9OX2NRVGw5akt3eWsxOWpDclhCNXU4V0VCelE1ZndpRWhhYWZiQkZVcmo4VEp2blhmcHZ3dmVta3N6d0l5bDB4c0x3TlpXb3c0MEtLR01yQlIzVV90NXNaYjF2QjZISEw?oc=5\" target=\"_blank\" rel=\"nofollow noopener\">15 vuotta odotettu scifi-elokuva ei p\u00e4\u00e4t\u00e4 huimaa \u2013 tuoreusaste nyt vain 54 prosenttia<\/a>&nbsp;&nbsp;Muropaketti.com<\/li>\n<\/ol>\n","protected":false},"excerpt":{"rendered":"Arvio: T\u00e4t\u00e4 unelmah\u00f6tt\u00f6\u00e4 voi suositella vain niille, jotka janoavat romantiikkaa hinnalla mill\u00e4 hyv\u00e4ns\u00e4&nbsp;&nbsp;Kaleva Uusi Tron-elokuva on todella komean&hellip;\n","protected":false},"author":2,"featured_media":57417,"comment_status":"","ping_status":"","sticky":false,"template":"","format":"standard","meta":{"footnotes":""},"categories":[131],"tags":[155,137,33,173,31,30,172,32,109],"class_list":{"0":"post-57416","1":"post","2":"type-post","3":"status-publish","4":"format-standard","5":"has-post-thumbnail","7":"category-elokuvat","8":"tag-elokuvat","9":"tag-entertainment","10":"tag-fi","11":"tag-film","12":"tag-finland","13":"tag-finnish","14":"tag-movies","15":"tag-suomi","16":"tag-viihde"},"share_on_mastodon":{"url":"","error":""},"_links":{"self":[{"href":"https:\/\/www.europesays.com\/fi\/wp-json\/wp\/v2\/posts\/57416","targetHints":{"allow":["GET"]}}],"collection":[{"href":"https:\/\/www.europesays.com\/fi\/wp-json\/wp\/v2\/posts"}],"about":[{"href":"https:\/\/www.europesays.com\/fi\/wp-json\/wp\/v2\/types\/post"}],"author":[{"embeddable":true,"href":"https:\/\/www.europesays.com\/fi\/wp-json\/wp\/v2\/users\/2"}],"replies":[{"embeddable":true,"href":"https:\/\/www.europesays.com\/fi\/wp-json\/wp\/v2\/comments?post=57416"}],"version-history":[{"count":0,"href":"https:\/\/www.europesays.com\/fi\/wp-json\/wp\/v2\/posts\/57416\/revisions"}],"wp:featuredmedia":[{"embeddable":true,"href":"https:\/\/www.europesays.com\/fi\/wp-json\/wp\/v2\/media\/57417"}],"wp:attachment":[{"href":"https:\/\/www.europesays.com\/fi\/wp-json\/wp\/v2\/media?parent=57416"}],"wp:term":[{"taxonomy":"category","embeddable":true,"href":"https:\/\/www.europesays.com\/fi\/wp-json\/wp\/v2\/categories?post=57416"},{"taxonomy":"post_tag","embeddable":true,"href":"https:\/\/www.europesays.com\/fi\/wp-json\/wp\/v2\/tags?post=57416"}],"curies":[{"name":"wp","href":"https:\/\/api.w.org\/{rel}","templated":true}]}}