{"id":57459,"date":"2025-10-09T19:29:08","date_gmt":"2025-10-09T19:29:08","guid":{"rendered":"https:\/\/www.europesays.com\/fi\/57459\/"},"modified":"2025-10-09T19:29:08","modified_gmt":"2025-10-09T19:29:08","slug":"nyt-suoratoistona-kun-usko-itseen-joutuu-koetukselle-vuoden-2013-coen-leffa-on-taman-vuosituhannen-parhaita","status":"publish","type":"post","link":"https:\/\/www.europesays.com\/fi\/57459\/","title":{"rendered":"Nyt suoratoistona: Kun usko itseen joutuu koetukselle \u2013 vuoden 2013 Coen-leffa on t\u00e4m\u00e4n vuosituhannen parhaita"},"content":{"rendered":"<p>Prime Videossa on nyt elokuva Inside Llewyn Davis (2013).<\/p>\n<p>Vuoteen 1961 sijoittuva draama seuraa nuorta, rahattomaa muusikkoa, jonka usko omaan l\u00e4pimurtoon joutuu koetukselle. Folk-musiikki ei tuo leip\u00e4\u00e4 p\u00f6yt\u00e4\u00e4n, ja henkil\u00f6kohtainen el\u00e4m\u00e4 on yht\u00e4 ep\u00e4varmaa. El\u00e4m\u00e4 n\u00e4ytt\u00e4ytyy v\u00e4lill\u00e4 sysimustana komediana.<\/p>\n<p>P\u00e4\u00e4osissa <strong>Oscar Isaac<\/strong>, <strong>Carey Mulligan<\/strong>, <strong>John Goodman<\/strong>, <strong>Garrett Hedlund<\/strong> sek\u00e4 <strong>Justin Timberlake<\/strong>. Ohjauksesta vastaa <strong>Ethan <\/strong>ja <strong>Joel Coen<\/strong>.<\/p>\n<p>Episodi antoi <a href=\"https:\/\/www.episodi.fi\/elokuvat\/inside-llewyn-davis\/\" rel=\"nofollow noopener\" target=\"_blank\">arvostelussa<\/a> elokuvalle nelj\u00e4 t\u00e4hte\u00e4:<\/p>\n<p>\u201d<strong>Coenin veljesten<\/strong>\u00a0ohjaama ja k\u00e4sikirjoittama\u00a0Inside Llewyn Davis\u00a0on elokuvana el\u00e4m\u00e4nmakuinen kokonaisuus. Se kuvaa viikkoa\u00a0<strong>Oscar Isaacin<\/strong>\u00a0esitt\u00e4m\u00e4n p\u00f6yhke\u00e4n nimihenkil\u00f6n el\u00e4m\u00e4st\u00e4, joka ajelehtii eteenp\u00e4in kuin tuuliajolla seilaava laiva. Odottamattomat k\u00e4\u00e4nteet vain pahentavat Llewynin ennest\u00e4\u00e4n surkeaa tilannetta, mik\u00e4 muistuttaa Coenien aiemmasta elokuvasta, Jobin kirjaa mukailleesta\u00a0A Serious Manista.\u201d<\/p>\n<p>Inside Llewyn Davis sai kriitikoilta arvostusta ja sit\u00e4 pidet\u00e4\u00e4n yhten\u00e4 2000-luvun merkitt\u00e4vimmist\u00e4 elokuvista. Vuonna 2016 BBC:n ja vuonna 2017 The New York Timesin \u00e4\u00e4nestyksiss\u00e4 se sijoittui 11. parhaaksi 2000-luvun elokuvaksi. Rolling Stone rankkasi sen 14. sijalle vuosikymmenen (2010\u20132019) 50 parhaimman elokuvan listalla, ja The Hollywood Reporter nosti sen toiseksi 2000-luvun parhaiden elokuvien listallaan.<\/p>\n<p>Elokuva on my\u00f6s Cineastissa. Alla traileri.<\/p>\n<p>Lue my\u00f6s: <a href=\"https:\/\/www.episodi.fi\/uutiset\/nyt-suoratoistossa-hyytava-selviytymiselokuva-rotten-tomatoes-luku-91\/\" title=\"Nyt suoratoistossa: Hyyt\u00e4v\u00e4 selviytymiselokuva \u2013 Rotten Tomatoes -luku 91\" class=\"underline-custom !font-montserrat !font-bold !underline-offset-4 !decoration-4 !decoration-episodi-blue !text-md\" rel=\"nofollow noopener\" target=\"_blank\">Nyt suoratoistossa: Hyyt\u00e4v\u00e4 selviytymiselokuva \u2013 Rotten Tomatoes -luku 91<\/a><\/p>\n<p>Lue my\u00f6s: <a href=\"https:\/\/www.episodi.fi\/uutiset\/nyt-suoratoistossa-brutaali-sotaelokuva-vaikuttavin-kohtaus-on-lahestulkoon-tunnin-kestava-yllatyshyokkays\/\" title=\"Nyt suoratoistossa: Brutaali sotaelokuva \u2013 \u201dVaikuttavin kohtaus on l\u00e4hestulkoon tunnin kest\u00e4v\u00e4 yll\u00e4tyshy\u00f6kk\u00e4ys\u201d\" class=\"underline-custom !font-montserrat !font-bold !underline-offset-4 !decoration-4 !decoration-episodi-blue !text-md\" rel=\"nofollow noopener\" target=\"_blank\">Nyt suoratoistossa: Brutaali sotaelokuva \u2013 \u201dVaikuttavin kohtaus on l\u00e4hestulkoon tunnin kest\u00e4v\u00e4 yll\u00e4tyshy\u00f6kk\u00e4ys\u201d<\/a><\/p>\n<p>Lue my\u00f6s: <a href=\"https:\/\/www.episodi.fi\/uutiset\/nyt-suoratoistona-vuoden-2023-erikoisimpia-elokuvia-joaquin-phoenix-on-paaroolissa-auteur-ohjaajan-painajaiskomediassa\/\" title=\"Nyt suoratoistona: Vuoden 2023 erikoisimpia elokuvia \u2013 Joaquin Phoenix on p\u00e4\u00e4roolissa auteur-ohjaajan \u201dpainajaiskomediassa\u201d\" class=\"underline-custom !font-montserrat !font-bold !underline-offset-4 !decoration-4 !decoration-episodi-blue !text-md\" rel=\"nofollow noopener\" target=\"_blank\">Nyt suoratoistona: Vuoden 2023 erikoisimpia elokuvia \u2013 Joaquin Phoenix on p\u00e4\u00e4roolissa auteur-ohjaajan \u201dpainajaiskomediassa\u201d<\/a><\/p>\n<p>Lue my\u00f6s: <a href=\"https:\/\/www.episodi.fi\/uutiset\/nyt-suoratoistona-tavismies-aamutakissa-paatyy-toimintasankariksi-leffa-tarjoaa-videopelimaista-vakivaltaa\/\" title=\"Nyt suoratoistona: Tavismies aamutakissa p\u00e4\u00e4tyy toimintasankariksi \u2013 leffa tarjoaa videopelim\u00e4ist\u00e4 v\u00e4kivaltaa\" class=\"underline-custom !font-montserrat !font-bold !underline-offset-4 !decoration-4 !decoration-episodi-blue !text-md\" rel=\"nofollow noopener\" target=\"_blank\">Nyt suoratoistona: Tavismies aamutakissa p\u00e4\u00e4tyy toimintasankariksi \u2013 leffa tarjoaa videopelim\u00e4ist\u00e4 v\u00e4kivaltaa<\/a><\/p>\n<p><img loading=\"lazy\" decoding=\"async\" alt=\"YouTube video\" width=\"480\" height=\"360\" data-pin-nopin=\"true\" nopin=\"nopin\" class=\"perfmatters-lazy\" src=\"https:\/\/www.europesays.com\/fi\/wp-content\/uploads\/2025\/10\/1760038148_107_hqdefault.jpg\"\/><\/p>\n<p>L\u00e4hde: <a href=\"https:\/\/en.wikipedia.org\/wiki\/Inside_Llewyn_Davis\" target=\"_blank\" rel=\"noreferrer noopener nofollow\">Wikipedia<\/a><\/p>\n<p>Lue my\u00f6s: <a href=\"https:\/\/www.episodi.fi\/uutiskirje\/?uutiskirjemainos=tekstilinkkimainos\" title=\"Tilaa Episodin uutiskirje ja voit voittaa leffalippuja! Nappaa tv-vinkit suoraan s\u00e4hk\u00f6postiin t\u00e4st\u00e4.\" class=\"underline-custom !font-montserrat !font-bold !underline-offset-4 !decoration-4 !decoration-episodi-blue !text-md\" rel=\"nofollow noopener\" target=\"_blank\">Tilaa Episodin uutiskirje ja voit voittaa leffalippuja! Nappaa katseluvinkit suoraan s\u00e4hk\u00f6postiin t\u00e4st\u00e4.<\/a><\/p>\n","protected":false},"excerpt":{"rendered":"Prime Videossa on nyt elokuva Inside Llewyn Davis (2013). Vuoteen 1961 sijoittuva draama seuraa nuorta, rahattomaa muusikkoa, jonka&hellip;\n","protected":false},"author":2,"featured_media":57460,"comment_status":"","ping_status":"","sticky":false,"template":"","format":"standard","meta":{"footnotes":""},"categories":[131],"tags":[155,137,33,173,31,30,172,175,32,109],"class_list":{"0":"post-57459","1":"post","2":"type-post","3":"status-publish","4":"format-standard","5":"has-post-thumbnail","7":"category-elokuvat","8":"tag-elokuvat","9":"tag-entertainment","10":"tag-fi","11":"tag-film","12":"tag-finland","13":"tag-finnish","14":"tag-movies","15":"tag-prime-video","16":"tag-suomi","17":"tag-viihde"},"share_on_mastodon":{"url":"","error":""},"_links":{"self":[{"href":"https:\/\/www.europesays.com\/fi\/wp-json\/wp\/v2\/posts\/57459","targetHints":{"allow":["GET"]}}],"collection":[{"href":"https:\/\/www.europesays.com\/fi\/wp-json\/wp\/v2\/posts"}],"about":[{"href":"https:\/\/www.europesays.com\/fi\/wp-json\/wp\/v2\/types\/post"}],"author":[{"embeddable":true,"href":"https:\/\/www.europesays.com\/fi\/wp-json\/wp\/v2\/users\/2"}],"replies":[{"embeddable":true,"href":"https:\/\/www.europesays.com\/fi\/wp-json\/wp\/v2\/comments?post=57459"}],"version-history":[{"count":0,"href":"https:\/\/www.europesays.com\/fi\/wp-json\/wp\/v2\/posts\/57459\/revisions"}],"wp:featuredmedia":[{"embeddable":true,"href":"https:\/\/www.europesays.com\/fi\/wp-json\/wp\/v2\/media\/57460"}],"wp:attachment":[{"href":"https:\/\/www.europesays.com\/fi\/wp-json\/wp\/v2\/media?parent=57459"}],"wp:term":[{"taxonomy":"category","embeddable":true,"href":"https:\/\/www.europesays.com\/fi\/wp-json\/wp\/v2\/categories?post=57459"},{"taxonomy":"post_tag","embeddable":true,"href":"https:\/\/www.europesays.com\/fi\/wp-json\/wp\/v2\/tags?post=57459"}],"curies":[{"name":"wp","href":"https:\/\/api.w.org\/{rel}","templated":true}]}}