{"id":57483,"date":"2025-10-09T19:58:09","date_gmt":"2025-10-09T19:58:09","guid":{"rendered":"https:\/\/www.europesays.com\/fi\/57483\/"},"modified":"2025-10-09T19:58:09","modified_gmt":"2025-10-09T19:58:09","slug":"jattiyllatys-helsingissa-asiakas-huudahti-jumalauta-kun-katsoi-maailmantahtea-saunan-pukuhuoneessa","status":"publish","type":"post","link":"https:\/\/www.europesays.com\/fi\/57483\/","title":{"rendered":"J\u00e4ttiyll\u00e4tys Helsingiss\u00e4 \u2013 Asiakas huudahti \u201djumalauta\u201d, kun katsoi maailmant\u00e4hte\u00e4 saunan pukuhuoneessa"},"content":{"rendered":"<p>The Offspring-t\u00e4hti palasi helsinkil\u00e4iseen saunaan tiistain keikan yhteydess\u00e4.<\/p>\n<p><img decoding=\"async\" class=\"image image-show image-preview\" src=\"https:\/\/www.europesays.com\/fi\/wp-content\/uploads\/2025\/10\/0a74b52ce3943b5f60b45df27cbcb8fb8fd43e29c8d3d92d0fa3ab1c95313bb4.jpg\" alt=\"\"\/><img decoding=\"async\" class=\"image image-show\" src=\"https:\/\/www.europesays.com\/fi\/wp-content\/uploads\/2025\/10\/1760039889_506_0a74b52ce3943b5f60b45df27cbcb8fb8fd43e29c8d3d92d0fa3ab1c95313bb4.jpg\" alt=\"\"\/><\/p>\n<p>The Offspringin Dexter Holland vieraili Hermannin saunassa. John Salangsang\/Shutterstock<\/p>\n<p class=\"paragraph\">Punkyhtye The Offspring esiintyi Helsingin J\u00e4\u00e4hallilla tiistaina 7. lokakuuta.<\/p>\n<p class=\"paragraph\">Keikan ohessa yhtye on viihtynyt Helsingiss\u00e4 vapaa-ajallaan ja nauttinut olostaan muun muassa paikallisissa l\u00f6ylyiss\u00e4. <a href=\"https:\/\/www.iltalehti.fi\/viihdeuutiset\/ff51bfd3-3466-46f1-82fe-76858789ee5f\" rel=\"nofollow noopener\" target=\"_blank\">Iltalehti<\/a> uutisoi aiemmin, ett\u00e4 yhtyeen j\u00e4senet vierailivat helsinkil\u00e4isess\u00e4 Hermannin saunassa p\u00e4iv\u00e4\u00e4 ennen tiistain keikkaa.<\/p>\n<p class=\"paragraph\">Tuolloin kyseess\u00e4 oli yksityistilaisuus, eik\u00e4 Hermannin saunan omistaja <strong>Mika Ahonen<\/strong> kommentoinut yhtyeen vierailua sen enemp\u00e4\u00e4.<\/p>\n<p class=\"paragraph\">Tiistain keikan j\u00e4lkeen Hermannin l\u00f6ylyiss\u00e4 n\u00e4htiin kuitenkin j\u00e4lleen tuttu kasvo. Muut Offspring-j\u00e4senet jatkoivat matkaansa Tukholmaan. Samalla yhtyeen nokkamies <a href=\"https:\/\/www.iltalehti.fi\/henkilot\/Dexter Holland\" class=\"article-link-person-page\" rel=\"nofollow noopener\" target=\"_blank\">Dexter Holland<\/a> palasi l\u00f6ylyttelem\u00e4\u00e4n Hermanniin.<\/p>\n<p class=\"paragraph\">\u2013 Dexter tuli viel\u00e4 saunomaan meille ja sanoi, ett\u00e4 pakko oli p\u00e4\u00e4st\u00e4, kun oli niin kiva paikka ja hyv\u00e4t l\u00f6ylyt, Ahonen kertoo Iltalehdelle puhelimitse.<\/p>\n<p class=\"paragraph\">Jos julkaisu ei n\u00e4y, voit katsoa sen <a href=\"https:\/\/www.instagram.com\/p\/DPjijefjH32\/\" rel=\"noopener nofollow\" target=\"_blank\">t\u00e4st\u00e4 linkist\u00e4<\/a>.<\/p>\n<p class=\"paragraph\">T\u00e4ll\u00e4 kertaa kyse ei ollut yksityistilaisuudesta, vaan yleisvuorosta. Ahonen p\u00e4\u00e4tti vuoron aikana, ettei paljasta, kuka Holland on.<\/p>\n<p class=\"paragraph\">\u2013 Yksi vakkareistamme tuli iloissaan ja sanoi, ett\u00e4 \u201dt\u00e4\u00e4ll\u00e4 oli kuulemma ollut Offspring, onko t\u00e4\u00e4ll\u00e4 taas punkkareita\u201d. Hymyilin, enk\u00e4 sanonut mit\u00e4\u00e4n.<\/p>\n<p class=\"paragraph\">\u2013 Sitten h\u00e4n meni pukuhuoneeseen ja sanoi, ett\u00e4 jumalauta, t\u00e4\u00e4ll\u00e4h\u00e4n on itse Dexter Holland.<\/p>\n<p class=\"paragraph\">Muuten rokkarin henkil\u00f6llisyytt\u00e4 ei tunnistettu.<\/p>\n<p class=\"paragraph\">\u2013 Varmaan aika hienoa tuollaiselle staralle p\u00e4\u00e4st\u00e4 rauhoittumaan ja olemaan itsekseen.<\/p>\n<p class=\"paragraph\">Keskiviikon ilma oli sateinen ja saunomisen lomassa Holland nautti my\u00f6s Suomen lokakuisesta kelist\u00e4.<\/p>\n<p class=\"paragraph\">\u2013 Kaveri istui sateessa pyyhe ymp\u00e4rill\u00e4 ulkona. Ajattelin vain, ett\u00e4 mit\u00e4h\u00e4n mies miettii siin\u00e4, Ahonen naurahtaa.<\/p>\n<p class=\"paragraph\">Holland otti Ahosen mukaan kovia l\u00f6ylyj\u00e4.<\/p>\n<p class=\"paragraph\">\u2013 Vakioasiakkaat sanoivat, ett\u00e4 l\u00e4htiv\u00e4t ennen h\u00e4nt\u00e4 pois.<\/p>\n<p class=\"paragraph\">Holland my\u00f6s lahjoitti Ahoselle liput tiistain keikalle.<\/p>\n<p class=\"paragraph\">\u2013 Keikka oli todella hyv\u00e4. Siell\u00e4 oli istumapaikat. Oli hauskaa, kun takaa sanottiin, ett\u00e4 voitko istua. Sanoin, ett\u00e4 nyt ollaan punk-keikalla kuitenkin, Ahonen naurahtaa.<\/p>\n<p class=\"paragraph\">L\u00e4htiess\u00e4\u00e4n Holland lupaili, ett\u00e4 tulisi ensi vuonna uudelleen piipahtamaan saunassa.<\/p>\n<p class=\"paragraph\">\u2013 Hienoja miehi\u00e4 kaikki. He ovat kuitenkin miljon\u00e4\u00e4rej\u00e4, niin arvostan kovasti, ett\u00e4 tulevat yleiselle puolelle, Ahonen kiteytt\u00e4\u00e4.<\/p>\n<p><script async src=\"\/\/www.instagram.com\/embed.js\"><\/script><\/p>\n","protected":false},"excerpt":{"rendered":"The Offspring-t\u00e4hti palasi helsinkil\u00e4iseen saunaan tiistain keikan yhteydess\u00e4. The Offspringin Dexter Holland vieraili Hermannin saunassa. John Salangsang\/Shutterstock Punkyhtye&hellip;\n","protected":false},"author":2,"featured_media":57484,"comment_status":"","ping_status":"","sticky":false,"template":"","format":"standard","meta":{"footnotes":""},"categories":[130],"tags":[35,138,137,33,31,30,47,141,742,32,2599,109],"class_list":{"0":"post-57483","1":"post","2":"type-post","3":"status-publish","4":"format-standard","5":"has-post-thumbnail","7":"category-viihde","8":"tag-24h","9":"tag-audio","10":"tag-entertainment","11":"tag-fi","12":"tag-finland","13":"tag-finnish","14":"tag-musiikki","15":"tag-muusikot-bandit","16":"tag-suomalainen-musiikki","17":"tag-suomi","18":"tag-tapahtumat-ja-tapahtumatiedot","19":"tag-viihde"},"share_on_mastodon":{"url":"","error":""},"_links":{"self":[{"href":"https:\/\/www.europesays.com\/fi\/wp-json\/wp\/v2\/posts\/57483","targetHints":{"allow":["GET"]}}],"collection":[{"href":"https:\/\/www.europesays.com\/fi\/wp-json\/wp\/v2\/posts"}],"about":[{"href":"https:\/\/www.europesays.com\/fi\/wp-json\/wp\/v2\/types\/post"}],"author":[{"embeddable":true,"href":"https:\/\/www.europesays.com\/fi\/wp-json\/wp\/v2\/users\/2"}],"replies":[{"embeddable":true,"href":"https:\/\/www.europesays.com\/fi\/wp-json\/wp\/v2\/comments?post=57483"}],"version-history":[{"count":0,"href":"https:\/\/www.europesays.com\/fi\/wp-json\/wp\/v2\/posts\/57483\/revisions"}],"wp:featuredmedia":[{"embeddable":true,"href":"https:\/\/www.europesays.com\/fi\/wp-json\/wp\/v2\/media\/57484"}],"wp:attachment":[{"href":"https:\/\/www.europesays.com\/fi\/wp-json\/wp\/v2\/media?parent=57483"}],"wp:term":[{"taxonomy":"category","embeddable":true,"href":"https:\/\/www.europesays.com\/fi\/wp-json\/wp\/v2\/categories?post=57483"},{"taxonomy":"post_tag","embeddable":true,"href":"https:\/\/www.europesays.com\/fi\/wp-json\/wp\/v2\/tags?post=57483"}],"curies":[{"name":"wp","href":"https:\/\/api.w.org\/{rel}","templated":true}]}}