{"id":57559,"date":"2025-10-09T21:48:08","date_gmt":"2025-10-09T21:48:08","guid":{"rendered":"https:\/\/www.europesays.com\/fi\/57559\/"},"modified":"2025-10-09T21:48:08","modified_gmt":"2025-10-09T21:48:08","slug":"suomalaispelaaja-nousi-hammastyttavan-nopeasti-liigan-neloskentasta-nhlaan-tassa-on-kauden-tavoite-saisin-ryostettya","status":"publish","type":"post","link":"https:\/\/www.europesays.com\/fi\/57559\/","title":{"rendered":"Suomalaispelaaja nousi h\u00e4mm\u00e4stytt\u00e4v\u00e4n nopeasti Liigan neloskent\u00e4st\u00e4 NHL:\u00e4\u00e4n \u2013 T\u00e4ss\u00e4 on kauden tavoite: \u201dSaisin ry\u00f6stetty\u00e4\u201d"},"content":{"rendered":"<p>Arttu Hyry tavoittelee paikkaa kirkkaissa valoissa.<\/p>\n<ul>\n<li>Arttu Hyry kommentoi v\u00e4h\u00e4ist\u00e4 vastuutaan NHL:ss\u00e4.<\/li>\n<li>Olympialaiset kiinnostavat oululaisl\u00e4ht\u00f6ist\u00e4 hy\u00f6kk\u00e4\u00e4j\u00e4\u00e4.<\/li>\n<li>Hyryll\u00e4 on ensi kaudeksi yksi selke\u00e4 tavoite.<\/li>\n<\/ul>\n<p class=\"paragraph\">Kev\u00e4\u00e4n 2024 MM-kisoissa suomalaisia kiekkofaneja ihastuttaneen <strong>Arttu Hyryn<\/strong>, 24, nousu kirkkaimmalle huipulle on ollut p\u00e4\u00e4t\u00e4huimaava.<\/p>\n<p class=\"paragraph\">Hyry pelasi viel\u00e4 kaudella 2022\u201323 K\u00e4rppien nelosketjussa 46 runkosarjapeli\u00e4 pistein 9+4. Kaudella 2023\u201324 pelipaikka s\u00e4ilyi, mutta tehopisteet olivat nelosketjun miehelle hirmuiset: 14+17=31.<\/p>\n<p class=\"paragraph\">Huikeista otteista huolimatta Hyryn keskim\u00e4\u00e4r\u00e4inen peliaika K\u00e4rpiss\u00e4 oli tuolla kaudella vasta 14:nneksi suurin yli 20 ottelua pelanneista k\u00e4rpp\u00e4pelaajista.<\/p>\n<p class=\"paragraph\">Loisto-otteet poikivat Hyrylle paikan Leijonien MM-miehist\u00f6ss\u00e4, jossa h\u00e4n esiintyi kyps\u00e4sti. NHL-seura Dallas Stars iski silm\u00e4ns\u00e4 nuoreen oululaishy\u00f6kk\u00e4\u00e4j\u00e4\u00e4n ja kiinnitti t\u00e4m\u00e4n sopimuksella.<\/p>\n<p class=\"paragraph\">Hyryn viime kausi jatkui nousujohteisena, mutta n\u00e4ytt\u00f6paikkoja Dallasissa ei liikaa irronnut.<\/p>\n<p class=\"paragraph\">Hy\u00f6kk\u00e4\u00e4j\u00e4 l\u00e4hti Pohjois-Amerikkaan n\u00f6yr\u00e4n\u00e4 ja maltillisin tavoittein.<\/p>\n<p class=\"paragraph\">\u2013 Menin harjoitusleirille, jota ennen j\u00e4rjestettiin tulokasleiri ja kehitysleiri. Sain sit\u00e4 kautta tuntumaa, mit\u00e4 se homma on siell\u00e4. Tuntui, ett\u00e4 leirit meniv\u00e4t hyvin. Jatkoin siit\u00e4 luonnollisesti AHL:n puolelle tekem\u00e4\u00e4n tuttavuutta perusarkeen, Hyry kertoi All Stars Charity Golf -hyv\u00e4ntekev\u00e4isyystapahtumassa Oulun Virpiniemess\u00e4.<\/p>\n<p>Oululainen nousi K\u00e4rpist\u00e4 NHL:n porteille. tomi natri \/ aop<\/p>\n<p class=\"paragraph\">Hyry sai nopeasti arjesta kiinni uudella mantereella, mutta sanoi sen olevan erilaista verrattuna Suomeen.<\/p>\n<p class=\"paragraph\">Viime kausi sujui kuitenkin kokonaisuudessaan hyvin \u2013 sek\u00e4 kent\u00e4ll\u00e4 ett\u00e4 sen ulkopuolella.<\/p>\n<p class=\"paragraph\">\u2013 Saimme asunnon ja auton aika nopeasti, joten asiat lutviutuivat aika hyvin. Sain keskitty\u00e4 vain l\u00e4tk\u00e4\u00e4n. Tuntui heti, ett\u00e4 se pelityyli ja kaukalo sopivat meik\u00e4l\u00e4iselle. Alkukausi oli ihan kohtalainen, ja debytoin NHL:ss\u00e4 sitten alkuvuodesta. Sekin meni ihan hyvin, Hyry muistelee.<\/p>\n<p>Kehityskohteita<\/p>\n<p class=\"paragraph\">Hyry debytoi NHL:ss\u00e4 ja Dallas Starsin paidassa 3. tammikuuta. H\u00e4n pelasi ottelussa t\u00e4htipaitojen nelosketjussa yhdess\u00e4 <strong>Sam Steelin<\/strong> ja <strong>Colin Blackwellin<\/strong> kanssa. Peliaikaa kertyi 8.54.<\/p>\n<p class=\"paragraph\">Monipuolinen laiturin ja sentterin paikalla viihtyv\u00e4 hy\u00f6kk\u00e4\u00e4j\u00e4 haisteli NHL-ympyr\u00f6it\u00e4 parin viikon ajan ja pelasi viisi ottelua, joissa sai tililleen yhden sy\u00f6tt\u00f6pisteen. T\u00e4m\u00e4n j\u00e4lkeen AHL-kutsu k\u00e4vi loppukauden ajaksi.<\/p>\n<p class=\"paragraph\">Hyry suoriutui my\u00f6s farmikaukaloissa erinomaisesti. H\u00e4n pelasi Texas Starsissa 67 runkosarjaottelua tehoin 24+25=49.<\/p>\n<p class=\"paragraph\">Mies itse kokee onnistuneensa avauskaudellaan rapakon takana.<\/p>\n<p class=\"paragraph\">\u2013 Tuntui, ett\u00e4 sain tuotua omaa profiiliani esiin. Luulen, ett\u00e4 tahot, jotka pelaamistani seurasivat, n\u00e4kiv\u00e4t oikeasti, millainen pelaaja ja ihminen olen. Tuntuu, ett\u00e4 vedin ihan hyvin.<\/p>\n<p class=\"paragraph\">Samaan hengenvetoon n\u00f6yr\u00e4 peluri nostaa esiin yhden oleellisen kehityskohteen.<\/p>\n<p class=\"paragraph\">\u2013 Totta kai pit\u00e4\u00e4 harjoitella kovuutta ja tietynlaista ilkeytt\u00e4 kaukalossa, jotta saisin ry\u00f6stetty\u00e4 paikan ylh\u00e4\u00e4lt\u00e4. Sit\u00e4 ty\u00f6stet\u00e4\u00e4n nyt sitten. Eih\u00e4n se ole sen kummempaa kuin toistoja vaan.<\/p>\n<p>Kohtelu<\/p>\n<p class=\"paragraph\">Vaikka Hyry oli AHL-joukkueen johtavia pelaajia kauden alusta l\u00e4htien, h\u00e4n ei ensimm\u00e4isen viiden ottelun mittaisen NHL-visiittins\u00e4 j\u00e4lkeen saanut uusia mahdollisuuksia taalaliigassa.<\/p>\n<p class=\"paragraph\"><strong>Koetko, ett\u00e4 olisit ansainnut enemm\u00e4n pelej\u00e4 NHL:ss\u00e4?<\/strong><\/p>\n<p class=\"paragraph\">\u2013 No en mun mielest\u00e4 silleen. Siis totta kai jos kutsu k \u00e4y, pystyn pelaamaan ja tied\u00e4n, ett\u00e4 pystyn ottamaan sen vastuun, mutta kilpailu pelipaikoista on niin kovaa. AHL:ss\u00e4kin on pari kent\u00e4llist\u00e4 \u00e4iji\u00e4, jotka pystyisiv\u00e4t pelaamaan ylh\u00e4\u00e4ll\u00e4. Joskus se on ihan vain loukkaantumisista kiinni.<\/p>\n<p>Hyry edusti Suomea Prahan MM-kisoissa. PASI LIESIMAA<\/p>\n<p class=\"paragraph\">Hyryn mukaan maltti on valttia.<\/p>\n<p class=\"paragraph\">\u2013 Kyll\u00e4h\u00e4n se k\u00e4rsiv\u00e4llisyys on isoin aspekti, kun koetetaan saada vakipaikkaa siell\u00e4.<\/p>\n<p class=\"paragraph\">Kamppailu pelipaikoista on Dallasin kaltaisessa huippuorganisaatiossa toden totta kovaa. Joukkue on jo monta vuotta lukeutunut kausiennakoissa yhdeksi NHL:n suurimmista mestarikandidaateista, eik\u00e4 tuleva kausi tee poikkeusta.<\/p>\n<p class=\"paragraph\">Hyry iloitsee, ett\u00e4 organisaatio voi hyvin.<\/p>\n<p class=\"paragraph\">\u2013 Mestaruusikkuna on aika pitk\u00e4n aikaa auki. Joukkueessa on nuori ydinrunko, mutta kokemustakin on juuri sopivasti. Dallas on kolmella edelliskaudella pelannut konferenssifinaaleissa, joten kyll\u00e4 siell\u00e4 tiedet\u00e4\u00e4n, mit\u00e4 voittaminen vaatii.<\/p>\n<p class=\"paragraph\">Oululainen pelasi ja matkusti farmiseuran mukana, kun organisaation muut suomalaiset  esiintyiv\u00e4t kirkkaissa valoissa.<\/p>\n<p class=\"paragraph\">Dallasin organisaatiossa pelaavat Hyryn lis\u00e4ksi <strong>Roope Hintz<\/strong>, <strong>Miro Heiskanen<\/strong>, <strong>Esa Lindell<\/strong> ja <strong>Mikko Rantanen<\/strong>. Loppukaudesta joukkuetta edusti my\u00f6s <strong>Mikael Granlund<\/strong>.<\/p>\n<p class=\"paragraph\">Pohjoisen miehet pitiv\u00e4t yhteytt\u00e4 kauden aikana.<\/p>\n<p class=\"paragraph\">\u2013 Jonkun verran vaihdettiin kuulumisia silloin, kun en ollut ylh\u00e4\u00e4ll\u00e4. Ei mitenk\u00e4\u00e4n p\u00e4ivitt\u00e4in. Molemmilla on kuitenkin omat pelit, joihin t\u00e4ytyy keskitty\u00e4.<\/p>\n<p class=\"paragraph\">Texas Stars pelaa omat ottelunsa Austinissa, josta on noin kolmen tunnin ajomatka Dallasiin.<\/p>\n<p class=\"paragraph\">\u2013 Teksasissa v\u00e4limatkat ovat pitki\u00e4. Tuntuu, ett\u00e4 se [Dallas] on aika l\u00e4hell\u00e4, mutta yll\u00e4tt\u00e4v\u00e4n kaukana se kuitenkin on.<\/p>\n<p>Unelma<\/p>\n<p class=\"paragraph\">Hyry ei ollut juniorivuosinaan superlupaus, eik\u00e4 h\u00e4nt\u00e4 povattu NHL:n ykk\u00f6skierroksen varaukseksi. Hyry ei my\u00f6sk\u00e4\u00e4n koskaan pelannut juniorimaajoukkueissa. Ensikosketus leijonapaitaan tuli vasta toissa kev\u00e4\u00e4n\u00e4 aikuisten MM-j\u00e4ill\u00e4.<\/p>\n<p class=\"paragraph\">H\u00e4n on kuitenkin pitk\u00e4j\u00e4nteisell\u00e4 ty\u00f6ll\u00e4 ansainnut paikkansa Pohjois-Amerikassa ja saanut jalkansa jopa NHL-oven v\u00e4liin.<\/p>\n<p class=\"paragraph\">Ensi kaudella helmikuussa j\u00e4rjestet\u00e4\u00e4n talviolympialaiset, jossa NHL on mukana vuosien tauon j\u00e4lkeen.<\/p>\n<p class=\"paragraph\">Hyry janoaa paikkaa my\u00f6s noissa karkeloissa.<\/p>\n<p class=\"paragraph\">\u2013 Eik\u00f6h\u00e4n ihan jokainen j\u00e4\u00e4kiekkoa pelaava haluaisi sinne kaikista eniten, mutta t\u00e4ss\u00e4kin on muistettava samat realiteetit: kilpailu on kovaa.<\/p>\n<p class=\"paragraph\">Kaikki on kuitenkin mahdollista.<\/p>\n<p class=\"paragraph\">\u2013 Minulla on kaikki keskittyminen alkukaudessa. Yrit\u00e4n saada paikan ylh\u00e4\u00e4lt\u00e4, ja sit\u00e4 kautta l\u00e4hte\u00e4 rakentamaan kautta. Tosi hyv\u00e4ll\u00e4 alkukaudella voisin ainakin antaa itselleni mahdollisuuden jahdata olympiapaikkaa. Olisihan se \u00e4lytt\u00f6m\u00e4n siisti\u00e4.<\/p>\n<p class=\"paragraph\"><strong>Mik\u00e4 on ensi kauden tavoite?<\/strong><\/p>\n<p class=\"paragraph\">\u2013 Paikka NHL:st\u00e4.<\/p>\n<p class=\"paragraph\">Hyry ainakin aloittaa kautensa farmijoukkueessa.<\/p>\n<p>Arttu Hyry tahtoo poseerata leijonapaidassa my\u00f6s Milano-Cortinassa. J\u00e4\u00e4kiekkoliitto<\/p>\n","protected":false},"excerpt":{"rendered":"Arttu Hyry tavoittelee paikkaa kirkkaissa valoissa. Arttu Hyry kommentoi v\u00e4h\u00e4ist\u00e4 vastuutaan NHL:ss\u00e4. Olympialaiset kiinnostavat oululaisl\u00e4ht\u00f6ist\u00e4 hy\u00f6kk\u00e4\u00e4j\u00e4\u00e4. Hyryll\u00e4 on&hellip;\n","protected":false},"author":2,"featured_media":57560,"comment_status":"","ping_status":"","sticky":false,"template":"","format":"standard","meta":{"footnotes":""},"categories":[5],"tags":[35,1144,1274,22,23,26,27,33,31,30,17,1143,24,25,41,28,29,15,18,21,32,1145,19,20,16],"class_list":{"0":"post-57559","1":"post","2":"type-post","3":"status-publish","4":"format-standard","5":"has-post-thumbnail","7":"category-otsikot","8":"tag-24h","9":"tag-ammattilaisjaakiekko","10":"tag-ammattiurheilu","11":"tag-breaking-news","12":"tag-breakingnews","13":"tag-featured-news","14":"tag-featurednews","15":"tag-fi","16":"tag-finland","17":"tag-finnish","18":"tag-headlines","19":"tag-jaakiekko","20":"tag-latest-news","21":"tag-latestnews","22":"tag-liikunta-ja-urheilu","23":"tag-main-news","24":"tag-mainnews","25":"tag-news","26":"tag-otsikot","27":"tag-paauutiset","28":"tag-suomi","29":"tag-talviurheilu","30":"tag-top-stories","31":"tag-topstories","32":"tag-uutiset"},"share_on_mastodon":{"url":"","error":""},"_links":{"self":[{"href":"https:\/\/www.europesays.com\/fi\/wp-json\/wp\/v2\/posts\/57559","targetHints":{"allow":["GET"]}}],"collection":[{"href":"https:\/\/www.europesays.com\/fi\/wp-json\/wp\/v2\/posts"}],"about":[{"href":"https:\/\/www.europesays.com\/fi\/wp-json\/wp\/v2\/types\/post"}],"author":[{"embeddable":true,"href":"https:\/\/www.europesays.com\/fi\/wp-json\/wp\/v2\/users\/2"}],"replies":[{"embeddable":true,"href":"https:\/\/www.europesays.com\/fi\/wp-json\/wp\/v2\/comments?post=57559"}],"version-history":[{"count":0,"href":"https:\/\/www.europesays.com\/fi\/wp-json\/wp\/v2\/posts\/57559\/revisions"}],"wp:featuredmedia":[{"embeddable":true,"href":"https:\/\/www.europesays.com\/fi\/wp-json\/wp\/v2\/media\/57560"}],"wp:attachment":[{"href":"https:\/\/www.europesays.com\/fi\/wp-json\/wp\/v2\/media?parent=57559"}],"wp:term":[{"taxonomy":"category","embeddable":true,"href":"https:\/\/www.europesays.com\/fi\/wp-json\/wp\/v2\/categories?post=57559"},{"taxonomy":"post_tag","embeddable":true,"href":"https:\/\/www.europesays.com\/fi\/wp-json\/wp\/v2\/tags?post=57559"}],"curies":[{"name":"wp","href":"https:\/\/api.w.org\/{rel}","templated":true}]}}