{"id":57561,"date":"2025-10-09T21:49:11","date_gmt":"2025-10-09T21:49:11","guid":{"rendered":"https:\/\/www.europesays.com\/fi\/57561\/"},"modified":"2025-10-09T21:49:11","modified_gmt":"2025-10-09T21:49:11","slug":"kainuussa-torjutaan-luontokatoa-lumo-ohjelmalla-kainuu","status":"publish","type":"post","link":"https:\/\/www.europesays.com\/fi\/57561\/","title":{"rendered":"Kainuussa torjutaan luontokatoa Lumo-ohjelmalla | Kainuu"},"content":{"rendered":"<p class=\"aw-1gybjub aw-5vja16 ghpEtB kjanFo yle__article__paragraph\">Kainuun ely-keskus ker\u00e4\u00e4 verkkokyselyll\u00e4 n\u00e4kemyksi\u00e4 luonnon monimuotoisuudesta.<\/p>\n<p><img decoding=\"async\" alt=\"Ilmakuva ennallistetusta suoalueesta, taustalla n\u00e4kyy my\u00f6s luonnontilassa oleva ojittamaton suo.\" src=\"https:\/\/www.europesays.com\/fi\/wp-content\/uploads\/2025\/10\/39-153188368de3ba657011.jpeg\" class=\"aw-1l9m598 hKVVvP\"\/><\/p>\n<p>Avaa kuvien katselu<\/p>\n<p>Ilmakuva ennallistetusta suoalueesta, taustalla n\u00e4kyy my\u00f6s luonnontilassa oleva ojittamaton suo. Kuva: Jarkko Riikonen<\/p>\n<p class=\"aw-1gybjub aw-1p7kakr ghpEtB jtovHP yle__article__paragraph\">Kainuun ely-keskus hakee <a class=\"aw-iao6s4 iHOxEa yle__article__link\" href=\"https:\/\/forms.office.com\/e\/s5522Dr5im\" role=\"link\" rel=\"nofollow noopener\" target=\"_blank\">verkkokyselyn avulla<\/a> n\u00e4kemyksi\u00e4 Kainuun luonnon monimuotoisuudesta, sen tilasta, haasteista ja edist\u00e4miskeinoista.<\/p>\n<p class=\"aw-1gybjub aw-1p7kakr ghpEtB jtovHP yle__article__paragraph\">Marraskuun loppuun saakka auki oleva kysely on osa Lumo-ohjelmaa, mink\u00e4 tavoitteena on parantaa Kainuun luonnon tilaa ja turvata sen monimuotoisuus tuleville sukupolville.<\/p>\n<p class=\"aw-1gybjub aw-1p7kakr ghpEtB jtovHP yle__article__paragraph\">Lumo-ohjelmalla pyrit\u00e4\u00e4n est\u00e4m\u00e4\u00e4n luontokatoa, eli monimuotoisuuden heikkenemist\u00e4. My\u00f6s Kainuuta koskettavan luontokadon taustalla ovat muun muassa ilmastonmuutos, maank\u00e4yt\u00f6n muutokset sek\u00e4 elinymp\u00e4rist\u00f6jen pirstoutuminen. N\u00e4iden uhkien torjuminen edellytt\u00e4\u00e4 ely-keskuksen mukaan yhteist\u00e4 tahtoa ja yhteisty\u00f6t\u00e4.<\/p>\n<p class=\"aw-1gybjub aw-1p7kakr ghpEtB jtovHP yle__article__paragraph\">Kainuun Lumo-ohjelman ensivaiheessa tunnistetaan maakunnan merkitt\u00e4vimm\u00e4t monimuotoisuuskeskittym\u00e4t ja niiden v\u00e4liset yhteydet. T\u00e4m\u00e4n pohjalta m\u00e4\u00e4ritet\u00e4\u00e4n tavoitteet monimuotoisuuden edist\u00e4miselle ja turvaamiselle sek\u00e4 toimenpiteet, joiden avulla luonnon monimuotoisuuden v\u00e4heneminen pys\u00e4ytet\u00e4\u00e4n.<\/p>\n<p class=\"aw-1gybjub aw-1p7kakr ghpEtB jtovHP yle__article__paragraph\"><a class=\"aw-iao6s4 iHOxEa yle__article__link\" href=\"https:\/\/yle.fi\/uutiset\/18-178011\" role=\"link\" rel=\"nofollow noopener\" target=\"_blank\">Lue lis\u00e4\u00e4 Kainuun uutisia<\/a> Yle Uutisten netiss\u00e4.<\/p>\n","protected":false},"excerpt":{"rendered":"Kainuun ely-keskus ker\u00e4\u00e4 verkkokyselyll\u00e4 n\u00e4kemyksi\u00e4 luonnon monimuotoisuudesta. Avaa kuvien katselu Ilmakuva ennallistetusta suoalueesta, taustalla n\u00e4kyy my\u00f6s luonnontilassa oleva&hellip;\n","protected":false},"author":2,"featured_media":57562,"comment_status":"","ping_status":"","sticky":false,"template":"","format":"standard","meta":{"footnotes":""},"categories":[117],"tags":[2220,33,31,30,1776,723,2221,2601,961,72,1099,13565,476,118,32,119,477],"class_list":{"0":"post-57561","1":"post","2":"type-post","3":"status-publish","4":"format-standard","5":"has-post-thumbnail","7":"category-luonto","8":"tag-elinkeino","9":"tag-fi","10":"tag-finland","11":"tag-finnish","12":"tag-ilmastonmuutos","13":"tag-kainuu","14":"tag-liikenne-ja-ymparistokeskus-ely","15":"tag-luonnon-monimuotoisuus","16":"tag-luonnonsuojelu","17":"tag-luonto","18":"tag-luontokato","19":"tag-monimuotoisuus","20":"tag-nature","21":"tag-science","22":"tag-suomi","23":"tag-tiede","24":"tag-wildlife"},"share_on_mastodon":{"url":"","error":""},"_links":{"self":[{"href":"https:\/\/www.europesays.com\/fi\/wp-json\/wp\/v2\/posts\/57561","targetHints":{"allow":["GET"]}}],"collection":[{"href":"https:\/\/www.europesays.com\/fi\/wp-json\/wp\/v2\/posts"}],"about":[{"href":"https:\/\/www.europesays.com\/fi\/wp-json\/wp\/v2\/types\/post"}],"author":[{"embeddable":true,"href":"https:\/\/www.europesays.com\/fi\/wp-json\/wp\/v2\/users\/2"}],"replies":[{"embeddable":true,"href":"https:\/\/www.europesays.com\/fi\/wp-json\/wp\/v2\/comments?post=57561"}],"version-history":[{"count":0,"href":"https:\/\/www.europesays.com\/fi\/wp-json\/wp\/v2\/posts\/57561\/revisions"}],"wp:featuredmedia":[{"embeddable":true,"href":"https:\/\/www.europesays.com\/fi\/wp-json\/wp\/v2\/media\/57562"}],"wp:attachment":[{"href":"https:\/\/www.europesays.com\/fi\/wp-json\/wp\/v2\/media?parent=57561"}],"wp:term":[{"taxonomy":"category","embeddable":true,"href":"https:\/\/www.europesays.com\/fi\/wp-json\/wp\/v2\/categories?post=57561"},{"taxonomy":"post_tag","embeddable":true,"href":"https:\/\/www.europesays.com\/fi\/wp-json\/wp\/v2\/tags?post=57561"}],"curies":[{"name":"wp","href":"https:\/\/api.w.org\/{rel}","templated":true}]}}