{"id":5759,"date":"2025-08-14T17:54:10","date_gmt":"2025-08-14T17:54:10","guid":{"rendered":"https:\/\/www.europesays.com\/fi\/5759\/"},"modified":"2025-08-14T17:54:10","modified_gmt":"2025-08-14T17:54:10","slug":"vinttikamarista-kaamosgalleriaan-suurelle-yleisolle-tuntemattomaksi-jaaneen-eino-vattulan-taiteeseen-voi-nyt-tutustua-kuusamotalolla","status":"publish","type":"post","link":"https:\/\/www.europesays.com\/fi\/5759\/","title":{"rendered":"Vinttikamarista Kaamosgalleriaan \u2013 suurelle yleis\u00f6lle tuntemattomaksi j\u00e4\u00e4neen Eino Vattulan taiteeseen voi nyt tutustua Kuusamotalolla"},"content":{"rendered":"<p> <img decoding=\"async\" class=\"responsive-image article__image-image lozad\"   src=\"https:\/\/www.europesays.com\/fi\/wp-content\/uploads\/2025\/08\/GRZ2Wn0PnCV3BBX1QQgfNdxuo-CrkV6UsM-Cc93et6ji7mWIsj2bzPZTlW9AmRkBL6MWoIdTnu22GGjMtRhS0cDV2pCZ6gZjGFDB.jpeg\" alt=\"Kuusamotalon Kaamosgalleriassa voi tutustua kuusamolaisen, itseoppineen taiteilijan Eino Vattulan taiteelliseen el\u00e4m\u00e4nty\u00f6h\u00f6n.\"\/><\/p>\n<p>\n Kuusamotalon Kaamosgalleriassa voi tutustua kuusamolaisen, itseoppineen taiteilijan Eino Vattulan taiteelliseen el\u00e4m\u00e4nty\u00f6h\u00f6n.\n <\/p>\n<p>\n Kuva: Sanna Kantola\n <\/p>\n<p class=\"article__paragraph\">\n Kev\u00e4\u00e4ll\u00e4 menehtyneen Eino Vattulan taiden\u00e4yttelyyn on koottu teoksia taiteilijan j\u00e4\u00e4mist\u00f6st\u00e4. Kuusamotalon n\u00e4yttelyn ovat kuratoineet n\u00e4yttelysuunnittelija Riina Puurunen ja tapahtumatuottaja Linda Sainio.\n <\/p>\n<p class=\"article__paragraph\">\n Puurunen kertoo n\u00e4yttelyn syntyneen nopeasti. Nyky\u00e4\u00e4n Vattulan perikunnalle kuuluvat teokset olivat helposti l\u00f6ydett\u00e4viss\u00e4 Kuusamon kaupungin museovarastosta.<\/p>\n","protected":false},"excerpt":{"rendered":"Kuusamotalon Kaamosgalleriassa voi tutustua kuusamolaisen, itseoppineen taiteilijan Eino Vattulan taiteelliseen el\u00e4m\u00e4nty\u00f6h\u00f6n. Kuva: Sanna Kantola Kev\u00e4\u00e4ll\u00e4 menehtyneen Eino Vattulan&hellip;\n","protected":false},"author":2,"featured_media":5760,"comment_status":"","ping_status":"","sticky":false,"template":"","format":"standard","meta":{"footnotes":""},"categories":[135],"tags":[389,387,388,390,137,33,31,30,32,394,393,391,392,109],"class_list":{"0":"post-5759","1":"post","2":"type-post","3":"status-publish","4":"format-standard","5":"has-post-thumbnail","7":"category-taiteet-ja-suunnittelu","8":"tag-arts","9":"tag-arts-and-design","10":"tag-artsanddesign","11":"tag-design","12":"tag-entertainment","13":"tag-fi","14":"tag-finland","15":"tag-finnish","16":"tag-suomi","17":"tag-suunnittelu","18":"tag-taiteet","19":"tag-taiteet-ja-suunnittelu","20":"tag-taiteetsuunnittelu","21":"tag-viihde"},"share_on_mastodon":{"url":"","error":""},"_links":{"self":[{"href":"https:\/\/www.europesays.com\/fi\/wp-json\/wp\/v2\/posts\/5759","targetHints":{"allow":["GET"]}}],"collection":[{"href":"https:\/\/www.europesays.com\/fi\/wp-json\/wp\/v2\/posts"}],"about":[{"href":"https:\/\/www.europesays.com\/fi\/wp-json\/wp\/v2\/types\/post"}],"author":[{"embeddable":true,"href":"https:\/\/www.europesays.com\/fi\/wp-json\/wp\/v2\/users\/2"}],"replies":[{"embeddable":true,"href":"https:\/\/www.europesays.com\/fi\/wp-json\/wp\/v2\/comments?post=5759"}],"version-history":[{"count":0,"href":"https:\/\/www.europesays.com\/fi\/wp-json\/wp\/v2\/posts\/5759\/revisions"}],"wp:featuredmedia":[{"embeddable":true,"href":"https:\/\/www.europesays.com\/fi\/wp-json\/wp\/v2\/media\/5760"}],"wp:attachment":[{"href":"https:\/\/www.europesays.com\/fi\/wp-json\/wp\/v2\/media?parent=5759"}],"wp:term":[{"taxonomy":"category","embeddable":true,"href":"https:\/\/www.europesays.com\/fi\/wp-json\/wp\/v2\/categories?post=5759"},{"taxonomy":"post_tag","embeddable":true,"href":"https:\/\/www.europesays.com\/fi\/wp-json\/wp\/v2\/tags?post=5759"}],"curies":[{"name":"wp","href":"https:\/\/api.w.org\/{rel}","templated":true}]}}