{"id":57623,"date":"2025-10-09T23:44:10","date_gmt":"2025-10-09T23:44:10","guid":{"rendered":"https:\/\/www.europesays.com\/fi\/57623\/"},"modified":"2025-10-09T23:44:10","modified_gmt":"2025-10-09T23:44:10","slug":"tuukka-temosen-cancel-loysi-heti-yleisonsa","status":"publish","type":"post","link":"https:\/\/www.europesays.com\/fi\/57623\/","title":{"rendered":"Tuukka Temosen Cancel l\u00f6ysi heti yleis\u00f6ns\u00e4"},"content":{"rendered":"<p>            Miikka Kaskinen\n        <\/p>\n<p class=\"subtitle \">Tuukka Temonen voi olla tyytyv\u00e4inen ty\u00f6ns\u00e4 tuloksiin.<\/p>\n<p class=\"article-content article-content-width !bg-background\">Ohjaaja  on ollut viime vuodet raskaita sek\u00e4 henkil\u00f6kohtaisessa el\u00e4m\u00e4ss\u00e4 ett\u00e4 t\u00f6iden saralla.<\/p>\n<p class=\"article-content article-content-width !bg-background\">Viime kev\u00e4\u00e4n\u00e4 Tuukka kertoi lopettavansa elokuvien tekemisen omaan piikkiins\u00e4.<\/p>\n<p class=\"article-content article-content-width !bg-background\">Takana oli useampi oman tuotantoyhti\u00f6n voimin tehty elokuva, kuten muun muassa Apulannasta kertova Teit meist\u00e4 kauniin sek\u00e4 tammikuussa ilmestynyt Meduusalla ei ole syd\u00e4nt\u00e4, jossa vaimo  n\u00e4ytteli vahvan p\u00e4\u00e4roolin.<\/p>\n<p class=\"article-content article-content-width !bg-background\">Henkil\u00f6kohtaisessa el\u00e4m\u00e4ss\u00e4 haasteita on tuonut Olgan sy\u00f6p\u00e4taistelu, josta koko perhe on ollut todella avoin.<\/p>\n<p>        <a itemprop=\"url\" href=\"https:\/\/www.seiska.fi\/katso\/tuukka-temonen-uuden-edessa-kommentoi-milta-tuntuu-tehda-toita-ilman-olga-vaimoa\/1946563\" rel=\"nofollow noopener\" target=\"_blank\"><\/p>\n<p>\nTuukka Temonen uuden edess\u00e4\n<\/p>\n<p class=\"section-date\">\n        <strong class=\"article-section\" data-section=\"katso\"><br \/>\n            katso<br \/>\n        <\/strong><br \/>\n        1.10. 13:15\n    <\/p>\n<p>Tuukka Temonen uuden edess\u00e4 \u2013 kommentoi, milt\u00e4 tuntuu tehd\u00e4 t\u00f6it\u00e4 ilman Olga-vaimoa\n    <\/p>\n<p itemprop=\"description\" class=\"subtitle \">\n    Cancel tulee n\u00e4ytt\u00e4m\u00e4\u00e4n, kuinka hyvin suositut somet\u00e4hdet saavat mobilisoitua omat seuraajansa elokuvateattereihin asti.\n<\/p>\n<p>        <\/a><\/p>\n<p>                <img decoding=\"async\" src=\"https:\/\/www.europesays.com\/fi\/wp-content\/uploads\/2025\/10\/1956675.webp\" width=\"576\" height=\"322\" alt=\"Cancelissa t\u00e4htin\u00e4 n\u00e4hd\u00e4\u00e4n n\u00e4yttelij\u00f6iden sijaan tubettajat.\" loading=\"lazy\" \/>            <\/p>\n<p>\n            Cancelissa t\u00e4htin\u00e4 n\u00e4hd\u00e4\u00e4n n\u00e4yttelij\u00f6iden sijaan tubettajat.<br \/>\n            Cata Portin \/ Solar Films\n        <\/p>\n<p>Valtaisa lukema<\/p>\n<p class=\"article-content article-content-width !bg-background\">Nyt Tuukalla on iloisiakin uutisia, sill\u00e4 h\u00e4nen ohjaamansa Cancel on l\u00f6yt\u00e4nyt katsojansa.<\/p>\n<p class=\"article-content article-content-width !bg-background\">Cancel ker\u00e4si ensi-iltap\u00e4iv\u00e4n\u00e4\u00e4n katsojia per\u00e4ti 15 492, ja on n\u00e4in ollen jo yhden p\u00e4iv\u00e4n katsojaluvullaan koko viikon katsotuin elokuva, kertoo ProPromotion Oy tiedotteessaan.<\/p>\n<p class=\"article-content article-content-width !bg-background\">Cancelia voinee kuvata uuden ajan elokuvaksi, sill\u00e4 se perustuu YouTubesta tuttuihin t\u00e4htiin\u00a0,  ja .\u00a0Elokuvassa n\u00e4hd\u00e4\u00e4n iso liuta my\u00f6s muita julkkiksia, kuten ,  ja .<\/p>\n<p class=\"article-content article-content-width !bg-background\">\u2013 T\u00e4m\u00e4 tuntuu ihan unelta! On ollut uskomatonta lukea palautteita elokuvasta, suorastaan onnenkyyneleet valuvat silmist\u00e4, intoilee Santtu tiedotteessa.<\/p>\n<p>        <a itemprop=\"url\" href=\"https:\/\/www.seiska.fi\/katso\/elokuva-arvio-tubetahtien-toimintakomedia-cancel-jaa-sketsikoosteeksi\/1940217\" rel=\"nofollow noopener\" target=\"_blank\"><\/p>\n<p>\nEnsi-illassa Cancel\n<\/p>\n<p class=\"section-date\">\n        <strong class=\"article-section\" data-section=\"katso\"><br \/>\n            katso<br \/>\n        <\/strong><br \/>\n        8.10. 08:15\n    <\/p>\n<p>Elokuva-arvio: Tubet\u00e4htien toimintakomedia Cancel j\u00e4\u00e4 sketsikoosteeksi\n    <\/p>\n<p itemprop=\"description\" class=\"subtitle \">\n    Cancel saa ensi-iltansa elokuvateattereissa keskiviikkona 8. lokakuuta.\n<\/p>\n<p>        <\/a><\/p>\n<p>                <img decoding=\"async\" src=\"https:\/\/www.europesays.com\/fi\/wp-content\/uploads\/2025\/10\/1956677.webp\" width=\"576\" height=\"322\" alt=\"Cancel-elokuvan kutsuvierasensi-ilta j\u00e4rjestettiin tiistaina, ja Tuukka otti osaa tapahtumaan koko perheen voimin.\" loading=\"lazy\" \/>            <\/p>\n<p>\n            Cancel-elokuvan kutsuvierasensi-ilta j\u00e4rjestettiin tiistaina, ja Tuukka otti osaa tapahtumaan koko perheen voimin.<br \/>\n            Jani Korpela\n        <\/p>\n<p>&#8221;Onhan nekin aina mahdollisia&#8221;<\/p>\n<p class=\"article-content article-content-width !bg-background\">Tuukka avautui viime viikolla Katsolle Cancelista ja heitti osaltaan palloa tubet\u00e4hdille.<\/p>\n<p class=\"article-content article-content-width !bg-background\">\u2013 Nyth\u00e4n t\u00e4ss\u00e4 tullaan n\u00e4kem\u00e4\u00e4n sekin, kuinka suosittuja pojat oikeasti ovat, Tuukka naurahti viime viikolla viitaten tuleviin katsojalukuihin.<\/p>\n<p class=\"article-content article-content-width !bg-background\">Samaisessa haastattelussa Tuukka antoi my\u00f6s ymm\u00e4rt\u00e4\u00e4 olevansa avoin mahdolliselle Cancelin jatko-osalle.<\/p>\n<p class=\"article-content article-content-width !bg-background\">\u2013 Mutta katsotaan, jos ihmiset Cancelin k\u00e4yv\u00e4t katsomassa ja haluavat seikkailulle jatkoa, niin onhan nekin aina mahdollisia, Tuukka vinkkasi.<\/p>\n","protected":false},"excerpt":{"rendered":"Miikka Kaskinen Tuukka Temonen voi olla tyytyv\u00e4inen ty\u00f6ns\u00e4 tuloksiin. Ohjaaja on ollut viime vuodet raskaita sek\u00e4 henkil\u00f6kohtaisessa el\u00e4m\u00e4ss\u00e4&hellip;\n","protected":false},"author":2,"featured_media":57624,"comment_status":"","ping_status":"","sticky":false,"template":"","format":"standard","meta":{"footnotes":""},"categories":[136],"tags":[12527,407,623,137,33,31,30,408,3411,32,2721,109,13583],"class_list":{"0":"post-57623","1":"post","2":"type-post","3":"status-publish","4":"format-standard","5":"has-post-thumbnail","7":"category-julkkikset","8":"tag-cancel","9":"tag-celebrities","10":"tag-elokuva","11":"tag-entertainment","12":"tag-fi","13":"tag-finland","14":"tag-finnish","15":"tag-julkkikset","16":"tag-olga-temonen","17":"tag-suomi","18":"tag-tuukka-temonen","19":"tag-viihde","20":"tag-youtube-tahdet"},"share_on_mastodon":{"url":"","error":""},"_links":{"self":[{"href":"https:\/\/www.europesays.com\/fi\/wp-json\/wp\/v2\/posts\/57623","targetHints":{"allow":["GET"]}}],"collection":[{"href":"https:\/\/www.europesays.com\/fi\/wp-json\/wp\/v2\/posts"}],"about":[{"href":"https:\/\/www.europesays.com\/fi\/wp-json\/wp\/v2\/types\/post"}],"author":[{"embeddable":true,"href":"https:\/\/www.europesays.com\/fi\/wp-json\/wp\/v2\/users\/2"}],"replies":[{"embeddable":true,"href":"https:\/\/www.europesays.com\/fi\/wp-json\/wp\/v2\/comments?post=57623"}],"version-history":[{"count":0,"href":"https:\/\/www.europesays.com\/fi\/wp-json\/wp\/v2\/posts\/57623\/revisions"}],"wp:featuredmedia":[{"embeddable":true,"href":"https:\/\/www.europesays.com\/fi\/wp-json\/wp\/v2\/media\/57624"}],"wp:attachment":[{"href":"https:\/\/www.europesays.com\/fi\/wp-json\/wp\/v2\/media?parent=57623"}],"wp:term":[{"taxonomy":"category","embeddable":true,"href":"https:\/\/www.europesays.com\/fi\/wp-json\/wp\/v2\/categories?post=57623"},{"taxonomy":"post_tag","embeddable":true,"href":"https:\/\/www.europesays.com\/fi\/wp-json\/wp\/v2\/tags?post=57623"}],"curies":[{"name":"wp","href":"https:\/\/api.w.org\/{rel}","templated":true}]}}