{"id":57755,"date":"2025-10-10T04:05:08","date_gmt":"2025-10-10T04:05:08","guid":{"rendered":"https:\/\/www.europesays.com\/fi\/57755\/"},"modified":"2025-10-10T04:05:08","modified_gmt":"2025-10-10T04:05:08","slug":"juhani-kirpilan-ja-seppo-frantin-kokoelmat-kohtaavat-taidekodissa-toolossa","status":"publish","type":"post","link":"https:\/\/www.europesays.com\/fi\/57755\/","title":{"rendered":"Juhani Kirpil\u00e4n ja Seppo Fr\u00e4ntin kokoelmat kohtaavat taidekodissa T\u00f6\u00f6l\u00f6ss\u00e4"},"content":{"rendered":"<p>Parasta juuri nyt|Seppo Fr\u00e4nti alkoi ker\u00e4t\u00e4 taidetta Juhani Kirpil\u00e4n innoittamana.<\/p>\n<p>Lue tiivistelm\u00e4<\/p>\n<p>Tiivistelm\u00e4 on teko\u00e4lyn tekem\u00e4 ja ihmisen tarkistama.<\/p>\n<p class=\"article-body mb-nof-24 px-nof-16 sndp-summary-bullet-point-font\">Seppo Fr\u00e4nti alkoi ker\u00e4t\u00e4 taidetta Juhani Kirpil\u00e4n innoittamana, kirjoittaa Susanna Laari.<\/p>\n<p class=\"article-body mb-nof-24 px-nof-16 sndp-summary-bullet-point-font\">Kirpil\u00e4n Taidekoti on avoin ja ilmainen vierailukohde, jossa voi nyt n\u00e4hd\u00e4 osan Fr\u00e4ntin kokoelmaa.<\/p>\n<p class=\"article-body mb-nof-24 px-nof-16 sndp-summary-bullet-point-font\">Fr\u00e4nti lahjoitti 650 teosta Kiasmalle.<\/p>\n<p class=\"article-body mb-nof-24 px-nof-16 sndp-summary-bullet-point-font\">Fr\u00e4ntin kokoelma kertoo vilpitt\u00f6m\u00e4st\u00e4 rakkaudesta taiteeseen, Laari kirjoittaa.<\/p>\n<p class=\"article-body mb-nof-24 px-nof-16\">Vuonna 1979 reumal\u00e4\u00e4k\u00e4ri <a class=\"article-personlink\" href=\"https:\/\/www.hs.fi\/haku\/?query=Juhani%20Kirpil%C3%A4n\" rel=\"nofollow noopener\" target=\"_blank\">Juhani Kirpil\u00e4n<\/a> parinsadan neli\u00f6n asunto Ullanlinnassa k\u00e4vi pieneksi. Taideker\u00e4ilij\u00e4n koti oli niin t\u00e4ynn\u00e4 maalauksia, ett\u00e4 sein\u00e4tila uusille teoksille oli v\u00e4hiss\u00e4.<\/p>\n<p class=\"article-body mb-nof-24 px-nof-16\">Onneksi Pohjoisella Hesperiankadulla oli myynniss\u00e4 koko kerrostalon ylin kerros. Sinne muuttivat Kirpil\u00e4n mukana h\u00e4nen kumppaninsa, antiikkikauppias <a class=\"article-personlink\" href=\"https:\/\/www.hs.fi\/haku\/?query=Karl%20Rosenqvist\" rel=\"nofollow noopener\" target=\"_blank\">Karl Rosenqvist<\/a> sek\u00e4 hetkeksi aikaa my\u00f6s <a class=\"article-personlink\" href=\"https:\/\/www.hs.fi\/haku\/?query=Seppo%20Fr%C3%A4nti\" rel=\"nofollow noopener\" target=\"_blank\">Seppo Fr\u00e4nti<\/a>. Kun Kirpil\u00e4 kuoli \u2013 vain 56-vuotiaana \u2013 vuonna 1988, h\u00e4n testamenttasi koko omaisuutensa Suomen Kulttuurirahastolle.<\/p>\n<p class=\"article-body mb-nof-24 px-nof-16\">Ja millainen omaisuus se onkaan!<\/p>\n<p class=\"article-body mb-nof-24 px-nof-16\">T\u00e4n\u00e4\u00e4n Kirpil\u00e4n Taidekoti on avoin ja ilmainen vierailukohde. Kun on eteisess\u00e4 vet\u00e4nyt kenkien suojaksi samettitossut ja astuu peremm\u00e4lle, suu loksahtaa h\u00e4mm\u00e4styksest\u00e4 auki. Sein\u00e4t ovat t\u00e4ynn\u00e4 taidetta, huonekalut arvokasta antiikkia, katosta roikkuu kristallikruunuja ja lattiat on peitetty muhkeilla it\u00e4maisilla matoilla.<\/p>\n<p class=\"article-body mb-nof-24 px-nof-16\">Heti sis\u00e4\u00e4nk\u00e4ynnill\u00e4 vierailijaa tervehtii <a class=\"article-personlink\" href=\"https:\/\/www.hs.fi\/haku\/?query=Magnus%20Enckellin\" rel=\"nofollow noopener\" target=\"_blank\">Magnus Enckellin<\/a> suuri Veljesvala-teos, joka esitt\u00e4\u00e4 kolmea alastonta miest\u00e4. Sill\u00e4 oli viesti niille, jotka viestin osasivat lukea.<\/p>\n<p class=\"article-body mb-nof-24 px-nof-16\">\u201dT\u00e4\u00e4ll\u00e4 ei tarvitse esitt\u00e4\u00e4 mit\u00e4\u00e4n roolia, vaan ne voi riisua t\u00e4nne tullessaan\u201d, kertoo opas <a class=\"article-personlink\" href=\"https:\/\/www.hs.fi\/haku\/?query=Antti%20Solin\" rel=\"nofollow noopener\" target=\"_blank\">Antti Solin<\/a>.<\/p>\n<p class=\"article-body mb-nof-24 px-nof-16\">Vaikka Kirpil\u00e4n kanssa t\u00e4\u00e4ll\u00e4 asui koko ajan Rosenqvist, miesten el\u00e4m\u00e4nkumppanuudesta on alettu puhuttua suoraan vasta viime vuosina.<\/p>\n<p class=\"article-body mb-nof-24 px-nof-16\">\u201dTaidekoti Kirpil\u00e4 on nyky\u00e4\u00e4n tullut kaapista\u201d, sanoo Solin.<\/p>\n<p><img decoding=\"async\" src=\"https:\/\/www.europesays.com\/fi\/wp-content\/uploads\/2025\/10\/1760069108_952_468.jpg\" alt=\"Seppo Fr\u00e4ntin ker\u00e4ily sai alkunsa Taidekoti Kirpil\u00e4ss\u00e4. Juhani Kirpil\u00e4 ei ollut mik\u00e4\u00e4n nykytaiteen mesenaatti, mutta Fr\u00e4nti on ker\u00e4nnyt el\u00e4vien taiteilijoiden teoksia.\" class=\"_Img_1rerz_1\" style=\"aspect-ratio:0.7671875\" loading=\"eager\"\/><\/p>\n<p class=\"article-picture-caption\">Seppo Fr\u00e4ntin ker\u00e4ily sai alkunsa Taidekoti Kirpil\u00e4ss\u00e4. Juhani Kirpil\u00e4 ei ollut mik\u00e4\u00e4n nykytaiteen mesenaatti, mutta Fr\u00e4nti on ker\u00e4nnyt el\u00e4vien taiteilijoiden teoksia. Kuva:\u00a0Helen Korpak<\/p>\n<p><img decoding=\"async\" src=\"https:\/\/www.europesays.com\/fi\/wp-content\/uploads\/2025\/10\/1760069108_881_468.jpg\" alt=\"Kolmas el\u00e4m\u00e4 -n\u00e4yttelyss\u00e4 on esill\u00e4 yli kolmekymment\u00e4 Seppo Fr\u00e4ntin hankkimaa taideteosta. Niiss\u00e4 on usein ekspressiivisyytt\u00e4 ja surrealistista otetta.\" class=\"_Img_1rerz_1\" style=\"aspect-ratio:1.5\" loading=\"eager\"\/><\/p>\n<p class=\"article-picture-caption\">Kolmas el\u00e4m\u00e4 -n\u00e4yttelyss\u00e4 on esill\u00e4 yli kolmekymment\u00e4 Seppo Fr\u00e4ntin hankkimaa taideteosta. Niiss\u00e4 on usein ekspressiivisyytt\u00e4 ja surrealistista otetta. Kuva:\u00a0Kuvaaja: Riitta Supperi<\/p>\n<blockquote class=\"citation\">\n<p>\u201d<\/p>\n<p>Taidetta pit\u00e4\u00e4 hankkia omaa syd\u00e4nt\u00e4\u00e4n kuunnellen.<\/p>\n<\/blockquote>\n<p class=\"article-body mb-nof-24 px-nof-16\">Mutta k\u00e4vell\u00e4\u00e4n nyt suoraan l\u00e4pi salin, ty\u00f6huoneen ja makuuhuoneen, ja pys\u00e4hdyt\u00e4\u00e4n huoneeseen, jonne on ripustettu taideker\u00e4ilij\u00e4 Fr\u00e4ntin kokoelman teoksia. Kirpil\u00e4n innoittamana alkoi my\u00f6s h\u00e4nen ker\u00e4ilyharrastuksensa.<\/p>\n<p class=\"article-body mb-nof-24 px-nof-16\">\u201dSepon huoneen\u201d teokset poikkeavat selv\u00e4sti Kirpil\u00e4n ker\u00e4\u00e4m\u00e4st\u00e4 taiteesta. Jos Kirpil\u00e4\u00e4 kiinnosti 1900-luvun alkupuolen modernismi, Fr\u00e4nti haluaa ker\u00e4t\u00e4 el\u00e4vien taiteilijoiden nykytaidetta. Seinille on ripustettu vieri viereen muun muassa <a class=\"article-personlink\" href=\"https:\/\/www.hs.fi\/haku\/?query=Jussi%20Gomanin\" rel=\"nofollow noopener\" target=\"_blank\">Jussi Gomanin<\/a>, <a class=\"article-personlink\" href=\"https:\/\/www.hs.fi\/haku\/?query=Kim%20Somervuoren\" rel=\"nofollow noopener\" target=\"_blank\">Kim Somervuoren<\/a> ja <a class=\"article-personlink\" href=\"https:\/\/www.hs.fi\/haku\/?query=Henry%20Wuorila-Stenbergin\" rel=\"nofollow noopener\" target=\"_blank\">Henry Wuorila-Stenbergin<\/a> teoksia.<\/p>\n<p class=\"article-body mb-nof-24 px-nof-16\">Mutta on ker\u00e4ilij\u00f6ill\u00e4 yhteist\u00e4kin.<\/p>\n<p class=\"article-body mb-nof-24 px-nof-16\">Kumpikin on hankkinut teoksia ilman taideasiantuntijoita tai neuvonantajia. Kirpil\u00e4lt\u00e4 Fr\u00e4nti oppi, ett\u00e4 taidetta pit\u00e4\u00e4 hankkia omaa syd\u00e4nt\u00e4\u00e4n kuunnellen.<\/p>\n<p class=\"article-body mb-nof-24 px-nof-16\">Fr\u00e4ntin n\u00e4yttelyn nimi Kolmas el\u00e4m\u00e4 viittaa h\u00e4nen tapaansa jaksottaa el\u00e4m\u00e4\u00e4ns\u00e4. Ensimm\u00e4inen k\u00e4\u00e4nnekohta tapahtui, kun h\u00e4n vapautui Abu Sayyaf -sissiryhm\u00e4n vankeudesta Jolon saarella Filippiineill\u00e4 vuonna 2000 ja sai toisen el\u00e4m\u00e4n.<\/p>\n<p class=\"article-body mb-nof-24 px-nof-16\">Seuraava murros ajoittuu vuoteen 2017, jolloin h\u00e4n tajusi, ettei kaikelta ker\u00e4\u00e4m\u00e4lt\u00e4\u00e4n taiteelta mahdu en\u00e4\u00e4 asumaan kotonaan. Niinp\u00e4 h\u00e4n lahjoitti 650 teosta Nykytaiteen museo Kiasmalle. Osa nyt n\u00e4ht\u00e4v\u00e4n n\u00e4yttelyn yli 30 teoksesta kuuluu Kiasman kokoelmaan, mutta mukana on my\u00f6s \u201dkolmannen\u201d el\u00e4m\u00e4n aikana hankittuja t\u00f6it\u00e4, jotka eiv\u00e4t ole olleet koskaan aiemmin esill\u00e4.<\/p>\n<p class=\"article-body mb-nof-24 px-nof-16\">Taidekodin kokoelma on niin valtava, ett\u00e4 kaikkea ei pysty kerralla ottamaan vastaan. Onneksi t\u00f6\u00f6l\u00f6l\u00e4iskodin sohville saa istahtaa lep\u00e4\u00e4m\u00e4\u00e4n. Silloin voi <a class=\"article-genericlink\" href=\"https:\/\/www.hs.fi\/feature\/art-2000008938600.html\" rel=\"nofollow noopener\" target=\"_blank\">kuvitella juhlia<\/a>, joita Kirpil\u00e4 kumppaninsa kanssa j\u00e4rjesti kaupungin kattojen yll\u00e4. <\/p>\n<p class=\"article-body nof-ui-body-medium mb-nof-24 px-nof-16\">Kolmas el\u00e4m\u00e4 \u2013 Seppo Fr\u00e4ntin kokoelma 7.12. asti Taidekoti Kirpil\u00e4ss\u00e4.<\/p>\n<p class=\"article-body mb-nof-24 px-nof-16\"><a class=\"article-genericlink\" href=\"https:\/\/www.hs.fi\/kulttuuri\/art-2000006560440.html\" rel=\"nofollow noopener\" target=\"_blank\">Seppo Fr\u00e4ntin el\u00e4m\u00e4nmakuinen ja tunteellinen taidekokoelma kertoo vilpitt\u00f6m\u00e4st\u00e4 rakkaudesta taiteeseen<\/a><\/p>\n<p class=\"article-body mb-nof-24 px-nof-16\"><a class=\"article-genericlink\" href=\"https:\/\/www.hs.fi\/kulttuuri\/art-2000006477710.html\" rel=\"nofollow noopener\" target=\"_blank\">Taideker\u00e4ilij\u00e4 Seppo Fr\u00e4nti lahjoitti Kiasmalle 650 v\u00e4rik\u00e4st\u00e4 ja ronskisti maalattua teosta, ja nyt ne oli viimein tarkoitus n\u00e4ytt\u00e4\u00e4 yleis\u00f6lle \u2013 mutta toisin k\u00e4vi<\/a><\/p>\n","protected":false},"excerpt":{"rendered":"Parasta juuri nyt|Seppo Fr\u00e4nti alkoi ker\u00e4t\u00e4 taidetta Juhani Kirpil\u00e4n innoittamana. Lue tiivistelm\u00e4 Tiivistelm\u00e4 on teko\u00e4lyn tekem\u00e4 ja ihmisen&hellip;\n","protected":false},"author":2,"featured_media":57756,"comment_status":"","ping_status":"","sticky":false,"template":"","format":"standard","meta":{"footnotes":""},"categories":[135],"tags":[389,387,388,390,137,33,31,30,46,32,394,393,391,392,109],"class_list":{"0":"post-57755","1":"post","2":"type-post","3":"status-publish","4":"format-standard","5":"has-post-thumbnail","7":"category-taiteet-ja-suunnittelu","8":"tag-arts","9":"tag-arts-and-design","10":"tag-artsanddesign","11":"tag-design","12":"tag-entertainment","13":"tag-fi","14":"tag-finland","15":"tag-finnish","16":"tag-helsingin-sanomat","17":"tag-suomi","18":"tag-suunnittelu","19":"tag-taiteet","20":"tag-taiteet-ja-suunnittelu","21":"tag-taiteetsuunnittelu","22":"tag-viihde"},"share_on_mastodon":{"url":"","error":""},"_links":{"self":[{"href":"https:\/\/www.europesays.com\/fi\/wp-json\/wp\/v2\/posts\/57755","targetHints":{"allow":["GET"]}}],"collection":[{"href":"https:\/\/www.europesays.com\/fi\/wp-json\/wp\/v2\/posts"}],"about":[{"href":"https:\/\/www.europesays.com\/fi\/wp-json\/wp\/v2\/types\/post"}],"author":[{"embeddable":true,"href":"https:\/\/www.europesays.com\/fi\/wp-json\/wp\/v2\/users\/2"}],"replies":[{"embeddable":true,"href":"https:\/\/www.europesays.com\/fi\/wp-json\/wp\/v2\/comments?post=57755"}],"version-history":[{"count":0,"href":"https:\/\/www.europesays.com\/fi\/wp-json\/wp\/v2\/posts\/57755\/revisions"}],"wp:featuredmedia":[{"embeddable":true,"href":"https:\/\/www.europesays.com\/fi\/wp-json\/wp\/v2\/media\/57756"}],"wp:attachment":[{"href":"https:\/\/www.europesays.com\/fi\/wp-json\/wp\/v2\/media?parent=57755"}],"wp:term":[{"taxonomy":"category","embeddable":true,"href":"https:\/\/www.europesays.com\/fi\/wp-json\/wp\/v2\/categories?post=57755"},{"taxonomy":"post_tag","embeddable":true,"href":"https:\/\/www.europesays.com\/fi\/wp-json\/wp\/v2\/tags?post=57755"}],"curies":[{"name":"wp","href":"https:\/\/api.w.org\/{rel}","templated":true}]}}