{"id":57819,"date":"2025-10-10T05:25:16","date_gmt":"2025-10-10T05:25:16","guid":{"rendered":"https:\/\/www.europesays.com\/fi\/57819\/"},"modified":"2025-10-10T05:25:16","modified_gmt":"2025-10-10T05:25:16","slug":"kerttu-rissanen-avoimena-irti-paastamista-vanhasta","status":"publish","type":"post","link":"https:\/\/www.europesays.com\/fi\/57819\/","title":{"rendered":"Kerttu Rissanen avoimena: \u201dIrti p\u00e4\u00e4st\u00e4mist\u00e4 vanhasta\u201d"},"content":{"rendered":"<p>Suuri seikkailu -sarjan kuvauksista noin viikko sitten kotiin palanneella <strong>Kerttu Rissasella<\/strong> on ollut palautumisvaikeuksia. Ne liittyv\u00e4t liikuntaan sek\u00e4 harrastuksen ett\u00e4 ohjauksen puolella.<\/p>\n<p>\u2013 Nyt oli kyl raskas combat pakko sanoo. Uudet ohjelmat tuli ku l\u00e4hin reissuun ja olin kuukauden pois ohjauksista. Nyt raavin paniikil kasaan puolet tost uudest ohjelmasta, kertoi Kerttu eilen Instagram-tarinoissaan.<\/p>\n<p>Kerttu kertoo seuraavissa tarinoissaan my\u00f6s muista vaikeuksista tauon j\u00e4lkeen.<\/p>\n<p>\u2013 Yritin alkaa harjottelee viel\u00a0ohjelmaa tunnin j\u00e4lkeen mut loppu semi lyhyeen ku ei jalka en\u00e4\u00e4 noussu, kirjoittaa Kerttu.<\/p>\n<p>Kuntovalmentaja toteaa my\u00f6s, kuinka voimat ehk\u00e4 viel\u00e4 v\u00e4hitellen palautuvat.<\/p>\n<p>Nyt Kertun voimat ovat jo palautuneet<\/p>\n<p>Ei mennyt kauaa, kun Kerttu ilmoitti jo olevansa taas elementiss\u00e4\u00e4n. H\u00e4n kertoo siit\u00e4 tuoreessa julkaisussaan.<\/p>\n<p>Lue my\u00f6s: <a href=\"https:\/\/www.como.fi\/uutiset\/kerttu-rissaselta-odottamaton-ulostulo-hakee-toita-mieluusti-teen\/\" title=\"Kerttu Rissaselta odottamaton ulostulo \u2013 hakee t\u00f6it\u00e4: \u201dMieluusti teen\u201d\" class=\"underline-custom !font-montserrat !font-bold !underline-offset-4 !decoration-4 !decoration-red-600 !text-md\" rel=\"nofollow noopener\" target=\"_blank\">Kerttu Rissaselta odottamaton ulostulo \u2013 hakee t\u00f6it\u00e4: \u201dMieluusti teen\u201d<\/a><\/p>\n<p>\u2013 P\u00e4\u00e4sin t\u00e4n\u00e4\u00e4n elementtiini ku vedin uuden (tai no mulle uuden) bodybalancen, oli ihana ohjelma! Joogamaton \u00e4\u00e4rell\u00e4 syvennet\u00e4\u00e4n suhdetta itseen ja parhaimmillaan l\u00f6ydet\u00e4\u00e4n empatiaa muita kohtaan, hyv\u00e4ksymist\u00e4 ja my\u00f6s irti p\u00e4\u00e4st\u00e4mist\u00e4 vanhasta, kirjoittaa Kerttu.<\/p>\n<p>Julkaisussa on mukana video, jossa Kerttu liikkuu jo ketter\u00e4sti.<\/p>\n<p>Jos upotus ei n\u00e4y, avaa se auki <a href=\"https:\/\/www.instagram.com\/reel\/DPiwd2mjbre\/?utm_source=ig_web_copy_link&amp;igsh=MzRlODBiNWFlZA==\" target=\"_blank\" rel=\"noreferrer noopener nofollow\">t\u00e4st\u00e4<\/a>.<\/p>\n<p>Lue my\u00f6s: <a href=\"https:\/\/www.como.fi\/tilaa-comon-uutiskirje\/\" title=\"Tilaa Comon uutiskirje ja tied\u00e4t mist\u00e4 kahvitauolla puhutaan! Nappaa kotimaan tv-vinkit ja puheenaiheet suoraan s\u00e4hk\u00f6postiin t\u00e4st\u00e4.\" class=\"underline-custom !font-montserrat !font-bold !underline-offset-4 !decoration-4 !decoration-red-600 !text-md\" rel=\"nofollow noopener\" target=\"_blank\">Tilaa Comon uutiskirje ja tied\u00e4t mist\u00e4 kahvitauolla puhutaan! Nappaa kotimaan tv-vinkit ja puheenaiheet suoraan s\u00e4hk\u00f6postiin t\u00e4st\u00e4.<\/a><\/p>\n<p>\t\t\t<script async src=\"\/\/www.instagram.com\/embed.js\"><\/script><\/p>\n","protected":false},"excerpt":{"rendered":"Suuri seikkailu -sarjan kuvauksista noin viikko sitten kotiin palanneella Kerttu Rissasella on ollut palautumisvaikeuksia. Ne liittyv\u00e4t liikuntaan sek\u00e4&hellip;\n","protected":false},"author":2,"featured_media":57820,"comment_status":"","ping_status":"","sticky":false,"template":"","format":"standard","meta":{"footnotes":""},"categories":[133],"tags":[137,33,31,30,1811,32,206,156,109],"class_list":{"0":"post-57819","1":"post","2":"type-post","3":"status-publish","4":"format-standard","5":"has-post-thumbnail","7":"category-televisiot","8":"tag-entertainment","9":"tag-fi","10":"tag-finland","11":"tag-finnish","12":"tag-kerttu-rissanen","13":"tag-suomi","14":"tag-televisiot","15":"tag-tv","16":"tag-viihde"},"share_on_mastodon":{"url":"","error":""},"_links":{"self":[{"href":"https:\/\/www.europesays.com\/fi\/wp-json\/wp\/v2\/posts\/57819","targetHints":{"allow":["GET"]}}],"collection":[{"href":"https:\/\/www.europesays.com\/fi\/wp-json\/wp\/v2\/posts"}],"about":[{"href":"https:\/\/www.europesays.com\/fi\/wp-json\/wp\/v2\/types\/post"}],"author":[{"embeddable":true,"href":"https:\/\/www.europesays.com\/fi\/wp-json\/wp\/v2\/users\/2"}],"replies":[{"embeddable":true,"href":"https:\/\/www.europesays.com\/fi\/wp-json\/wp\/v2\/comments?post=57819"}],"version-history":[{"count":0,"href":"https:\/\/www.europesays.com\/fi\/wp-json\/wp\/v2\/posts\/57819\/revisions"}],"wp:featuredmedia":[{"embeddable":true,"href":"https:\/\/www.europesays.com\/fi\/wp-json\/wp\/v2\/media\/57820"}],"wp:attachment":[{"href":"https:\/\/www.europesays.com\/fi\/wp-json\/wp\/v2\/media?parent=57819"}],"wp:term":[{"taxonomy":"category","embeddable":true,"href":"https:\/\/www.europesays.com\/fi\/wp-json\/wp\/v2\/categories?post=57819"},{"taxonomy":"post_tag","embeddable":true,"href":"https:\/\/www.europesays.com\/fi\/wp-json\/wp\/v2\/tags?post=57819"}],"curies":[{"name":"wp","href":"https:\/\/api.w.org\/{rel}","templated":true}]}}