{"id":57821,"date":"2025-10-10T05:29:11","date_gmt":"2025-10-10T05:29:11","guid":{"rendered":"https:\/\/www.europesays.com\/fi\/57821\/"},"modified":"2025-10-10T05:29:11","modified_gmt":"2025-10-10T05:29:11","slug":"nooralotta-neziri-avautuu-nyt-polvivammastaan-eturistiside-oli-katkennut-tavoitteet-siirtyivat-vuoteen-2027-urheilu","status":"publish","type":"post","link":"https:\/\/www.europesays.com\/fi\/57821\/","title":{"rendered":"Nooralotta Neziri avautuu nyt polvivammastaan \u2013 eturistiside oli katkennut, tavoitteet siirtyiv\u00e4t vuoteen 2027 | Urheilu"},"content":{"rendered":"<p>Juttu tiivistettyn\u00e4<\/p>\n<ul class=\"aw-1jjocuh iJTSwP yle__article__list yle__article__list--ul\">\n<li class=\"aw-1j7gwms eEeLbO\">Nooralotta Neziri loukkaantui MM-viimeistelyleirill\u00e4 Japanissa. H\u00e4nen oikea polvensa operoitiin Tampereella kaksi viikkoa sitten.<\/li>\n<li class=\"aw-1j7gwms eEeLbO\">Vammautuneen polven eturistiside oli katkennut. Yleens\u00e4 urheilija voi kilpailla yhdeks\u00e4n kuukauden kuluttua eturistisiteen leikkauksesta.<\/li>\n<li class=\"aw-1j7gwms eEeLbO\">Neziri on asettanut tavoitteekseen kilpailla huipputasolla hallikaudella 2026-27 ja olla enn\u00e4tyskunnossa kes\u00e4ll\u00e4 2027, jolloin Peking j\u00e4rjest\u00e4\u00e4 MM-kisat.<\/li>\n<\/ul>\n<p class=\"aw-1gybjub aw-1p7kakr ghpEtB jtovHP yle__article__paragraph\">T\u00e4m\u00e4 on teko\u00e4lyn avulla tuotettu, toimittajan tarkistama tiivistelm\u00e4.<\/p>\n<p class=\"aw-1gybjub aw-1p7kakr ghpEtB jtovHP yle__article__paragraph\">Suomen yleisurheilumaajoukkueen MM-viimeistelyleiri Japanin Chibassa sai 8. syyskuuta synk\u00e4n lopun, kun el\u00e4m\u00e4ns\u00e4 kunnossa ollut <strong class=\"aw-ak79eh KyCXm yle__article__strong\">Nooralotta Neziri<\/strong> <a class=\"aw-iao6s4 iHOxEa yle__article__link\" href=\"https:\/\/yle.fi\/a\/74-20181843\" role=\"link\" rel=\"nofollow noopener\" target=\"_blank\">loukkaantui<\/a> viimeisen lajiharjoituksensa viimeisess\u00e4 aitavedossa ennen siirtymist\u00e4 leirikaupungista Tokioon.<\/p>\n<p class=\"aw-1gybjub aw-1p7kakr ghpEtB jtovHP yle__article__paragraph\">Neziri operoitiin Tampereella tasan kaksi viikkoa sitten, ja ortopedi-kirurgi <strong class=\"aw-ak79eh KyCXm yle__article__strong\">Jussi Elo<\/strong> korjasi oikeasta polvesta juuri sen vamman, jonka jo Japanissa otetut magneettikuvat olivat paljastaneet. Eturistiside oli katkennut ja polvikierukka vaurioitunut.<\/p>\n<p class=\"aw-1gybjub aw-1p7kakr ghpEtB jtovHP yle__article__paragraph\">Yleens\u00e4 eturistisidevammaa p\u00e4\u00e4st\u00e4\u00e4n operoimaan vasta noin viisi viikkoa vamman syntyhetkest\u00e4.<\/p>\n<p class=\"aw-1gybjub aw-1p7kakr ghpEtB jtovHP yle__article__paragraph\">\u2013 Onni onnettomuudessa oli se, ett\u00e4 polven turvotus laski hyvin nopeasti ja p\u00e4\u00e4stiin sen kautta my\u00f6s leikkausp\u00f6yd\u00e4lle ja kuntoutuksen pariin nopeasti, Urheiluliiton urheilijavakuutuksen kautta operaation maksanut Neziri kertoi Yle Urheilulle torstaina Helsingiss\u00e4.<\/p>\n<p><img decoding=\"async\" alt=\"Aitajuoksija Nooralotta Neziri.\" src=\"https:\/\/www.europesays.com\/fi\/wp-content\/uploads\/2025\/09\/39-152300768c7f7d2c76a3.jpeg\" loading=\"lazy\" class=\"aw-1l9m598 hKVVvP\"\/><\/p>\n<p>Avaa kuvien katselu<\/p>\n<p>Nooralotta Neziri seurasi Tokiossa MM-kisoja muutamana p\u00e4iv\u00e4n\u00e4 l\u00e4\u00e4k\u00e4ri Ilkka R\u00e4s\u00e4sen Suomesta tuomien keppien varassa. Kuva: Pekka Holopainen\/Yle<\/p>\n<p class=\"aw-1gybjub aw-1p7kakr ghpEtB jtovHP yle__article__paragraph\">Tokiossa keppien varassa k\u00e4vellyt Neziri on j\u00e4tt\u00e4nyt kepit pois, eik\u00e4 h\u00e4nen k\u00e4velyst\u00e4\u00e4n heti arvaisi, ett\u00e4 polveen on kaksi viikkoa sitten tehty mittava operaatio.<\/p>\n<p>Mittavasti tietoa<\/p>\n<p class=\"aw-1gybjub aw-1p7kakr ghpEtB jtovHP yle__article__paragraph\">Kun pika-aitajuoksun kaltaisen rajun iskutuslajin huippu-urheilijalta hajoaa eturistiside, kyseisen vamman kuntoutuspolusta on tietysti kertynyt jo valtavasti aiempaa tietoa.<\/p>\n<p class=\"aw-1gybjub aw-1p7kakr ghpEtB jtovHP yle__article__paragraph\">Kaiken onnistuessa optimaalisesti kuntoutus leikkausp\u00f6yd\u00e4lt\u00e4 kilparadalle kest\u00e4\u00e4 noin yhdeks\u00e4n kuukautta. Se tarkoittaisi ensi kes\u00e4kuun 26. p\u00e4iv\u00e4\u00e4. <a class=\"aw-iao6s4 iHOxEa yle__article__link\" href=\"https:\/\/www.european-athletics.com\/home\/competitions\/european-athletics-championships\/road-to-birmingham\" role=\"link\" rel=\"nofollow noopener\" target=\"_blank\">Birminghamin<\/a> EM-kisojen n\u00e4ytt\u00f6aika umpeutuu tasan kuukausi sen j\u00e4lkeen, mutta Neziri on realisti.<\/p>\n<p><img decoding=\"async\" alt=\"Nooralotta Maria Neziri on suomalainen pikajuoksija ja pika-aitajuoksija.\" src=\"https:\/\/www.europesays.com\/fi\/wp-content\/uploads\/2025\/10\/39-153611368e7b335db77b.jpeg\" loading=\"lazy\" class=\"aw-1l9m598 hKVVvP\"\/><\/p>\n<p>Avaa kuvien katselu<\/p>\n<p>Jos kaikki kuntoutuksessa sujuu ilman takaiskuja, Nooralotta Neziri ottaa juoksuaskeleita vuodenvaihteen tienoilla. Kuva: Seppo Ahava \/ Yle<\/p>\n<p class=\"aw-1gybjub aw-1p7kakr ghpEtB jtovHP yle__article__paragraph\">\u2013 Hallikausi 2026-27 on huippu-urheilun ja hyvien aitajuoksuaikojen suhteen t\u00e4ytt\u00e4 realismia, ja Pekingin MM-kaudella 2027 aion olla enn\u00e4tyskunnossa.<\/p>\n<p class=\"aw-1gybjub aw-1p7kakr ghpEtB jtovHP yle__article__paragraph\">Birminghamin EM-kisat 10.-16. elokuuta ensi vuonna eiv\u00e4t ole realistinen tavoite ainakaan ilman eritt\u00e4in kovia riskinottoja kuntoutusprosessin kanssa. Niit\u00e4 Neziri ei halua ottaa, koska mieli on eritt\u00e4in kirkas uran jatkon suhteen.<\/p>\n<p class=\"aw-1gybjub aw-1p7kakr ghpEtB jtovHP yle__article__paragraph\">\u2013 Juostaan se EM-finaali sitten 2028, h\u00e4n naurahtaa.<\/p>\n<p class=\"aw-1gybjub aw-1p7kakr ghpEtB jtovHP yle__article__paragraph\">Silloin EM-kisat j\u00e4rjest\u00e4\u00e4 Puolan Chorzow. Ensi kes\u00e4n lopulla Neziri saatetaan hyvinkin n\u00e4hd\u00e4 numerolappu rinnassa, mutta silloin todenn\u00e4k\u00f6isimmin viel\u00e4 sileiden ratamatkojen l\u00e4ht\u00f6viivalla.<\/p>\n<p>Saumat huippusijoitukseen<\/p>\n<p class=\"aw-1gybjub aw-1p7kakr ghpEtB jtovHP yle__article__paragraph\">Nezirille tilanne on eritt\u00e4in harmillinen, sill\u00e4 <a class=\"aw-iao6s4 iHOxEa yle__article__link\" href=\"https:\/\/yle.fi\/a\/74-20172269\" role=\"link\" rel=\"nofollow noopener\" target=\"_blank\">p\u00e4\u00e4ttyneen kes\u00e4n <\/a>enn\u00e4tyskunnossaan saati siit\u00e4 hieman nipist\u00e4m\u00e4ll\u00e4 h\u00e4nell\u00e4 olisi ollut Birminghamissa saumat eritt\u00e4in kovaan sijoitukseen ja uran ensimm\u00e4iseen ulkoratojen arvokisafinaaliin.<\/p>\n<p class=\"aw-1gybjub aw-1p7kakr ghpEtB jtovHP yle__article__paragraph\">Vuonna 2018 Berliiniss\u00e4 porilainen putosi EM-finaalissa tuhannesosavertailussa.<\/p>\n<p><img decoding=\"async\" alt=\"Neziri ja Harala iloisina.\" src=\"https:\/\/www.europesays.com\/fi\/wp-content\/uploads\/2025\/09\/39-1501895688d0ec13b902.jpeg\" loading=\"lazy\" class=\"aw-1l9m598 hKVVvP\"\/><\/p>\n<p>Avaa kuvien katselu<\/p>\n<p>Nooralotta Neziri (vas.) paransi omaa enn\u00e4tyst\u00e4\u00e4n jo toistamiseen viime kaudella, kun juoksi Espoon Kalevan kisojen finaalissa 1. elokuuta ajan 12,73. Voittaja Lotta Haralan aika oli 12,67. Kuva: All Over Press<\/p>\n<p class=\"aw-1gybjub aw-1p7kakr ghpEtB jtovHP yle__article__paragraph\">Kuntoutus ei aiemmin huippu-urheilijalle vakavia alasel\u00e4n, kantaluun ja akillesj\u00e4nteen vammoja pitk\u00e4\u00e4n parannelleelle Nezirille ole vierasta puuhaa. H\u00e4n hallitsee asian kovan kautta.<\/p>\n<p>Someliikenne enn\u00e4tystasolla<\/p>\n<p class=\"aw-1gybjub aw-1p7kakr ghpEtB jtovHP yle__article__paragraph\">\u2013 Jotenkin huvittavaa, ett\u00e4 t\u00e4m\u00e4n vamman j\u00e4lkeen liikenne omassa sosiaalisessa mediassani on ollut aivan enn\u00e4tyksellisell\u00e4 tasolla. Onhan siin\u00e4 ollut draaman kaarta, urheilu-uraansa viime vuosina merkitt\u00e4v\u00e4sti juuri sosiaalisen median kampanjoista rahoitusta saanut urheilija totesi.<\/p>\n<p class=\"aw-1gybjub aw-1p7kakr ghpEtB jtovHP yle__article__paragraph\">\u2013 Suomalaisilta saamani empaattinen palaute on ollut niin valtavan runsasta ja hyv\u00e4ntahtoista, ett\u00e4 se on liikuttanut minua ja antanut lis\u00e4\u00e4 varmuutta siihen, ett\u00e4 uraa todella kannattaa jatkaa.<\/p>\n<p class=\"aw-1gybjub aw-1p7kakr ghpEtB jtovHP yle__article__paragraph\">Draaman kaari ei Nezirin tapauksessa todellakaan ole liioittelua, sill\u00e4 aituri paransi vuonna 2016 tekem\u00e4\u00e4ns\u00e4 enn\u00e4tyst\u00e4 12,81 uskomattomasti yhdeks\u00e4n vuoden tauon j\u00e4lkeen kahdesti, lopulta lukemiin 12,73. Ennen valintaa Tokion MM-kisoihin h\u00e4n oli edelliskerran saanut arvokisatiketin MM-Dohaan 2019.<\/p>\n<p class=\"aw-1gybjub aw-1p7kakr ghpEtB jtovHP yle__article__paragraph\">Moni h\u00e4mm\u00e4steli jo Tokion MM-kisojen aikaan, miten<a class=\"aw-iao6s4 iHOxEa yle__article__link\" href=\"https:\/\/yle.fi\/a\/74-20183011\" role=\"link\" rel=\"nofollow noopener\" target=\"_blank\"> nopeasti kisoja<\/a> urheilijakatsomosta keppien ja el\u00e4m\u00e4nkumppaninsa <strong class=\"aw-ak79eh KyCXm yle__article__strong\">Ville-Matti Rantalan<\/strong> kanssa seurannut Neziri, 32, henkisesti kokosi itsens\u00e4.<\/p>\n<p class=\"aw-1gybjub aw-1p7kakr ghpEtB jtovHP yle__article__paragraph\">\u2013 Ensishokissa tietysti itkin muutaman p\u00e4iv\u00e4n, mutta sitten oli vain hyv\u00e4ksytt\u00e4v\u00e4 faktat. El\u00e4m\u00e4nkokemus ja pitk\u00e4 ura auttoivat siin\u00e4. Olin Villelle jollain aiempien vaikeuksien mustalla hetkell\u00e4 sanonut, ett\u00e4 yksikin pieni vastoink\u00e4yminen viel\u00e4, ja se on siin\u00e4. Mutta ei se sitten niin mennyt, Neziri nauraa.<\/p>\n<p>Rahoitusta etsim\u00e4ss\u00e4<\/p>\n<p class=\"aw-1gybjub aw-1p7kakr ghpEtB jtovHP yle__article__paragraph\">Osa suomalaisista ihmetteli, miksi porilaispariskunta j\u00e4i Japaniin seuraamaan kisoja muutamaksi p\u00e4iv\u00e4ksi, vaikka urheilija oli vammautunut.<\/p>\n<p class=\"aw-1gybjub aw-1p7kakr ghpEtB jtovHP yle__article__paragraph\">\u2013 Majoitus ja paluulennot oli maksettu, ja lentojen vaihtaminen olisi maksanut omaa rahaa todella paljon. Lis\u00e4ksi saamani vamma oli sellainen, ettei sit\u00e4 kuitenkaan olisi Suomessa p\u00e4\u00e4sty heti hoitamaan eli leikkaamaan.<\/p>\n<p class=\"aw-1gybjub aw-1p7kakr ghpEtB jtovHP yle__article__paragraph\">Helsingiss\u00e4 Nezirille piti seuraa pitk\u00e4aikainen manageri <strong class=\"aw-ak79eh KyCXm yle__article__strong\">Jukka Virtanen<\/strong>, vaikka kauppatieteit\u00e4 maisterintutkinnon verran p\u00e4nt\u00e4nnyt aitajuoksija on jo muutaman vuoden ottanut itse vastuun kumppanuuskuvioistaan.<\/p>\n<p class=\"aw-1gybjub aw-1p7kakr ghpEtB jtovHP yle__article__paragraph\">\u2013 Nyt on sen verran liikkuvia osia ja stressi\u00e4 muissa asioissa, ett\u00e4 pyysin Jukalta isoon tarpeeseen apua.<\/p>\n<p class=\"aw-1gybjub aw-1p7kakr ghpEtB jtovHP yle__article__paragraph\">Neziri valittiin <a class=\"aw-iao6s4 iHOxEa yle__article__link\" href=\"https:\/\/www.yleisurheilu.fi\/valmennus-2\/tf-valmennusryhmat-2026\/\" role=\"link\" rel=\"nofollow noopener\" target=\"_blank\">Urheiluliiton<\/a> Team Finland Huiput -ryhm\u00e4\u00e4n, mik\u00e4 tarkoittaa, ett\u00e4 lajiliitto tukee kuntoutusprosessia jollakin tavalla. Neziri toivoo my\u00f6s toipilaanakin saavansa opetus- ja kulttuuriministeri\u00f6n urheilija-apurahan. P\u00e4\u00e4kaupungissa h\u00e4n oli tapaamassa potentiaalisia yrityskumppaneita.<\/p>\n<p><img decoding=\"async\" alt=\"Nooralotta Neziri jatkaa tavoittellista uraa vaikka loukkaantui vakavasti, Manageri Jukka Virtanen on ollut vahva tukia koko Nooran uran ajan.\" src=\"https:\/\/www.europesays.com\/fi\/wp-content\/uploads\/2025\/10\/39-153610468e7b12a6c9dd.jpeg\" loading=\"lazy\" class=\"aw-1l9m598 hKVVvP\"\/><\/p>\n<p>Avaa kuvien katselu<\/p>\n<p>Uran jatkaminen huippupanostuksin vaatii taloudellisia resursseja. Niit\u00e4 Nooralotta Neziri tuli torstaina kartoittamaan Helsinkiin pitk\u00e4aikaisen managerinsa Jukka Virtasen avulla.  Kuva: Seppo Ahava \/ Yle<\/p>\n<p class=\"aw-1gybjub aw-1p7kakr ghpEtB jtovHP yle__article__paragraph\">Kuntoutus on l\u00e4htenyt Porissa virke\u00e4sti ja motivoituneesti k\u00e4yntiin ominaisuuksia yll\u00e4pit\u00e4v\u00e4n harjoittelun merkeiss\u00e4: soutu- ja hiihtolaitetta terveen jalan varassa, kuntopy\u00f6r\u00e4\u00e4 matalalla vastuksella, k\u00e4vely\u00e4.<\/p>\n<p class=\"aw-1gybjub aw-1p7kakr ghpEtB jtovHP yle__article__paragraph\">\u2013 Progressiivinen voimaharjoittelu alkaa muutaman viikon p\u00e4\u00e4st\u00e4, j\u00e4rjen ja kuntoutusohjeen kanssa tietysti. Juoksuaskeleita saan ottaa vuodenvaihteen tienoilla. Se on juhlap\u00e4iv\u00e4.<\/p>\n","protected":false},"excerpt":{"rendered":"Juttu tiivistettyn\u00e4 Nooralotta Neziri loukkaantui MM-viimeistelyleirill\u00e4 Japanissa. H\u00e4nen oikea polvensa operoitiin Tampereella kaksi viikkoa sitten. Vammautuneen polven eturistiside&hellip;\n","protected":false},"author":2,"featured_media":57822,"comment_status":"","ping_status":"","sticky":false,"template":"","format":"standard","meta":{"footnotes":""},"categories":[158],"tags":[5784,13614,33,31,30,5939,5786,9031,2787,159,32,2676,160,162,13615,2610],"class_list":{"0":"post-57821","1":"post","2":"type-post","3":"status-publish","4":"format-standard","5":"has-post-thumbnail","7":"category-urheilu","8":"tag-aitajuoksu","9":"tag-chiba","10":"tag-fi","11":"tag-finland","12":"tag-finnish","13":"tag-leikkaus","14":"tag-nooralotta-neziri","15":"tag-polvivamma","16":"tag-pori","17":"tag-sports","18":"tag-suomi","19":"tag-tokio","20":"tag-urheilu","21":"tag-yleisurheilu","22":"tag-yleisurheilun-em-kilpailut","23":"tag-yleisurheilun-mm-kilpailut"},"share_on_mastodon":{"url":"","error":""},"_links":{"self":[{"href":"https:\/\/www.europesays.com\/fi\/wp-json\/wp\/v2\/posts\/57821","targetHints":{"allow":["GET"]}}],"collection":[{"href":"https:\/\/www.europesays.com\/fi\/wp-json\/wp\/v2\/posts"}],"about":[{"href":"https:\/\/www.europesays.com\/fi\/wp-json\/wp\/v2\/types\/post"}],"author":[{"embeddable":true,"href":"https:\/\/www.europesays.com\/fi\/wp-json\/wp\/v2\/users\/2"}],"replies":[{"embeddable":true,"href":"https:\/\/www.europesays.com\/fi\/wp-json\/wp\/v2\/comments?post=57821"}],"version-history":[{"count":0,"href":"https:\/\/www.europesays.com\/fi\/wp-json\/wp\/v2\/posts\/57821\/revisions"}],"wp:featuredmedia":[{"embeddable":true,"href":"https:\/\/www.europesays.com\/fi\/wp-json\/wp\/v2\/media\/57822"}],"wp:attachment":[{"href":"https:\/\/www.europesays.com\/fi\/wp-json\/wp\/v2\/media?parent=57821"}],"wp:term":[{"taxonomy":"category","embeddable":true,"href":"https:\/\/www.europesays.com\/fi\/wp-json\/wp\/v2\/categories?post=57821"},{"taxonomy":"post_tag","embeddable":true,"href":"https:\/\/www.europesays.com\/fi\/wp-json\/wp\/v2\/tags?post=57821"}],"curies":[{"name":"wp","href":"https:\/\/api.w.org\/{rel}","templated":true}]}}