{"id":57829,"date":"2025-10-10T05:35:08","date_gmt":"2025-10-10T05:35:08","guid":{"rendered":"https:\/\/www.europesays.com\/fi\/57829\/"},"modified":"2025-10-10T05:35:08","modified_gmt":"2025-10-10T05:35:08","slug":"mtv-elokuva-alan-leikkaukset-peruttu","status":"publish","type":"post","link":"https:\/\/www.europesays.com\/fi\/57829\/","title":{"rendered":"MTV: Elokuva-alan leikkaukset peruttu"},"content":{"rendered":"<p>Hallituksen p\u00e4\u00e4tt\u00e4m\u00e4t s\u00e4\u00e4st\u00f6t etsit\u00e4\u00e4n muualta. <\/p>\n<p><img decoding=\"async\" class=\"image image-show image-preview\" src=\"https:\/\/www.europesays.com\/fi\/wp-content\/uploads\/2025\/10\/8200662dbec704b4dc6d1b6f472622c9408b7c8942121f89f3099080db07dc59.jpg\" alt=\"\"\/><img decoding=\"async\" class=\"image image-show\" src=\"https:\/\/www.europesays.com\/fi\/wp-content\/uploads\/2025\/10\/1760074508_35_8200662dbec704b4dc6d1b6f472622c9408b7c8942121f89f3099080db07dc59.jpg\" alt=\"\"\/><\/p>\n<p>Elokuva-alan s\u00e4\u00e4st\u00f6t pieneniv\u00e4t jo eduskunnalle annetussa budjettiesityksess\u00e4.  KIMMO HAAPALA<\/p>\n<p class=\"paragraph\">Tiede- ja kulttuuriministeri <strong>Mari-Leena Talvitie<\/strong> (kok) kertoo <a href=\"https:\/\/www.mtvuutiset.fi\/artikkeli\/ministeri-talvitie-mtv-lle-elokuva-alan-leikkaukset-peruttu-kokonaan\/9237010\" rel=\"noopener nofollow\" target=\"_blank\">MTV Uutisille<\/a>, ett\u00e4 elokuva-alan leikkaukset on peruttu kokonaan.<\/p>\n<p class=\"paragraph\">Hallituksen budjettiriihess\u00e4 p\u00e4\u00e4tt\u00e4m\u00e4n 7,8 miljoonan euron leikkaukset opetus- ja kulttuuriministeri\u00f6n budjettiin etsit\u00e4\u00e4n muualta kuin elokuvatuotannosta.<\/p>\n<p class=\"paragraph\">\u2013 T\u00e4m\u00e4 7,8 miljoonan euron suuruinen yritystukileikkaus ei tule kohdistumaan elokuva-alaan, Talvitie sanoo MTV:lle.<\/p>\n<p class=\"paragraph\">Eduskunnalle annetussa budjettiesityksess\u00e4 elokuva-alan s\u00e4\u00e4st\u00f6summa oli jo pienentynyt 5,5 miljoonaan euroon. Korvaavat s\u00e4\u00e4st\u00f6t etsit\u00e4\u00e4n marraskuun t\u00e4ydent\u00e4v\u00e4ss\u00e4 budjettiesityksess\u00e4.<\/p>\n","protected":false},"excerpt":{"rendered":"Hallituksen p\u00e4\u00e4tt\u00e4m\u00e4t s\u00e4\u00e4st\u00f6t etsit\u00e4\u00e4n muualta. Elokuva-alan s\u00e4\u00e4st\u00f6t pieneniv\u00e4t jo eduskunnalle annetussa budjettiesityksess\u00e4. KIMMO HAAPALA Tiede- ja kulttuuriministeri Mari-Leena&hellip;\n","protected":false},"author":2,"featured_media":57830,"comment_status":"","ping_status":"","sticky":false,"template":"","format":"standard","meta":{"footnotes":""},"categories":[12],"tags":[35,22,23,26,27,33,31,30,17,24,25,28,29,1616,15,18,21,637,888,887,32,19,20,140,16],"class_list":{"0":"post-57829","1":"post","2":"type-post","3":"status-publish","4":"format-standard","5":"has-post-thumbnail","7":"category-suomi","8":"tag-24h","9":"tag-breaking-news","10":"tag-breakingnews","11":"tag-featured-news","12":"tag-featurednews","13":"tag-fi","14":"tag-finland","15":"tag-finnish","16":"tag-headlines","17":"tag-latest-news","18":"tag-latestnews","19":"tag-main-news","20":"tag-mainnews","21":"tag-media-viestinta","22":"tag-news","23":"tag-otsikot","24":"tag-paauutiset","25":"tag-politiikka","26":"tag-suomalaiset-poliitikot","27":"tag-suomen-politiikka","28":"tag-suomi","29":"tag-top-stories","30":"tag-topstories","31":"tag-tv-ja-elokuvat","32":"tag-uutiset"},"share_on_mastodon":{"url":"","error":""},"_links":{"self":[{"href":"https:\/\/www.europesays.com\/fi\/wp-json\/wp\/v2\/posts\/57829","targetHints":{"allow":["GET"]}}],"collection":[{"href":"https:\/\/www.europesays.com\/fi\/wp-json\/wp\/v2\/posts"}],"about":[{"href":"https:\/\/www.europesays.com\/fi\/wp-json\/wp\/v2\/types\/post"}],"author":[{"embeddable":true,"href":"https:\/\/www.europesays.com\/fi\/wp-json\/wp\/v2\/users\/2"}],"replies":[{"embeddable":true,"href":"https:\/\/www.europesays.com\/fi\/wp-json\/wp\/v2\/comments?post=57829"}],"version-history":[{"count":0,"href":"https:\/\/www.europesays.com\/fi\/wp-json\/wp\/v2\/posts\/57829\/revisions"}],"wp:featuredmedia":[{"embeddable":true,"href":"https:\/\/www.europesays.com\/fi\/wp-json\/wp\/v2\/media\/57830"}],"wp:attachment":[{"href":"https:\/\/www.europesays.com\/fi\/wp-json\/wp\/v2\/media?parent=57829"}],"wp:term":[{"taxonomy":"category","embeddable":true,"href":"https:\/\/www.europesays.com\/fi\/wp-json\/wp\/v2\/categories?post=57829"},{"taxonomy":"post_tag","embeddable":true,"href":"https:\/\/www.europesays.com\/fi\/wp-json\/wp\/v2\/tags?post=57829"}],"curies":[{"name":"wp","href":"https:\/\/api.w.org\/{rel}","templated":true}]}}