{"id":57838,"date":"2025-10-10T05:56:10","date_gmt":"2025-10-10T05:56:10","guid":{"rendered":"https:\/\/www.europesays.com\/fi\/57838\/"},"modified":"2025-10-10T05:56:10","modified_gmt":"2025-10-10T05:56:10","slug":"nyt-ensi-illassa-odotettu-scifi-elokuva-sopii-nykyhetkeen-digimaailman-tekoaly-ottaa-yhteytta-ihmiskuntaan-episodi-fi","status":"publish","type":"post","link":"https:\/\/www.europesays.com\/fi\/57838\/","title":{"rendered":"Nyt ensi-illassa: Odotettu scifi-elokuva sopii nykyhetkeen &#8211; digimaailman teko\u00e4ly ottaa yhteytt\u00e4 ihmiskuntaan &#8211; Episodi.fi"},"content":{"rendered":"<ol>\n<li><a href=\"https:\/\/news.google.com\/rss\/articles\/CBMi1AFBVV95cUxNZkZwTTJhMlpfTF9RVWp1Q203dUVzU3JWdXA2RDNOM1h5SWRWa0ZVTHpiZmtwcUZ3R0J3RldaZlp1Y2M4RXdCU2MxdWFvQzhCakY5ODM5TGs2alVfS2Vxa3RkV0Y0cEdobVNuTUxFQ2NuOV9kTGpna2xuVjhjVVkxeHVKMndMcDQ4dXRKUlN2ZnpQLW0zb2JBWW04MnRLb05KczN6d0s2YnZ1SXVydDFtSXBUbXFvbjlBVWY0S0lGNjN4V3hxQ21MbXAxZ1B4elpZcVJoSA?oc=5\" target=\"_blank\" rel=\"nofollow noopener\">Nyt ensi-illassa: Odotettu scifi-elokuva sopii nykyhetkeen &#8211; digimaailman teko\u00e4ly ottaa yhteytt\u00e4 ihmiskuntaan<\/a>&nbsp;&nbsp;Episodi.fi<\/li>\n<li><a href=\"https:\/\/news.google.com\/rss\/articles\/CBMiWkFVX3lxTE9WcHNJa25PNzdXLUZaZ1RSeTYwdmZ0MGtKOU9vTTRnRzZ6M0ZoTlhJVVlVVGh3YzloV2FJbHNrb1hjNUhybk9GYWpYSXpmQlhBd05XR3dHdFB0dw?oc=5\" target=\"_blank\" rel=\"nofollow noopener\">Uusi Tron-elokuva on todella komean n\u00e4k\u00f6inen, mutta tarina j\u00e4\u00e4 ohueksi<\/a>&nbsp;&nbsp;HS.fi<\/li>\n<li><a href=\"https:\/\/news.google.com\/rss\/articles\/CBMiS0FVX3lxTE1uelJPZlpGVDA0d0NIUUdHc2ZSWGNIYnpkNDdXd3pzekZPZzJEZjZJNUl0TmVoUkhLM1dwVko1aExCV2x6ZGpjS3U0WQ?oc=5\" target=\"_blank\" rel=\"nofollow noopener\">Elokuva-arvostelu | Sujuva, raikas ja huumorilla h\u00f6ystetty \u2013 kolmas Tron osoittautuu sarjan parhaaksi elokuvaksi<\/a>&nbsp;&nbsp;ts.fi<\/li>\n<li><a href=\"https:\/\/news.google.com\/rss\/articles\/CBMizAFBVV95cUxORl9RQ09KTjN6MDlyLUVaaU1Qb0NVeXEtZ3NEZXhvUGhEM2cyUUxoUFdDQV9qdmcxTEV0U2ZZQ2NreFVNWGhfU2RWM0hYVS1BT3RRSjJRelFIa09GWGI1elI1ZXFuMHl3U2czVl9OX2NRVGw5akt3eWsxOWpDclhCNXU4V0VCelE1ZndpRWhhYWZiQkZVcmo4VEp2blhmcHZ3dmVta3N6d0l5bDB4c0x3TlpXb3c0MEtLR01yQlIzVV90NXNaYjF2QjZISEw?oc=5\" target=\"_blank\" rel=\"nofollow noopener\">15 vuotta odotettu scifi-elokuva ei p\u00e4\u00e4t\u00e4 huimaa \u2013 tuoreusaste nyt vain 54 prosenttia<\/a>&nbsp;&nbsp;Muropaketti.com<\/li>\n<li><a href=\"https:\/\/news.google.com\/rss\/articles\/CBMiywFBVV95cUxQNzNoVEZ6bmZxZHBxTm1ySjVSSTJJVGJHdlhyd1J1bklxc3dsZ1BkYlBRWWlZUGJHUGpjWGsyUkdhM1VuZDM0cHJwRlR0ZThMUzZYb005RkY0ekhqSkJrSnEyb1pfaTEwLU1pNWJPbGw0RmwzYUZ2RTlwM2RhWVBSM05ERGl2WEg5X0FHN2hPT1BOYWszYjBsQm1LRXhSOWF4UGNhY3h5MnZMOTlPUXNvNEdlclMtTHJ4SF9aUHdpakpOcnVEUjJ2a0Rraw?oc=5\" target=\"_blank\" rel=\"nofollow noopener\">Disney Worldin Tron Lightcycle Run -vuoristorata korvaa Daft Punkin musiikin Nine Inch Nailsilla<\/a>&nbsp;&nbsp;Gamereactor<\/li>\n<\/ol>\n","protected":false},"excerpt":{"rendered":"Nyt ensi-illassa: Odotettu scifi-elokuva sopii nykyhetkeen &#8211; digimaailman teko\u00e4ly ottaa yhteytt\u00e4 ihmiskuntaan&nbsp;&nbsp;Episodi.fi Uusi Tron-elokuva on todella komean n\u00e4k\u00f6inen,&hellip;\n","protected":false},"author":2,"featured_media":57839,"comment_status":"","ping_status":"","sticky":false,"template":"","format":"standard","meta":{"footnotes":""},"categories":[130],"tags":[1419,137,33,31,30,32,109],"class_list":{"0":"post-57838","1":"post","2":"type-post","3":"status-publish","4":"format-standard","5":"has-post-thumbnail","7":"category-viihde","8":"tag-ensi-ilta","9":"tag-entertainment","10":"tag-fi","11":"tag-finland","12":"tag-finnish","13":"tag-suomi","14":"tag-viihde"},"share_on_mastodon":{"url":"","error":""},"_links":{"self":[{"href":"https:\/\/www.europesays.com\/fi\/wp-json\/wp\/v2\/posts\/57838","targetHints":{"allow":["GET"]}}],"collection":[{"href":"https:\/\/www.europesays.com\/fi\/wp-json\/wp\/v2\/posts"}],"about":[{"href":"https:\/\/www.europesays.com\/fi\/wp-json\/wp\/v2\/types\/post"}],"author":[{"embeddable":true,"href":"https:\/\/www.europesays.com\/fi\/wp-json\/wp\/v2\/users\/2"}],"replies":[{"embeddable":true,"href":"https:\/\/www.europesays.com\/fi\/wp-json\/wp\/v2\/comments?post=57838"}],"version-history":[{"count":0,"href":"https:\/\/www.europesays.com\/fi\/wp-json\/wp\/v2\/posts\/57838\/revisions"}],"wp:featuredmedia":[{"embeddable":true,"href":"https:\/\/www.europesays.com\/fi\/wp-json\/wp\/v2\/media\/57839"}],"wp:attachment":[{"href":"https:\/\/www.europesays.com\/fi\/wp-json\/wp\/v2\/media?parent=57838"}],"wp:term":[{"taxonomy":"category","embeddable":true,"href":"https:\/\/www.europesays.com\/fi\/wp-json\/wp\/v2\/categories?post=57838"},{"taxonomy":"post_tag","embeddable":true,"href":"https:\/\/www.europesays.com\/fi\/wp-json\/wp\/v2\/tags?post=57838"}],"curies":[{"name":"wp","href":"https:\/\/api.w.org\/{rel}","templated":true}]}}