{"id":57856,"date":"2025-10-10T06:17:08","date_gmt":"2025-10-10T06:17:08","guid":{"rendered":"https:\/\/www.europesays.com\/fi\/57856\/"},"modified":"2025-10-10T06:17:08","modified_gmt":"2025-10-10T06:17:08","slug":"janne-lehtonen-ja-mia-riitta-rakkaus-kukoistaa-aviokriisin-jalkeen-texasin-cowboy-tunnelmissa","status":"publish","type":"post","link":"https:\/\/www.europesays.com\/fi\/57856\/","title":{"rendered":"Janne Lehtonen ja Mia-Riitta: Rakkaus kukoistaa aviokriisin j\u00e4lkeen Texasin cowboy-tunnelmissa"},"content":{"rendered":"<p>\n            20250820 HELSINKI. Erikoisjoukot-pressi. Janne Lehtonen. KUVA: ATTE KAJOVA<br \/>\n            ATTE KAJOVA\n        <\/p>\n<p class=\"subtitle \">Texas ja l\u00e4nkk\u00e4rimeno ovat saaneet Jannenkin tunnelmoimaan.<\/p>\n<p class=\"article-content article-content-width !bg-background\">Suositun\u00a0Erikoisjoukot-sarjan kouluttajat ovat tuon tuosta kokeneet vaikeita aikoja rakkausrintamalla. My\u00f6s\u00a0sel\u00e4tti aviokriisin vain v\u00e4h\u00e4n aikaa sitten.<\/p>\n<p class=\"font-weight-bold m-font-weight-bold article-content article-content-width !bg-background\">Arkistovideo: Janne kertoo avioliittonsa tilasta<\/p>\n<p class=\"article-content article-content-width !bg-background\">Janne on pit\u00e4nyt yht\u00e4 vaimonsa\u00a0kanssa pienen ikuisuuden \u2013 teini-i\u00e4st\u00e4 pit\u00e4en. 41-vuotias pari on viett\u00e4nyt yhdess\u00e4 yli puolet el\u00e4m\u00e4ss\u00e4\u00e4n, mutta vajaa vuosi sitten paljastui, ett\u00e4 Mia-Riitta oli hakenut yksin avioeroa Jannesta.<\/p>\n<p>        <a itemprop=\"url\" href=\"https:\/\/www.seiska.fi\/vain-seiskassa\/erikoisjoukot-tahtien-suhteet-puhuttavat-aviokriisi-villi-naisruletti\/1948757\" rel=\"nofollow noopener\" target=\"_blank\"><\/p>\n<p>\nErikoisjoukot-t\u00e4htien suhteet puhuttavat\n<\/p>\n<p class=\"section-date\">\n        <strong class=\"article-section\" data-section=\"vain seiskassa\"><br \/>\n            vain seiskassa<br \/>\n        <\/strong><br \/>\n        6.10. 07:00\n    <\/p>\n<p>Erikoisjoukot-t\u00e4htien suhteet puhuttavat: aviokriisi, villi naisruletti&#8230;\n    <\/p>\n<p itemprop=\"description\" class=\"subtitle \">\n    Jan Knutti on jo kolmas Erikoisjoukot-kouluttaja, jonka suhdeasiat ovat her\u00e4tt\u00e4neet h\u00e4mmennyst\u00e4.\n<\/p>\n<p>        <\/a><\/p>\n<p>Ero peruttu<\/p>\n<p class=\"article-content article-content-width !bg-background\">Pariskunta sai kuitenkin puututtua ongelmiinsa ja ryhtyi korjaamaan niit\u00e4 yhdess\u00e4. T\u00e4m\u00e4n j\u00e4lkeen he ovat kommentoineet tilannetta todeten, ett\u00e4 molemmat halusivat jatkaa yhdess\u00e4.<\/p>\n<p class=\"article-content article-content-width !bg-background\">Seiskan tietojen mukaan avioerohakemus on yh\u00e4 voimassa, mutta pari aikoo j\u00e4tt\u00e4\u00e4 sen sillens\u00e4. Jos avioerohakemuksen j\u00e4lkeen ei hae m\u00e4\u00e4r\u00e4ajassa lopullista eroa, j\u00e4m\u00e4ht\u00e4\u00e4 ero niille sijoilleen.<\/p>\n<p class=\"article-content article-content-width !bg-background\">Niille sijoilleen ovat j\u00e4\u00e4neet mit\u00e4 ilmeisimmin my\u00f6s Mia-Riitan haaveet erosta. Pariskunnan somesis\u00e4lt\u00f6 on vaikeiden aikojen j\u00e4lkeen taas muuttunut rakkaudent\u00e4yteiseen suuntaan.<\/p>\n<p>        <a itemprop=\"url\" href=\"https:\/\/www.seiska.fi\/kotimaa\/podcast-erikoisjoukkojen-janne-lehtonen-ja-vaimo-mia-riitta-avautuvat-suhdekriisistaan\/1920163\" rel=\"nofollow noopener\" target=\"_blank\"><\/p>\n<p>\nJanne ja vaimo podcastissa\n<\/p>\n<p class=\"section-date\">\n        <strong class=\"article-section\" data-section=\"kotimaa\"><br \/>\n            kotimaa<br \/>\n        <\/strong><br \/>\n        4.9. 10:13\n    <\/p>\n<p>Podcast: Erikoisjoukkojen Janne Lehtonen ja vaimo Mia-Riitta avautuvat suhdekriisist\u00e4\u00e4n\n    <\/p>\n<p itemprop=\"description\" class=\"subtitle \">\n    Erikoisjoukot-t\u00e4hden puoliso j\u00e4tti viime vuonna avioerohakemuksen\n<\/p>\n<p>        <\/a><\/p>\n<p>Yhteinen reissu<\/p>\n<p class=\"article-content article-content-width !bg-background\">T\u00e4ll\u00e4 hetkell\u00e4 Janne ja Mia-Riitta viett\u00e4v\u00e4t aikaa rapakon toisella puolella, ja rakkauskin n\u00e4ytt\u00e4\u00e4 olevan vahvasti matkassa mukana.<\/p>\n<p class=\"article-content article-content-width !bg-background\">Pari on pakannut kamppeensa ja lenn\u00e4ht\u00e4nyt Yhdysvaltoihin, jossa reissu jatkuu roadtripin merkeiss\u00e4. Tie on vienyt Jannen ja Mia-Riitan Jenkkien etel\u00e4kolkkaan Texasiin, jossa cowboy-kulttuuri on vienyt heid\u00e4t mukanaan.<\/p>\n<p class=\"article-content article-content-width !bg-background\">Kaksikosta kumpikin on p\u00e4\u00e4ssyt hevosen selk\u00e4\u00e4n l\u00e4nnenratsastusvarusteissa. Mia-Riitta esitteli tarinoihinsa lis\u00e4\u00e4m\u00e4ll\u00e4\u00e4n videolla Jannen hevosmiestaitoja; mies h\u00f6lk\u00f6ttelee ratsunsa kanssa varsin sujuvalla tavalla.<\/p>\n<p class=\"article-content article-content-width !bg-background\">Pari k\u00e4vi katsomassa my\u00f6s rodeota itsekin asianmukaisesti varustautuneena stetsonit p\u00e4\u00e4ss\u00e4\u00e4n.<\/p>\n<p>        <a itemprop=\"url\" href=\"https:\/\/www.seiska.fi\/kotimaa\/erikoisjoukkojen-janne-lehtonen-ajautui-aviokriisiin-tama-on-tilanne-nyt\/1905670\" rel=\"nofollow noopener\" target=\"_blank\"><\/p>\n<p>\nAviokriisiin ajautunut Janne Lehtonen\n<\/p>\n<p class=\"section-date\">\n        <strong class=\"article-section\" data-section=\"kotimaa\"><br \/>\n            kotimaa<br \/>\n        <\/strong><br \/>\n        21.8. 16:00\n    <\/p>\n<p>Erikoisjoukkojen Janne Lehtonen ajautui aviokriisiin \u2013 t\u00e4m\u00e4 on tilanne nyt\n    <\/p>\n<p itemprop=\"description\" class=\"subtitle \">\n    Jannen puoliso haki avioeroa vuoden 2024 lopulla.\n<\/p>\n<p>        <\/a><\/p>\n<p>Cowboy-vaimo sytytt\u00e4\u00e4<\/p>\n<p class=\"article-content article-content-width !bg-background\">Vaikka Teksasin-visiittiin on eitt\u00e4m\u00e4tt\u00e4 mahtunut monia lukuisia hetki\u00e4, on Janne omistanut julkaisunsa vaimolleen. Videolla Mia-Riitta n\u00e4hd\u00e4\u00e4n sek\u00e4 h\u00f6rppim\u00e4ss\u00e4 jenkkil\u00e4ist\u00e4 olutta ett\u00e4 sy\u00f6m\u00e4ss\u00e4 mahdollisesti viel\u00e4 jenkkil\u00e4isemp\u00e4\u00e4 pihvi\u00e4.<\/p>\n<p class=\"article-content article-content-width !bg-background\">Videolla Janne kertoo olevan parhaita hetki\u00e4 reissun p\u00e4\u00e4lt\u00e4. Jos yll\u00e4oleva video ei n\u00e4y, sen voi katsoa <a href=\"https:\/\/www.instagram.com\/p\/DPmqhscDoeK\/\" target=\"_blank\" rel=\"nofollow noopener\">t\u00e4\u00e4lt\u00e4<\/a>.<\/p>\n<p class=\"article-content article-content-width !bg-background\">\u2013 Rakastan sit\u00e4, kun t\u00e4m\u00e4 elegantti bisnesnainen k\u00e4ytt\u00e4ytyy, juo kaljaa ja sy\u00f6 kuin cowboy, Janne hehkuttaa englanniksi julkaisunsa ohessa.<\/p>\n<p>        <a itemprop=\"url\" href=\"https:\/\/www.seiska.fi\/katso\/janne-lehtonen-paljastaa-tata-et-nae-erikoisjoukot-ohjelmassa\/1909131\" rel=\"nofollow noopener\" target=\"_blank\"><\/p>\n<p>\nJanne Lehtonen paljastaa Erikoisjoukoista\n<\/p>\n<p class=\"section-date\">\n        <strong class=\"article-section\" data-section=\"katso\"><br \/>\n            katso<br \/>\n        <\/strong><br \/>\n        25.8. 12:15\n    <\/p>\n<p>Janne Lehtonen paljastaa: T\u00e4t\u00e4 et n\u00e4e Erikoisjoukot-ohjelmassa\n    <\/p>\n<p itemprop=\"description\" class=\"subtitle \">\n    Janne Lehtonen on toiminut brutaalin tv-ohjelman p\u00e4\u00e4kouluttajana ensimm\u00e4isest\u00e4 kaudesta alkaen.\n<\/p>\n<p>        <\/a><\/p>\n<p>                <img decoding=\"async\" src=\"https:\/\/www.europesays.com\/fi\/wp-content\/uploads\/2025\/10\/1905716.webp\" width=\"576\" height=\"274\" alt=\"Jannen ja Mia-Riitan rakkaus roihahti jo koului\u00e4ss\u00e4. Kuva vuodelta 2024.\" loading=\"lazy\" \/>            <\/p>\n<p>\n            Jannen ja Mia-Riitan rakkaus roihahti jo koului\u00e4ss\u00e4. Kuva vuodelta 2024.<br \/>\n            Timo Korhonen\n        <\/p>\n<p><script async src=\"\/\/www.instagram.com\/embed.js\"><\/script><\/p>\n","protected":false},"excerpt":{"rendered":"20250820 HELSINKI. Erikoisjoukot-pressi. Janne Lehtonen. KUVA: ATTE KAJOVA ATTE KAJOVA Texas ja l\u00e4nkk\u00e4rimeno ovat saaneet Jannenkin tunnelmoimaan. Suositun\u00a0Erikoisjoukot-sarjan&hellip;\n","protected":false},"author":2,"featured_media":57857,"comment_status":"","ping_status":"","sticky":false,"template":"","format":"standard","meta":{"footnotes":""},"categories":[133],"tags":[1075,13618,137,33,31,30,2155,1478,5190,5519,13617,32,206,1772,156,109,619],"class_list":{"0":"post-57856","1":"post","2":"type-post","3":"status-publish","4":"format-standard","5":"has-post-thumbnail","7":"category-televisiot","8":"tag-avioliitto","9":"tag-cowboy","10":"tag-entertainment","11":"tag-fi","12":"tag-finland","13":"tag-finnish","14":"tag-janne-lehtonen","15":"tag-matkailu","16":"tag-mia-riitta-lehtonen","17":"tag-ratsastus","18":"tag-rodeo","19":"tag-suomi","20":"tag-televisiot","21":"tag-texas","22":"tag-tv","23":"tag-viihde","24":"tag-yhdysvallat"},"share_on_mastodon":{"url":"","error":""},"_links":{"self":[{"href":"https:\/\/www.europesays.com\/fi\/wp-json\/wp\/v2\/posts\/57856","targetHints":{"allow":["GET"]}}],"collection":[{"href":"https:\/\/www.europesays.com\/fi\/wp-json\/wp\/v2\/posts"}],"about":[{"href":"https:\/\/www.europesays.com\/fi\/wp-json\/wp\/v2\/types\/post"}],"author":[{"embeddable":true,"href":"https:\/\/www.europesays.com\/fi\/wp-json\/wp\/v2\/users\/2"}],"replies":[{"embeddable":true,"href":"https:\/\/www.europesays.com\/fi\/wp-json\/wp\/v2\/comments?post=57856"}],"version-history":[{"count":0,"href":"https:\/\/www.europesays.com\/fi\/wp-json\/wp\/v2\/posts\/57856\/revisions"}],"wp:featuredmedia":[{"embeddable":true,"href":"https:\/\/www.europesays.com\/fi\/wp-json\/wp\/v2\/media\/57857"}],"wp:attachment":[{"href":"https:\/\/www.europesays.com\/fi\/wp-json\/wp\/v2\/media?parent=57856"}],"wp:term":[{"taxonomy":"category","embeddable":true,"href":"https:\/\/www.europesays.com\/fi\/wp-json\/wp\/v2\/categories?post=57856"},{"taxonomy":"post_tag","embeddable":true,"href":"https:\/\/www.europesays.com\/fi\/wp-json\/wp\/v2\/tags?post=57856"}],"curies":[{"name":"wp","href":"https:\/\/api.w.org\/{rel}","templated":true}]}}