{"id":57864,"date":"2025-10-10T06:26:09","date_gmt":"2025-10-10T06:26:09","guid":{"rendered":"https:\/\/www.europesays.com\/fi\/57864\/"},"modified":"2025-10-10T06:26:09","modified_gmt":"2025-10-10T06:26:09","slug":"asiantuntija-olisi-nobelin-tahdon-vastaista-jos-trump-saisi-rauhanpalkinnon-ulkomaat","status":"publish","type":"post","link":"https:\/\/www.europesays.com\/fi\/57864\/","title":{"rendered":"Asiantuntija: Olisi Nobelin tahdon vastaista, jos Trump saisi rauhanpalkinnon | Ulkomaat"},"content":{"rendered":"<p>Juttu tiivistettyn\u00e4<\/p>\n<ul class=\"aw-1jjocuh iJTSwP yle__article__list yle__article__list--ul\">\n<li class=\"aw-1j7gwms eEeLbO\">Yhdysvaltain presidentti Donald Trump tavoittelee Nobelin rauhanpalkintoa, jonka saaja kerrotaan t\u00e4n\u00e4\u00e4n.<\/li>\n<li class=\"aw-1j7gwms eEeLbO\">Israel ja \u00e4\u00e4rij\u00e4rjest\u00f6 Hamas p\u00e4\u00e4siv\u00e4t sopuun Trumpin rauhansuunnitelman ensimm\u00e4isest\u00e4 vaiheesta juuri ennen palkinnon julkistusta.<\/li>\n<li class=\"aw-1j7gwms eEeLbO\">Oslon rauhantutkimusinstituutin johtaja Nina Gr\u00e6ger ep\u00e4ilee Trumpin voittomahdollisuuksia.<\/li>\n<li class=\"aw-1j7gwms eEeLbO\">Rauha ei ole vain diili, vaan sen pit\u00e4isi olla pysyv\u00e4\u00e4 ja pitk\u00e4aikaista, Gr\u00e6ger sanoo.<\/li>\n<\/ul>\n<p class=\"aw-1gybjub aw-1p7kakr ghpEtB jtovHP yle__article__paragraph\">T\u00e4m\u00e4 on teko\u00e4lyn avulla tuotettu, toimittajan tarkistama tiivistelm\u00e4.<\/p>\n<p class=\"aw-1gybjub aw-1p7kakr ghpEtB jtovHP yle__article__paragraph\"><strong class=\"aw-ak79eh KyCXm yle__article__strong\">TUKHOLMA<\/strong> Yhdysvaltain presidentti <strong class=\"aw-ak79eh KyCXm yle__article__strong\">Donald Trump<\/strong> on pit\u00e4nyt vuosikaudet esill\u00e4 yht\u00e4 unelmaansa. H\u00e4n haluaa Nobelin rauhanpalkinnon. T\u00e4n\u00e4\u00e4n perjantaina sellainen on jaossa.<\/p>\n<p class=\"aw-1gybjub aw-1p7kakr ghpEtB jtovHP yle__article__paragraph\">Trump sai L\u00e4hi-id\u00e4n rauhan nytk\u00e4ht\u00e4m\u00e4\u00e4n eteenp\u00e4in p\u00e4iv\u00e4\u00e4 ennen palkinnonjakoa. Israel ja Hamas p\u00e4\u00e4siv\u00e4t torstaina sopuun Trumpin v\u00e4litt\u00e4m\u00e4n rauhansuunnitelman ensimm\u00e4isest\u00e4 vaiheesta.<\/p>\n<p class=\"aw-1gybjub aw-1p7kakr ghpEtB jtovHP yle__article__paragraph\">Nobel-palkintojen aikataulu on ollut presidentin mieless\u00e4 sopua sorvatessa, kertovat muun muassa <a class=\"aw-iao6s4 iHOxEa yle__article__link\" href=\"https:\/\/www.washingtonpost.com\/politics\/2025\/10\/09\/trump-nobel-prize-friday\/?_pml=1\" role=\"link\" rel=\"nofollow noopener\" target=\"_blank\">sanomalehti The Washington Postin<\/a> l\u00e4hteet.<\/p>\n<p class=\"aw-1gybjub aw-1p7kakr ghpEtB jtovHP yle__article__paragraph\">T\u00e4n\u00e4\u00e4n Trump joutuu kuitenkin pettym\u00e4\u00e4n, jos Oslon rauhantutkimusinstituutin johtajan <strong class=\"aw-ak79eh KyCXm yle__article__strong\">Nina Gr\u00e6gerin<\/strong> arvio k\u00e4y toteen.<\/p>\n<p><img decoding=\"async\" alt=\"Henkil\u00f6 on pukeutunut  tummansiniseen bleiseriin ja kuvioituun kauluspaitaan.\" src=\"https:\/\/www.europesays.com\/fi\/wp-content\/uploads\/2025\/10\/39-153580568e785691d897.jpeg\" loading=\"lazy\" class=\"aw-1l9m598 hKVVvP\"\/><\/p>\n<p>Avaa kuvien katselu<\/p>\n<p>Nina Gr\u00e6ger valittiin Oslon rauhantutkimusinstituutin johtoon t\u00e4n\u00e4 vuonna. Aiemmin h\u00e4n toimi kansainv\u00e4listen suhteiden osaston johtajana ja professorina K\u00f6\u00f6penhaminan yliopistossa. Kuva: Helle Moos \/ Oslon rauhantutkimusinstituutti<\/p>\n<p class=\"aw-1gybjub aw-1p7kakr ghpEtB jtovHP yle__article__paragraph\">Instituutti on tunnettu <a class=\"aw-iao6s4 iHOxEa yle__article__link\" href=\"https:\/\/www.prio.org\/nobellist\/2025\" role=\"link\" rel=\"nofollow noopener\" target=\"_blank\">listastaan<\/a>, jonka se julkaisee vuosittain ennen rauhanpalkinnon jakoa. Sille nostetaan ihmisi\u00e4 ja tahoja, joiden voiton todenn\u00e4k\u00f6isyytt\u00e4 instituutissa pidet\u00e4\u00e4n korkeana.<\/p>\n<p class=\"aw-1gybjub aw-1p7kakr ghpEtB jtovHP yle__article__paragraph\">Viimeisen kymmenen vuoden aikana palkituista kahdeksan on ollut jossain vaiheessa instituutin listalla. Trumpin nime\u00e4 ei ole mainittu viel\u00e4 koskaan, ei t\u00e4n\u00e4k\u00e4\u00e4n vuonna.<\/p>\n<p class=\"aw-1gybjub aw-1p7kakr ghpEtB jtovHP yle__article__paragraph\">\u2013 Emme edes harkinneet h\u00e4nt\u00e4, Gr\u00e6ger sanoo.<\/p>\n<p>Instituutin listalla ei ole t\u00e4n\u00e4 vuonna yksityishenkil\u00f6it\u00e4<\/p>\n<ul class=\"aw-1jjocuh iJTSwP yle__article__list yle__article__list--ul\">\n<li class=\"aw-1j7gwms eEeLbO\">Sudan&#8217;s Emergency Response Rooms -avustusverkosto toimittaa humanitaarista apua Sudanin sis\u00e4llissodassa.<\/li>\n<li class=\"aw-1j7gwms eEeLbO\">Committee to Protect Journalists -j\u00e4rjest\u00f6 ker\u00e4\u00e4 todisteita toimittajiin kohdistuvista hy\u00f6kk\u00e4yksist\u00e4 kriisi- ja sota-alueilla.<\/li>\n<li class=\"aw-1j7gwms eEeLbO\">Etyjin demokraattisten instituutioiden ja ihmisoikeuksien toimisto ODIHR ja The Carter Center -j\u00e4rjest\u00f6 tekev\u00e4t vaalitarkkailua.<\/li>\n<li class=\"aw-1j7gwms eEeLbO\">The Women&#8217;s International League for Peace and Freedom -j\u00e4rjest\u00f6 on yksi maailman vanhimpia rauhanj\u00e4rjest\u00f6j\u00e4.<\/li>\n<li class=\"aw-1j7gwms eEeLbO\">Kansainv\u00e4linen tuomioistuin (ICJ) ja Kansainv\u00e4linen rikostuomioistuin (ICC) ovat kansainv\u00e4lisen oikeuden keskeisi\u00e4 instituutioita.<\/li>\n<\/ul>\n<p class=\"aw-1gybjub aw-1p7kakr ghpEtB jtovHP yle__article__paragraph\">Gr\u00e6ger ei edelleenk\u00e4\u00e4n usko Trumpin voiton mahdollisuuksiin Israelin ja Hamasin sopimuksesta huolimatta.<\/p>\n<p class=\"aw-1gybjub aw-1p7kakr ghpEtB jtovHP yle__article__paragraph\">Yksi syy on aikataulu. Nobel-komitean viimeinen kokous ennen rauhanpalkinnon julkaisua pidettiin maanantaina. <a class=\"aw-iao6s4 iHOxEa yle__article__link\" href=\"https:\/\/www.nrk.no\/norge\/bak-dorene-i-fredens-rom-1.17601647\" role=\"link\" rel=\"nofollow noopener\" target=\"_blank\">Norjan yleisradioyhti\u00f6 NRK<\/a> ja <a class=\"aw-iao6s4 iHOxEa yle__article__link\" href=\"https:\/\/www.bbc.com\/news\/articles\/cg5ejm4qrzyo\" role=\"link\" rel=\"nofollow noopener\" target=\"_blank\">Brintannian yleisradioyhti\u00f6 BBC<\/a> olivat p\u00e4\u00e4sseet ensimm\u00e4ist\u00e4 kertaa seuraamaan tunnelmia kokouksen alla.<\/p>\n<p class=\"aw-1gybjub aw-1p7kakr ghpEtB jtovHP yle__article__paragraph\">\u2013 Teknisesti on mahdollista, ett\u00e4 komitea olisi kokoontunut viel\u00e4 t\u00e4n\u00e4\u00e4n, mutta en pid\u00e4 sit\u00e4 todenn\u00e4k\u00f6isen\u00e4, Gr\u00e6ger arvioi Ylelle torstaina videohaastattelussa.<\/p>\n<p><img decoding=\"async\" alt=\" Marco Rubio kuiskaa Donald trumpin korvaan.\" src=\"https:\/\/www.europesays.com\/fi\/wp-content\/uploads\/2025\/10\/39-153585668e78efe64e0b.jpeg\" loading=\"lazy\" class=\"aw-1l9m598 hKVVvP\"\/><\/p>\n<p>Avaa kuvien katselu<\/p>\n<p>Yhdysvaltain ulkoministeri Marco Rubio ilmoitti presidentti Donald Trumpille Gazan rauhanneuvotteluiden tuloksesta keskiviikkona kesken kokouksen. Kuva: Jim Watson \/ AFP<\/p>\n<p class=\"aw-1gybjub aw-1p7kakr ghpEtB jtovHP yle__article__paragraph\">Trumpin voittoa vastaan puhuu my\u00f6s se, ett\u00e4 nyt jaettava palkinto annetaan rauhan edist\u00e4misest\u00e4 vuonna 2024.<\/p>\n<p class=\"aw-1gybjub aw-1p7kakr ghpEtB jtovHP yle__article__paragraph\">Nimitysten aikarajaksi on annettu tammikuun viimeinen p\u00e4iv\u00e4. Teoriassa rauhanpalkintoon johtavat teot olisi siis pit\u00e4nyt tehd\u00e4 jo ennen t\u00e4m\u00e4n vuoden tammikuun loppua.<\/p>\n<p class=\"aw-1gybjub aw-1p7kakr ghpEtB jtovHP yle__article__paragraph\">Kun Yhdysvaltain entinen demokraattipresidentti <strong class=\"aw-ak79eh KyCXm yle__article__strong\">Barack Obama<\/strong> sai Nobelinsa vuonna 2009, h\u00e4n oli astunut virkaansa vasta tammikuussa, nimitysten takarajan aikoihin. Tuolloin valintaa kritisoitiin, koska Obaman katsottiin saaneen palkinnon ennenaikaisesti.<\/p>\n<p class=\"aw-1gybjub aw-1p7kakr ghpEtB jtovHP yle__article__paragraph\">Trump viittasi t\u00e4h\u00e4n vuosi sitten presidentinvaalikampanjansa aikaan sanomalla, ett\u00e4 jos h\u00e4nen nimens\u00e4 olisi Obama, h\u00e4n olisi saanut palkinnon kymmeness\u00e4 sekunnissa.<\/p>\n<p>\u201dRauha ei ole vain diili\u201d<\/p>\n<p class=\"aw-1gybjub aw-1p7kakr ghpEtB jtovHP yle__article__paragraph\">Gr\u00e6ger muistuttaa, ett\u00e4 Trumpin johdolla aikaan saatu Hamasin ja Israelin aseleposopimus on vasta ensiaskel pitk\u00e4ll\u00e4 tiell\u00e4 kohti rauhaa.<\/p>\n<p class=\"aw-1gybjub aw-1p7kakr ghpEtB jtovHP yle__article__paragraph\">\u2013 Suunnitelma on eritt\u00e4in lupaava ja suuri saavutus, mutta olemme kaukana pysyv\u00e4st\u00e4 rauhasta, ja moni asia voi menn\u00e4 pieleen. Siksi olisin yll\u00e4ttynyt, jos Trump saisi palkinnon nyt.<\/p>\n<p class=\"aw-1gybjub aw-1p7kakr ghpEtB jtovHP yle__article__paragraph\">\u2013 Mutta en yll\u00e4ttyisi, jos h\u00e4nt\u00e4 harkittaisiin ensi vuonna, Gr\u00e6ger lis\u00e4\u00e4.<\/p>\n<p class=\"aw-1gybjub aw-1p7kakr ghpEtB jtovHP yle__article__paragraph\">Edellytyksen\u00e4 toki olisi, ett\u00e4 suunnitelma etenisi kohti pysyv\u00e4\u00e4 rauhaa.<\/p>\n<p class=\"aw-1gybjub aw-1p7kakr ghpEtB jtovHP yle__article__paragraph\">\u2013 Rauha ei ole vain diili, vaan sen pit\u00e4isi olla pysyv\u00e4\u00e4 ja pitk\u00e4aikaista. T\u00e4m\u00e4n palkinnon kohdalla rima on todella korkealla.<\/p>\n<p><img decoding=\"async\" alt=\"Nobel-mitali, jossa on Alfred Nobelin sivuprofiilin kuva.\" src=\"https:\/\/www.europesays.com\/fi\/wp-content\/uploads\/2025\/10\/39-153426268e4b7b421e38.jpeg\" loading=\"lazy\" class=\"aw-1l9m598 hKVVvP\"\/><\/p>\n<p>Avaa kuvien katselu<\/p>\n<p>Tukholman Nobel-museon ovissa on kuvattu Nobel-mitali. Kuva: Jonathan Nackstrand\/ AFP<\/p>\n<p class=\"aw-1gybjub aw-1p7kakr ghpEtB jtovHP yle__article__paragraph\">Nobel-komitean ty\u00f6h\u00f6n teht\u00e4v\u00e4ss\u00e4\u00e4n perehtynyt Gr\u00e6ger korostaa, ett\u00e4 komitea on yleens\u00e4 uskollinen <strong class=\"aw-ak79eh KyCXm yle__article__strong\">Alfred Nobelin<\/strong> testamentin hengelle.<\/p>\n<p class=\"aw-1gybjub aw-1p7kakr ghpEtB jtovHP yle__article__paragraph\">Nobelin testamentissa listataan kolme kriteeri\u00e4, joiden perusteella rauhanpalkinto jaetaan. Testamentin mukaan palkinto kuuluu ihmiselle, joka on edist\u00e4nyt rauhaa, aseistariisuntaa ja kansainv\u00e4list\u00e4 yhteisty\u00f6t\u00e4.<\/p>\n<p class=\"aw-1gybjub aw-1p7kakr ghpEtB jtovHP yle__article__paragraph\">Donald Trumpin kohdalla nousee esiin monia ristiriitoja.<\/p>\n<p class=\"aw-1gybjub aw-1p7kakr ghpEtB jtovHP yle__article__paragraph\">Trump on presidenttin\u00e4 vet\u00e4nyt Yhdysvaltoja pois kansainv\u00e4lisist\u00e4 sopimuksista ja instituutioista sek\u00e4 muun muassa ilmaissut halunsa ottaa Gr\u00f6nlanti Tanskalta. Trump on my\u00f6s leikannut kehitysapua, mik\u00e4 on vaikuttanut ihmisten el\u00e4m\u00e4\u00e4n konfliktialueilla, Gr\u00e6ger huomauttaa.<\/p>\n<p class=\"aw-1gybjub aw-1p7kakr ghpEtB jtovHP yle__article__paragraph\">Siksi Trumpin valita ei h\u00e4nen mielest\u00e4\u00e4n olisi Nobelin tahdon mukaista.<\/p>\n<p>Trump painosti jopa Norjan hallitusta<\/p>\n<p class=\"aw-1gybjub aw-1p7kakr ghpEtB jtovHP yle__article__paragraph\">Gr\u00e6ger pit\u00e4\u00e4 eritt\u00e4in ep\u00e4tavallisena Trumpin tapaa <a class=\"aw-iao6s4 iHOxEa yle__article__link\" href=\"https:\/\/yle.fi\/a\/74-20186445\" role=\"link\" rel=\"nofollow noopener\" target=\"_blank\">pyrki\u00e4 itse vaikuttamaan<\/a> valintaansa.<\/p>\n<p class=\"aw-1gybjub aw-1p7kakr ghpEtB jtovHP yle__article__paragraph\">Sanomalehti <a class=\"aw-iao6s4 iHOxEa yle__article__link\" href=\"https:\/\/www.ft.com\/content\/df530fcf-917d-44af-981b-021f99ff2ee6\" role=\"link\" rel=\"nofollow noopener\" target=\"_blank\">Financial Timesin<\/a> tietojen mukaan Trump on painostanut jopa Norjan hallitusta. Trumpin kerrotaan ottaneen palkinnon esille puhuessaan Naton entisen p\u00e4\u00e4sihteerin <strong class=\"aw-ak79eh KyCXm yle__article__strong\">Jens Stoltenbergin<\/strong> kanssa. Stoltenberg toimii nykyisin Norjan valtiovarainministerin\u00e4.<\/p>\n<p>Nobelin rauhanpalkinto julkistetaan Oslossa, kun taas muut palkinnot jaetaan Tukholmassa. Viime vuonna palkinnon saajan kertoi Norjan Nobel-komitean puheenjohtaja Jorgen Watne Frydnes.<\/p>\n<p class=\"aw-1gybjub aw-1p7kakr ghpEtB jtovHP yle__article__paragraph\">Nobel-komitea ei kerro ehdokkaiden nimi\u00e4 julkisuuteen, eiv\u00e4tk\u00e4 ehdokkaat itse tied\u00e4 olevansa nimettyj\u00e4 palkinnon saajaksi.<\/p>\n<p class=\"aw-1gybjub aw-1p7kakr ghpEtB jtovHP yle__article__paragraph\">\u2013 Komitea on varmasti tottunut toimimaan poliittisessa meteliss\u00e4. He ty\u00f6skentelev\u00e4t suljettujen ovien takana, ja me saamme 50 vuoden p\u00e4\u00e4st\u00e4 tiet\u00e4\u00e4, mit\u00e4 he keskustelivat.<\/p>\n<p class=\"aw-1gybjub aw-1p7kakr ghpEtB jtovHP yle__article__paragraph\">Gr\u00e6ger viittaa siihen, ett\u00e4 komitean p\u00e4\u00e4t\u00f6kseen liittyv\u00e4t asiakirjat pysyv\u00e4t 50 vuotta salattuina.<\/p>\n<p>Viime vuosien rauhanpalkinnon saajat<\/p>\n<p class=\"aw-1gybjub aw-1p7kakr ghpEtB jtovHP yle__article__paragraph\"><strong class=\"aw-ak79eh KyCXm yle__article__strong\">2024<\/strong> Nihon Hidankyo -j\u00e4rjest\u00f6 ty\u00f6st\u00e4\u00e4n ydinaseettoman maailman saavuttamiseksi<\/p>\n<p class=\"aw-1gybjub aw-1p7kakr ghpEtB jtovHP yle__article__paragraph\"><strong class=\"aw-ak79eh KyCXm yle__article__strong\">2023<\/strong> Iranilainen ihmisoikeusaktivisti <strong class=\"aw-ak79eh KyCXm yle__article__strong\">Narges Mohammadi<\/strong> taistelustaan naisten sortamista vastaan kotimaassaan<\/p>\n<p class=\"aw-1gybjub aw-1p7kakr ghpEtB jtovHP yle__article__paragraph\"><strong class=\"aw-ak79eh KyCXm yle__article__strong\">2022 Ales Bjaljatski<\/strong> sek\u00e4 Memorial- ja Center for Civil Liberties -ihmisoikeusj\u00e4rjest\u00f6t ihmisoikeuksien puolustamisesta Ven\u00e4j\u00e4ll\u00e4, Valko-Ven\u00e4j\u00e4ll\u00e4 ja Ukrainassa<\/p>\n<p class=\"aw-1gybjub aw-1p7kakr ghpEtB jtovHP yle__article__paragraph\"><strong class=\"aw-ak79eh KyCXm yle__article__strong\">2021<\/strong> Filippiinil\u00e4inen <strong class=\"aw-ak79eh KyCXm yle__article__strong\">Maria Ressa<\/strong> ja ven\u00e4l\u00e4inen <strong class=\"aw-ak79eh KyCXm yle__article__strong\">Dmitri Muratov<\/strong> sananvapauden edist\u00e4misest\u00e4<\/p>\n<p class=\"aw-1gybjub aw-1p7kakr ghpEtB jtovHP yle__article__paragraph\"><strong class=\"aw-ak79eh KyCXm yle__article__strong\">2020<\/strong> Maailman ruokaohjelma WFP taistelusta n\u00e4l\u00e4nh\u00e4t\u00e4\u00e4 vastaan<\/p>\n","protected":false},"excerpt":{"rendered":"Juttu tiivistettyn\u00e4 Yhdysvaltain presidentti Donald Trump tavoittelee Nobelin rauhanpalkintoa, jonka saaja kerrotaan t\u00e4n\u00e4\u00e4n. Israel ja \u00e4\u00e4rij\u00e4rjest\u00f6 Hamas p\u00e4\u00e4siv\u00e4t&hellip;\n","protected":false},"author":2,"featured_media":57865,"comment_status":"","ping_status":"","sticky":false,"template":"","format":"standard","meta":{"footnotes":""},"categories":[14],"tags":[22,23,585,26,27,33,31,30,5134,505,17,993,70,992,24,25,28,29,15,13384,1270,4714,18,21,32,19,20,56,16,59,60,61],"class_list":{"0":"post-57864","1":"post","2":"type-post","3":"status-publish","4":"format-standard","5":"has-post-thumbnail","7":"category-ulkomaat","8":"tag-breaking-news","9":"tag-breakingnews","10":"tag-donald-trump","11":"tag-featured-news","12":"tag-featurednews","13":"tag-fi","14":"tag-finland","15":"tag-finnish","16":"tag-gaza","17":"tag-gazan-sota","18":"tag-headlines","19":"tag-israel","20":"tag-kansainvalinen-politiikka","21":"tag-lahi-ita","22":"tag-latest-news","23":"tag-latestnews","24":"tag-main-news","25":"tag-mainnews","26":"tag-news","27":"tag-nobel","28":"tag-nobelin-palkinnot","29":"tag-nobelin-rauhanpalkinto","30":"tag-otsikot","31":"tag-paauutiset","32":"tag-suomi","33":"tag-top-stories","34":"tag-topstories","35":"tag-ulkomaat","36":"tag-uutiset","37":"tag-world","38":"tag-world-news","39":"tag-worldnews"},"share_on_mastodon":{"url":"","error":""},"_links":{"self":[{"href":"https:\/\/www.europesays.com\/fi\/wp-json\/wp\/v2\/posts\/57864","targetHints":{"allow":["GET"]}}],"collection":[{"href":"https:\/\/www.europesays.com\/fi\/wp-json\/wp\/v2\/posts"}],"about":[{"href":"https:\/\/www.europesays.com\/fi\/wp-json\/wp\/v2\/types\/post"}],"author":[{"embeddable":true,"href":"https:\/\/www.europesays.com\/fi\/wp-json\/wp\/v2\/users\/2"}],"replies":[{"embeddable":true,"href":"https:\/\/www.europesays.com\/fi\/wp-json\/wp\/v2\/comments?post=57864"}],"version-history":[{"count":0,"href":"https:\/\/www.europesays.com\/fi\/wp-json\/wp\/v2\/posts\/57864\/revisions"}],"wp:featuredmedia":[{"embeddable":true,"href":"https:\/\/www.europesays.com\/fi\/wp-json\/wp\/v2\/media\/57865"}],"wp:attachment":[{"href":"https:\/\/www.europesays.com\/fi\/wp-json\/wp\/v2\/media?parent=57864"}],"wp:term":[{"taxonomy":"category","embeddable":true,"href":"https:\/\/www.europesays.com\/fi\/wp-json\/wp\/v2\/categories?post=57864"},{"taxonomy":"post_tag","embeddable":true,"href":"https:\/\/www.europesays.com\/fi\/wp-json\/wp\/v2\/tags?post=57864"}],"curies":[{"name":"wp","href":"https:\/\/api.w.org\/{rel}","templated":true}]}}