{"id":57866,"date":"2025-10-10T06:27:08","date_gmt":"2025-10-10T06:27:08","guid":{"rendered":"https:\/\/www.europesays.com\/fi\/57866\/"},"modified":"2025-10-10T06:27:08","modified_gmt":"2025-10-10T06:27:08","slug":"tytot-kertoivat-etta-opettaja-kosketteli-heita-ja-pyysi-kutsumaan-isukiksi-opettaja-valittaa-potkuistaan-pohjois-pohjanmaa","status":"publish","type":"post","link":"https:\/\/www.europesays.com\/fi\/57866\/","title":{"rendered":"Tyt\u00f6t kertoivat, ett\u00e4 opettaja kosketteli heit\u00e4 ja pyysi kutsumaan isukiksi \u2013 opettaja valittaa potkuistaan | Pohjois-Pohjanmaa"},"content":{"rendered":"<p class=\"aw-1gybjub aw-5vja16 ghpEtB kjanFo yle__article__paragraph\">Nivalassa on irtisanottu lyhyen ajan sis\u00e4\u00e4n opettaja ja koulunk\u00e4ynnin ohjaaja samasta koulusta. Syyn\u00e4 potkuille on ep\u00e4asiallinen k\u00e4yt\u00f6s. Opettaja ei hyv\u00e4ksy irtisanomistaan.<\/p>\n<p><img decoding=\"async\" alt=\"Kartta n\u00e4ytt\u00e4\u00e4 Nivalan sijainnin Suomessa, l\u00e4hell\u00e4 Oulua, Kajaania ja Kokkolaa. \" src=\"https:\/\/www.europesays.com\/fi\/wp-content\/uploads\/2025\/10\/39-153534668e66692464e4.jpeg\" class=\"aw-1l9m598 hKVVvP\"\/><\/p>\n<p>Avaa kuvien katselu<\/p>\n<p>Nivalassa sijaitsevasta koulusta on irtisanottu kaksi henkil\u00f6\u00e4 ep\u00e4asiallisen k\u00e4yt\u00f6ksen vuoksi. Kuva: Paulus Markkula \/ Yle, MapCreator, OpenStreetMap<\/p>\n<p>Juttu tiivistettyn\u00e4<\/p>\n<ul class=\"aw-1jjocuh iJTSwP yle__article__list yle__article__list--ul\">\n<li class=\"aw-1j7gwms eEeLbO\">Nivalalaisesta alakoulusta on irtisanottu opettaja asiattoman k\u00e4yt\u00f6ksen vuoksi ja koulunk\u00e4ynninohjaaja ep\u00e4asiallisen viestittelyn takia.<\/li>\n<li class=\"aw-1j7gwms eEeLbO\">Opettaja on valittanut irtisanomisestaan.<\/li>\n<li class=\"aw-1j7gwms eEeLbO\">Opettajan ep\u00e4asiallinen k\u00e4yt\u00f6s on jatkunut mediatietojen mukaan 1990-luvulta saakka, ja h\u00e4n sai varoitukset vuosina 2018 ja 2021 ennen syyskuussa tapahtunutta irtisanomista. Poliisi on aloittanut miehen toiminnasta esitutkinnan.<\/li>\n<li class=\"aw-1j7gwms eEeLbO\">Koulunk\u00e4ynninohjaajan tapaus tuli ilmi, kun entiset oppilaat ottivat yhteytt\u00e4 kouluun opettajan irtisanomisen j\u00e4lkeen kertoakseen my\u00f6s ohjaajan ep\u00e4asiallisesta viestittelyst\u00e4.<\/li>\n<\/ul>\n<p class=\"aw-1gybjub aw-1p7kakr ghpEtB jtovHP yle__article__paragraph\">T\u00e4m\u00e4 on teko\u00e4lyn avulla tuotettu, toimittajan tarkistama tiivistelm\u00e4.<\/p>\n<p class=\"aw-1gybjub aw-1p7kakr ghpEtB jtovHP yle__article__paragraph\">Nivalassa ep\u00e4asiallisen k\u00e4yt\u00f6ksen takia irtisanottu opettaja on valittanut potkuistaan. Asiasta kertoo Nivalan kaupungin sivistysjohtaja <strong class=\"aw-ak79eh KyCXm yle__article__strong\">Riitta Viitakangas<\/strong>.<\/p>\n<p class=\"aw-1gybjub aw-1p7kakr ghpEtB jtovHP yle__article__paragraph\">Opettaja irtisanottiin 15. syyskuuta. Kaupungin mukaan taustalla oli pitk\u00e4\u00e4n jatkunutta ep\u00e4asiallista k\u00e4yt\u00f6st\u00e4 entisi\u00e4 ja nykyisi\u00e4 oppilaita kohtaan.<\/p>\n<p class=\"aw-1gybjub aw-1p7kakr ghpEtB jtovHP yle__article__paragraph\">Opettaja k\u00e4ytt\u00e4ytyi toistuvasti seksuaaliss\u00e4vytteisesti. Kaupungin kuulemien kertomusten mukaan mies kosketteli alakouluik\u00e4isi\u00e4 tytt\u00f6j\u00e4 sopimattomaksi koetulla tavalla ja puhui ep\u00e4asiallisesti.<\/p>\n<p class=\"aw-1gybjub aw-1p7kakr ghpEtB jtovHP yle__article__paragraph\">Opettajan ep\u00e4asiallisesta k\u00e4yt\u00f6ksest\u00e4 aiemmin uutisoineen <a class=\"aw-iao6s4 iHOxEa yle__article__link\" href=\"https:\/\/www.nivala-lehti.fi\/artikkeli\/alkaa-sanoko-etta-ope-sanokaa-mieluummin-isiksi-nivalassa-irtisanottu-opettaja-kayttaytyi-vuos\" role=\"link\" rel=\"nofollow noopener\" target=\"_blank\">Nivala-lehden<\/a> mukaan opettajan ep\u00e4asiallinen k\u00e4yt\u00f6s on jatkunut 1990-luvulta saakka.<\/p>\n<p class=\"aw-1gybjub aw-1p7kakr ghpEtB jtovHP yle__article__paragraph\">Opettaja oli saanut k\u00e4yt\u00f6ksest\u00e4\u00e4n varoitukset vuosina 2018 ja 2021.<\/p>\n<p class=\"aw-1gybjub aw-1p7kakr ghpEtB jtovHP yle__article__paragraph\">Irtisanomiseen johtaneissa tapauksissa miehen v\u00e4itettiin muun muassa k\u00e4skeneen oppilaita kutsumaan h\u00e4nt\u00e4 \u201disukiksi\u201d tai \u201dis\u00e4ksi\u201d, k\u00e4ytt\u00e4ytyneen lapsia ahdistavalla tavalla ja houkutelleen lapsia luokseen kyl\u00e4\u00e4n.<\/p>\n<p class=\"aw-1gybjub aw-1p7kakr ghpEtB jtovHP yle__article__paragraph\">Poliisi on aloittanut miehen toiminnasta esitutkinnan.<\/p>\n<p class=\"aw-1gybjub aw-1p7kakr ghpEtB jtovHP yle__article__paragraph\">Miehen valituksen potkuista k\u00e4sittelee opetuslautakunta. Jos opettaja ei ole tyytyv\u00e4inen ratkaisuun, h\u00e4n voi valittaa siit\u00e4 hallinto-oikeuteen.<\/p>\n<p>My\u00f6s koulunk\u00e4ynninohjaaja k\u00e4ytt\u00e4ytynyt ep\u00e4asiallisesti<\/p>\n<p class=\"aw-1gybjub aw-1p7kakr ghpEtB jtovHP yle__article__paragraph\"><a class=\"aw-iao6s4 iHOxEa yle__article__link\" href=\"https:\/\/yle.fi\/a\/74-20187381\" role=\"link\" rel=\"nofollow noopener\" target=\"_blank\">Keskiviikkona uutisoitiin<\/a>, ett\u00e4 samasta koulusta on irtisanottu my\u00f6s koulunk\u00e4ynninohjaaja ep\u00e4asiallisen k\u00e4yt\u00f6ksen vuoksi.<\/p>\n<p class=\"aw-1gybjub aw-1p7kakr ghpEtB jtovHP yle__article__paragraph\">Tapaus tuli kaupungin tietoon, kun entiset oppilaat olivat ottaneet yhteytt\u00e4. Opettajan irtisanomisen j\u00e4lkeen he olivat halunneet tuoda esille my\u00f6s koulunk\u00e4ynnin ohjaajan ep\u00e4asiallisen viestittelyn.<\/p>\n<p class=\"aw-1gybjub aw-1p7kakr ghpEtB jtovHP yle__article__paragraph\">Mies oli saanut varoituksen ep\u00e4asiallisesta viestittelyst\u00e4 ja k\u00e4yt\u00f6ksest\u00e4 vuonna 2018 sek\u00e4 uudelleen vuonna 2024. Viestittely oli jatkunut varoituksista huolimatta.<\/p>\n<p class=\"aw-1gybjub aw-1p7kakr ghpEtB jtovHP yle__article__paragraph\">Nivalan kaupungin asiakirjoista k\u00e4y ilmi, ett\u00e4 ep\u00e4asiallista viestittely\u00e4 on ollut lis\u00e4ksi ainakin vuosina 2016, 2017 ja 2019.<\/p>\n<p class=\"aw-1gybjub aw-1p7kakr ghpEtB jtovHP yle__article__paragraph\">Viitakankaan mukaan ty\u00f6nantajalla ei ollut tietoa viestittelyst\u00e4 tapahtumahetkell\u00e4. Mies oli yritt\u00e4nyt houkutella lapsia muun muassa kalastamaan, mets\u00e4st\u00e4m\u00e4\u00e4n ja kyl\u00e4ilem\u00e4\u00e4n. Viesteiss\u00e4 mies kommentoi pit\u00e4v\u00e4ns\u00e4 lapsia rakkaina ja ihanina sek\u00e4 t\u00e4rkein\u00e4.<\/p>\n<p class=\"aw-1gybjub aw-1p7kakr ghpEtB jtovHP yle__article__paragraph\"><strong class=\"aw-ak79eh KyCXm yle__article__strong\">T\u00e4llaiset tapaukset ovat harvinaisia. Miten on mahdollista, ett\u00e4 yhdess\u00e4 koulussa on kaksi t\u00e4llaista tapausta?<\/strong><\/p>\n<p class=\"aw-1gybjub aw-1p7kakr ghpEtB jtovHP yle__article__paragraph\">\u2013 N\u00e4m\u00e4 ovat ik\u00e4vi\u00e4 ja valitettavia tapauksia, mutta erillisi\u00e4 tapauksia. Ty\u00f6nantaja on pyrkinyt reagoimaan sill\u00e4 tiedolla, mik\u00e4 on ollut k\u00e4ytett\u00e4viss\u00e4. Kun uutta tietoa tuli, niin reagoitiin mahdollisimman nopeasti, Viitakangas sanoo.<\/p>\n","protected":false},"excerpt":{"rendered":"Nivalassa on irtisanottu lyhyen ajan sis\u00e4\u00e4n opettaja ja koulunk\u00e4ynnin ohjaaja samasta koulusta. Syyn\u00e4 potkuille on ep\u00e4asiallinen k\u00e4yt\u00f6s. Opettaja&hellip;\n","protected":false},"author":2,"featured_media":57867,"comment_status":"","ping_status":"","sticky":false,"template":"","format":"standard","meta":{"footnotes":""},"categories":[12],"tags":[22,23,26,27,33,31,30,17,8372,451,71,615,99,24,25,28,29,15,989,18,21,728,32,19,20,16],"class_list":{"0":"post-57866","1":"post","2":"type-post","3":"status-publish","4":"format-standard","5":"has-post-thumbnail","7":"category-suomi","8":"tag-breaking-news","9":"tag-breakingnews","10":"tag-featured-news","11":"tag-featurednews","12":"tag-fi","13":"tag-finland","14":"tag-finnish","15":"tag-headlines","16":"tag-ihmisen-huono-kaytos","17":"tag-keski-pohjanmaa","18":"tag-kotimaa","19":"tag-koulut","20":"tag-lapset","21":"tag-latest-news","22":"tag-latestnews","23":"tag-main-news","24":"tag-mainnews","25":"tag-news","26":"tag-nivala","27":"tag-otsikot","28":"tag-paauutiset","29":"tag-pohjois-pohjanmaa","30":"tag-suomi","31":"tag-top-stories","32":"tag-topstories","33":"tag-uutiset"},"share_on_mastodon":{"url":"","error":""},"_links":{"self":[{"href":"https:\/\/www.europesays.com\/fi\/wp-json\/wp\/v2\/posts\/57866","targetHints":{"allow":["GET"]}}],"collection":[{"href":"https:\/\/www.europesays.com\/fi\/wp-json\/wp\/v2\/posts"}],"about":[{"href":"https:\/\/www.europesays.com\/fi\/wp-json\/wp\/v2\/types\/post"}],"author":[{"embeddable":true,"href":"https:\/\/www.europesays.com\/fi\/wp-json\/wp\/v2\/users\/2"}],"replies":[{"embeddable":true,"href":"https:\/\/www.europesays.com\/fi\/wp-json\/wp\/v2\/comments?post=57866"}],"version-history":[{"count":0,"href":"https:\/\/www.europesays.com\/fi\/wp-json\/wp\/v2\/posts\/57866\/revisions"}],"wp:featuredmedia":[{"embeddable":true,"href":"https:\/\/www.europesays.com\/fi\/wp-json\/wp\/v2\/media\/57867"}],"wp:attachment":[{"href":"https:\/\/www.europesays.com\/fi\/wp-json\/wp\/v2\/media?parent=57866"}],"wp:term":[{"taxonomy":"category","embeddable":true,"href":"https:\/\/www.europesays.com\/fi\/wp-json\/wp\/v2\/categories?post=57866"},{"taxonomy":"post_tag","embeddable":true,"href":"https:\/\/www.europesays.com\/fi\/wp-json\/wp\/v2\/tags?post=57866"}],"curies":[{"name":"wp","href":"https:\/\/api.w.org\/{rel}","templated":true}]}}