{"id":57898,"date":"2025-10-10T07:08:07","date_gmt":"2025-10-10T07:08:07","guid":{"rendered":"https:\/\/www.europesays.com\/fi\/57898\/"},"modified":"2025-10-10T07:08:07","modified_gmt":"2025-10-10T07:08:07","slug":"seppo-jokinen-ei-tamperetta-hylkaa-tampereen-kaupunki","status":"publish","type":"post","link":"https:\/\/www.europesays.com\/fi\/57898\/","title":{"rendered":"Seppo Jokinen ei Tamperetta hylk\u00e4\u00e4 [Tampereen kaupunki"},"content":{"rendered":"<p>Jokisen tuolloinen ty\u00f6yhteis\u00f6 p\u00e4\u00e4si mukaan my\u00f6s kirjoihin, vaikka h\u00e4n yritti v\u00e4ltt\u00e4\u00e4 hahmojensa yhteyksi\u00e4 todellisiin henkil\u00f6ihin. Ty\u00f6toverit olivat mukana mielell\u00e4\u00e4n ja ne, jotka eiv\u00e4t kirjoihin p\u00e4\u00e4sseet, yrittiv\u00e4t lahjoa kirjailijaa pullakahveilla, jotta p\u00e4\u00e4tyisiv\u00e4t niihin edes ruumiiksi.<\/p>\n<p>Jokinen viihtyi ty\u00f6ss\u00e4\u00e4n, mutta lopulta piti tehd\u00e4 valinta p\u00e4iv\u00e4t\u00f6iden ja kirjailijanuran v\u00e4lill\u00e4. T\u00f6iss\u00e4 oleminen oli antanut kirjailijalle tarpeellista kosketusta arkiel\u00e4m\u00e4\u00e4n.<\/p>\n<p>\u2013 En min\u00e4 silti p\u00e4\u00e4toimisena kirjailijanakaan ole m\u00f6kkiytynyt, ja vanhan yst\u00e4v\u00e4piirin oheen on tullut uusia. Dekkarikirjailijat pit\u00e4v\u00e4t Suomessa yht\u00e4, ja meill\u00e4 on ollut hyvi\u00e4 tapaamisia, joissa on voinut keskustella ty\u00f6asioista vapaasti. Illanvietot ovatkin sitten usein olleet varsinaisia tapahtumien \u00f6it\u00e4, h\u00e4n nauraa.<\/p>\n<p>Poliisin ty\u00f6st\u00e4 Jokinen ei sanojensa mukaan tiennyt ennest\u00e4\u00e4n mit\u00e4\u00e4n. Poliisina ty\u00f6skennellyt vanha armeijakaveri antoi kuitenkin hyv\u00e4\u00e4 opastusta. Koskisia pidet\u00e4\u00e4nkin uskottavina poliisin ty\u00f6n kuvauksina.<\/p>\n<p>\u2013 Olin er\u00e4\u00e4ss\u00e4 tilaisuudessa puhumassa kirjoistani, ja yleis\u00f6 ei ollut mill\u00e4\u00e4n uskoa, etten ole poliisi. Er\u00e4s kirjallisuuskriitikko puolestaan tuhahti arvostelunsa lopuksi, ett\u00e4 pit\u00e4\u00e4k\u00f6 kaikkien entisten poliisien ryhty\u00e4 rikoskirjailijoiksi.<\/p>\n<p>Jokinen ei sano ehdottomasti ei<\/p>\n<p>Jokinen antaa mielell\u00e4\u00e4n tunnustusta niille, jotka ovat auttaneet h\u00e4nt\u00e4 matkan varrella. Tv-sarjasta h\u00e4n mainitsee erityisesti tuottaja <strong>Timo Kivisen<\/strong> ja ohjaaja-k\u00e4sikirjoittaja <strong>Riku Suokkaan<\/strong>.<\/p>\n<p>Koskisesta oltiin jo ensimm\u00e4isen kirjan j\u00e4lkeen tekem\u00e4ss\u00e4 tv-sarjaa. Ohjaaja <strong>Pekka Parikka<\/strong> oli asian kanssa vakavissaan, mutta asia raukesi Parikan ennenaikaiseen kuolemaan. My\u00f6hemmin suunnitelmat Ylell\u00e4 olivat jo pitk\u00e4ll\u00e4, mutta sekin hanke kaatui. Kuunnelmasarja Koskisesta kuitenkin Ylelle tehtiin.<\/p>\n<p>Lopulta Kivinen otti yhteytt\u00e4 ja teki niin uskottavan tuotantosuunnitelman, ett\u00e4 Neloskanava kiinnostui. Mukaan tulleen Suokkaan teatterinjohtajakaudella Koskinen oli p\u00e4\u00e4ssyt TTT:n n\u00e4ytt\u00e4m\u00f6lle, ja h\u00e4n kokosi n\u00e4yttelij\u00e4porukan kasaan. Kivisen tuotantoyhti\u00f6 oli kuitenkin Neloselle liian pieni, joten h\u00e4n myi konseptin Aito Medialle. Kaikki olivat innoissaan siit\u00e4, ett\u00e4 ainakin yksi tuotantokausi Koskista saatiin tehd\u00e4.<\/p>\n<p>\u2013 Kyll\u00e4h\u00e4n salassa tietysti toivottiin, ett\u00e4 voitaisiin tehd\u00e4 toinenkin kausi, mutta oltiin tyytyv\u00e4isi\u00e4 yhteenkin. Viitt\u00e4 kautta ei varmaankaan uskallettu edes kuvitella, Jokinen miettii.<\/p>\n<p>L\u00e4hes kaikki Koskiset ovat pian my\u00f6s tv-sarjamuodossa, ja Jokiselta on ilmestynyt kolmaskymmenes Koskis-dekkari, jossa sankari j\u00e4\u00e4 el\u00e4kkeelle. H\u00e4n on jatkon suhteen salaper\u00e4inen.<\/p>\n<p>\u2013 Koskinen j\u00e4\u00e4 el\u00e4kkeelle, mutta Jokinen ei. Minulla on ideoita mieless\u00e4, eik\u00e4 ole hyv\u00e4 olla ehdoton. En sano millek\u00e4\u00e4n ehdotukselle suoralta k\u00e4delt\u00e4 ei, Jokinen vakuuttaa.<\/p>\n","protected":false},"excerpt":{"rendered":"Jokisen tuolloinen ty\u00f6yhteis\u00f6 p\u00e4\u00e4si mukaan my\u00f6s kirjoihin, vaikka h\u00e4n yritti v\u00e4ltt\u00e4\u00e4 hahmojensa yhteyksi\u00e4 todellisiin henkil\u00f6ihin. Ty\u00f6toverit olivat mukana&hellip;\n","protected":false},"author":2,"featured_media":57899,"comment_status":"","ping_status":"","sticky":false,"template":"","format":"standard","meta":{"footnotes":""},"categories":[134],"tags":[377,137,33,31,30,378,32,109],"class_list":{"0":"post-57898","1":"post","2":"type-post","3":"status-publish","4":"format-standard","5":"has-post-thumbnail","7":"category-kirjat","8":"tag-books","9":"tag-entertainment","10":"tag-fi","11":"tag-finland","12":"tag-finnish","13":"tag-kirjat","14":"tag-suomi","15":"tag-viihde"},"share_on_mastodon":{"url":"","error":""},"_links":{"self":[{"href":"https:\/\/www.europesays.com\/fi\/wp-json\/wp\/v2\/posts\/57898","targetHints":{"allow":["GET"]}}],"collection":[{"href":"https:\/\/www.europesays.com\/fi\/wp-json\/wp\/v2\/posts"}],"about":[{"href":"https:\/\/www.europesays.com\/fi\/wp-json\/wp\/v2\/types\/post"}],"author":[{"embeddable":true,"href":"https:\/\/www.europesays.com\/fi\/wp-json\/wp\/v2\/users\/2"}],"replies":[{"embeddable":true,"href":"https:\/\/www.europesays.com\/fi\/wp-json\/wp\/v2\/comments?post=57898"}],"version-history":[{"count":0,"href":"https:\/\/www.europesays.com\/fi\/wp-json\/wp\/v2\/posts\/57898\/revisions"}],"wp:featuredmedia":[{"embeddable":true,"href":"https:\/\/www.europesays.com\/fi\/wp-json\/wp\/v2\/media\/57899"}],"wp:attachment":[{"href":"https:\/\/www.europesays.com\/fi\/wp-json\/wp\/v2\/media?parent=57898"}],"wp:term":[{"taxonomy":"category","embeddable":true,"href":"https:\/\/www.europesays.com\/fi\/wp-json\/wp\/v2\/categories?post=57898"},{"taxonomy":"post_tag","embeddable":true,"href":"https:\/\/www.europesays.com\/fi\/wp-json\/wp\/v2\/tags?post=57898"}],"curies":[{"name":"wp","href":"https:\/\/api.w.org\/{rel}","templated":true}]}}