{"id":58021,"date":"2025-10-10T09:47:06","date_gmt":"2025-10-10T09:47:06","guid":{"rendered":"https:\/\/www.europesays.com\/fi\/58021\/"},"modified":"2025-10-10T09:47:06","modified_gmt":"2025-10-10T09:47:06","slug":"ohjaaja-rian-johnson-haluaisi-tehda-danielin-craigin-kanssa-samoja-elokuvia-loppuelamansa-ajan","status":"publish","type":"post","link":"https:\/\/www.europesays.com\/fi\/58021\/","title":{"rendered":"Ohjaaja Rian Johnson haluaisi tehd\u00e4 Danielin Craigin kanssa samoja elokuvia loppuel\u00e4m\u00e4ns\u00e4 ajan"},"content":{"rendered":"<p>Joulukuussa Netflixiin saapuva Wake Up Dead Man: A Knives Out Mystery saa maailmalla my\u00f6s teatterilevityksen.<\/p>\n<p><a href=\"https:\/\/muropaketti.com\/avainsana\/rian-johnson\/\" rel=\"nofollow noopener\" target=\"_blank\">Rian Johnson<\/a> kertoo <a href=\"https:\/\/variety.com\/2025\/film\/global\/rian-johnson-more-knives-out-films-daniel-craig-1236544134\" target=\"_blank\" rel=\"noreferrer noopener nofollow\">Varietyn<\/a> jutussa haluavansa tehd\u00e4 mahdollisimman monta Knives Out -elokuvaa yhdess\u00e4 Daniel Craigin kanssa. Kaksikon kolmas yhteisty\u00f6 avasi Lontoon elokuvajuhlat keskiviikkona, jossa ohjaaja ja n\u00e4yttelij\u00e4t olivat paikalla puhumassa jatko-osasta.<\/p>\n<p>Wake Up Dead Man: A Knives Out Mystery p\u00e4\u00e4tt\u00e4\u00e4 n\u00e4ill\u00e4 n\u00e4kymin Netflixin ja Johnsonin diilin, joka kattoi kaksi jatko-osaa, joista suoratoistopalvelu pulitti huimat 450 miljoonaa dollaria. Johnson tekisi mieluusti viel\u00e4 lis\u00e4\u00e4.<\/p>\n<p>\u201dEn tunne itse\u00e4ni lainkaan loppuunpalaneeksi, p\u00e4invastoin. Olen todella energinen kolmososan ansiosta, ja valmis jatkamaan niin kauan kuin leffat kelpaavat katsojille ja minulla on hauskaa Danielin kanssa. T\u00e4ll\u00e4 hetkell\u00e4 tuntuu silt\u00e4, ett\u00e4 tekisin Knives Out -elokuvia mieluusti vaikka koko loppuel\u00e4m\u00e4ni ajan.\u201d<\/p>\n<p>Wake Up Dead Man py\u00f6r\u00e4ht\u00e4\u00e4 muualla maailmassa my\u00f6s valkokankailla muutama viikko ennen Netflix-ensi-iltaansa, joka on perjantaina 12. joulukuuta. Suomen elokuvateattereihin t\u00e4t\u00e4k\u00e4\u00e4n teosta on turha odottaa, sill\u00e4 meill\u00e4 Netflixill\u00e4 ei ole ollut teatterijakelijaa vuosikausiin.<\/p>\n<p>Craigin lis\u00e4ksi Wake Up Dead Mania t\u00e4hditt\u00e4v\u00e4t muun muassa Josh O\u2019Connor, Glenn Close, Josh Brolin, Mila Kunis, Jeremy Renner, Kerry Washington, Andrew Scott, Cailee Spaeny, Daryl McCormack ja Thomas Haden Church.<\/p>\n<p>Uutuus on saanut hyv\u00e4n vastaanoton. Sen\u00a0<a href=\"https:\/\/www.rottentomatoes.com\/m\/wake_up_dead_man_a_knives_out_mystery\" target=\"_blank\" rel=\"noreferrer noopener nofollow\">Rotten Tomatoes<\/a>\u00a0-prosentti on kirjoitushetkell\u00e4 93.\u00a0<a href=\"https:\/\/www.metacritic.com\/movie\/wake-up-dead-man-a-knives-out-mystery\" target=\"_blank\" rel=\"noreferrer noopener nofollow\">Metacriticin<\/a>\u00a0puolella elokuvan kriitikkoarvostelujen keskiarvo on nyt 81 \/ 100.<\/p>\n","protected":false},"excerpt":{"rendered":"Joulukuussa Netflixiin saapuva Wake Up Dead Man: A Knives Out Mystery saa maailmalla my\u00f6s teatterilevityksen. Rian Johnson kertoo&hellip;\n","protected":false},"author":2,"featured_media":29577,"comment_status":"","ping_status":"","sticky":false,"template":"","format":"standard","meta":{"footnotes":""},"categories":[131],"tags":[1715,155,137,33,173,31,30,8928,172,217,7817,8857,32,109,8859],"class_list":{"0":"post-58021","1":"post","2":"type-post","3":"status-publish","4":"format-standard","5":"has-post-thumbnail","7":"category-elokuvat","8":"tag-daniel-craig","9":"tag-elokuvat","10":"tag-entertainment","11":"tag-fi","12":"tag-film","13":"tag-finland","14":"tag-finnish","15":"tag-knives-out","16":"tag-movies","17":"tag-netflix","18":"tag-netflix-elokuvat","19":"tag-rian-johnson","20":"tag-suomi","21":"tag-viihde","22":"tag-wake-up-dead-man"},"share_on_mastodon":{"url":"","error":""},"_links":{"self":[{"href":"https:\/\/www.europesays.com\/fi\/wp-json\/wp\/v2\/posts\/58021","targetHints":{"allow":["GET"]}}],"collection":[{"href":"https:\/\/www.europesays.com\/fi\/wp-json\/wp\/v2\/posts"}],"about":[{"href":"https:\/\/www.europesays.com\/fi\/wp-json\/wp\/v2\/types\/post"}],"author":[{"embeddable":true,"href":"https:\/\/www.europesays.com\/fi\/wp-json\/wp\/v2\/users\/2"}],"replies":[{"embeddable":true,"href":"https:\/\/www.europesays.com\/fi\/wp-json\/wp\/v2\/comments?post=58021"}],"version-history":[{"count":0,"href":"https:\/\/www.europesays.com\/fi\/wp-json\/wp\/v2\/posts\/58021\/revisions"}],"wp:featuredmedia":[{"embeddable":true,"href":"https:\/\/www.europesays.com\/fi\/wp-json\/wp\/v2\/media\/29577"}],"wp:attachment":[{"href":"https:\/\/www.europesays.com\/fi\/wp-json\/wp\/v2\/media?parent=58021"}],"wp:term":[{"taxonomy":"category","embeddable":true,"href":"https:\/\/www.europesays.com\/fi\/wp-json\/wp\/v2\/categories?post=58021"},{"taxonomy":"post_tag","embeddable":true,"href":"https:\/\/www.europesays.com\/fi\/wp-json\/wp\/v2\/tags?post=58021"}],"curies":[{"name":"wp","href":"https:\/\/api.w.org\/{rel}","templated":true}]}}