{"id":58088,"date":"2025-10-10T11:03:11","date_gmt":"2025-10-10T11:03:11","guid":{"rendered":"https:\/\/www.europesays.com\/fi\/58088\/"},"modified":"2025-10-10T11:03:11","modified_gmt":"2025-10-10T11:03:11","slug":"pippa-laukka-laittaa-julkkisten-ruokavaliot-kuntoon-olet-mita-syot-ohjelman-uudella-kaudella-mutta-keta-on-ohjelmassa-mukana","status":"publish","type":"post","link":"https:\/\/www.europesays.com\/fi\/58088\/","title":{"rendered":"Pippa Laukka laittaa julkkisten ruokavaliot kuntoon Olet mit\u00e4 sy\u00f6t -ohjelman uudella kaudella: mutta ket\u00e4 on ohjelmassa mukana?"},"content":{"rendered":"<p>Olet mit\u00e4 sy\u00f6t -ohjelman seitsem\u00e4s kausi alkaa MTV3-kanavalla marraskuussa.<\/p>\n<p>Ohjelmassa l\u00e4\u00e4k\u00e4ri<strong> Pippa Laukka <\/strong>ottaa ohjat k\u00e4siins\u00e4 ja johdattaa kymmenen julkisuudesta tunnettua henkil\u00f6\u00e4 kohti kokonaisvaltaisesti terveemp\u00e4\u00e4 el\u00e4m\u00e4\u00e4, selvitt\u00e4en heid\u00e4n arkensa haasteet ja voimavarat.\u00a0<\/p>\n<p>Lue my\u00f6s: <a href=\"https:\/\/www.como.fi\/uutiset\/pippa-laukka-avannossa-ilmeet-ovat-nakemisen-arvoiset\/\" title=\"Pippa Laukka avannossa \u2013 ilmeet ovat n\u00e4kemisen arvoiset!\" class=\"underline-custom !font-montserrat !font-bold !underline-offset-4 !decoration-4 !decoration-red-600 !text-md\" rel=\"nofollow noopener\" target=\"_blank\">Pippa Laukka avannossa \u2013 ilmeet ovat n\u00e4kemisen arvoiset!<\/a><\/p>\n<p>Lue my\u00f6s: <a href=\"https:\/\/www.como.fi\/uutiset\/pippa-laukka-ahkeroinut-salilla-kuvassa-nakyy-ongelma\/\" title=\"Pippa Laukka ahkeroinut salilla \u2013 kuvassa n\u00e4kyy ongelma!\" class=\"underline-custom !font-montserrat !font-bold !underline-offset-4 !decoration-4 !decoration-red-600 !text-md\" rel=\"nofollow noopener\" target=\"_blank\">Pippa Laukka ahkeroinut salilla \u2013 kuvassa n\u00e4kyy ongelma!<\/a><\/p>\n<p>Pian selvi\u00e4\u00e4, ket\u00e4 julkkiksia on uudella kaudella mukana: ohjelman lehdist\u00f6tilaisuus j\u00e4rjestet\u00e4\u00e4n 20. p\u00e4iv\u00e4 lokakuuta jolloin selvi\u00e4\u00e4 julkkisten nimet! Sit\u00e4 ennen voimme vain spekuloida osanottajilla.<\/p>\n<p>Olet mit\u00e4 sy\u00f6t alkaa MTV Katsomossa ja MTV3-kanavalla marraskuussa.<\/p>\n<p>Lue my\u00f6s: <a href=\"https:\/\/www.como.fi\/tilaa-comon-uutiskirje\/\" title=\"Tilaa Comon uutiskirje ja tied\u00e4t mist\u00e4 kahvitauolla puhutaan! Nappaa kotimaan tv-vinkit ja puheenaiheet suoraan s\u00e4hk\u00f6postiin t\u00e4st\u00e4.\" class=\"underline-custom !font-montserrat !font-bold !underline-offset-4 !decoration-4 !decoration-red-600 !text-md\" rel=\"nofollow noopener\" target=\"_blank\">Tilaa Comon uutiskirje ja tied\u00e4t mist\u00e4 kahvitauolla puhutaan! Nappaa kotimaan tv-vinkit ja puheenaiheet suoraan s\u00e4hk\u00f6postiin t\u00e4st\u00e4.<\/a><\/p>\n","protected":false},"excerpt":{"rendered":"Olet mit\u00e4 sy\u00f6t -ohjelman seitsem\u00e4s kausi alkaa MTV3-kanavalla marraskuussa. Ohjelmassa l\u00e4\u00e4k\u00e4ri Pippa Laukka ottaa ohjat k\u00e4siins\u00e4 ja johdattaa&hellip;\n","protected":false},"author":2,"featured_media":58089,"comment_status":"","ping_status":"","sticky":false,"template":"","format":"standard","meta":{"footnotes":""},"categories":[133],"tags":[137,33,31,30,32,206,156,109],"class_list":{"0":"post-58088","1":"post","2":"type-post","3":"status-publish","4":"format-standard","5":"has-post-thumbnail","7":"category-televisiot","8":"tag-entertainment","9":"tag-fi","10":"tag-finland","11":"tag-finnish","12":"tag-suomi","13":"tag-televisiot","14":"tag-tv","15":"tag-viihde"},"share_on_mastodon":{"url":"","error":""},"_links":{"self":[{"href":"https:\/\/www.europesays.com\/fi\/wp-json\/wp\/v2\/posts\/58088","targetHints":{"allow":["GET"]}}],"collection":[{"href":"https:\/\/www.europesays.com\/fi\/wp-json\/wp\/v2\/posts"}],"about":[{"href":"https:\/\/www.europesays.com\/fi\/wp-json\/wp\/v2\/types\/post"}],"author":[{"embeddable":true,"href":"https:\/\/www.europesays.com\/fi\/wp-json\/wp\/v2\/users\/2"}],"replies":[{"embeddable":true,"href":"https:\/\/www.europesays.com\/fi\/wp-json\/wp\/v2\/comments?post=58088"}],"version-history":[{"count":0,"href":"https:\/\/www.europesays.com\/fi\/wp-json\/wp\/v2\/posts\/58088\/revisions"}],"wp:featuredmedia":[{"embeddable":true,"href":"https:\/\/www.europesays.com\/fi\/wp-json\/wp\/v2\/media\/58089"}],"wp:attachment":[{"href":"https:\/\/www.europesays.com\/fi\/wp-json\/wp\/v2\/media?parent=58088"}],"wp:term":[{"taxonomy":"category","embeddable":true,"href":"https:\/\/www.europesays.com\/fi\/wp-json\/wp\/v2\/categories?post=58088"},{"taxonomy":"post_tag","embeddable":true,"href":"https:\/\/www.europesays.com\/fi\/wp-json\/wp\/v2\/tags?post=58088"}],"curies":[{"name":"wp","href":"https:\/\/api.w.org\/{rel}","templated":true}]}}