{"id":58107,"date":"2025-10-10T11:15:08","date_gmt":"2025-10-10T11:15:08","guid":{"rendered":"https:\/\/www.europesays.com\/fi\/58107\/"},"modified":"2025-10-10T11:15:08","modified_gmt":"2025-10-10T11:15:08","slug":"liito-oravien-maara-romahti-pietarsaaressa-lajin-suojelemiseksi-esitetaan-nyt-useita-konkreettisia-toimia-keski-pohjanmaa","status":"publish","type":"post","link":"https:\/\/www.europesays.com\/fi\/58107\/","title":{"rendered":"Liito-oravien m\u00e4\u00e4r\u00e4 romahti Pietarsaaressa \u2013 lajin suojelemiseksi esitet\u00e4\u00e4n nyt useita konkreettisia toimia | Keski-Pohjanmaa"},"content":{"rendered":"<p class=\"aw-1gybjub aw-5vja16 ghpEtB kjanFo yle__article__paragraph\">Tuoreen inventoinnin mukaan liito-oraville sopivien alueiden m\u00e4\u00e4r\u00e4 on v\u00e4hentynyt Pietarsaaressa. Lajia esiintyy nyt huomattavasti v\u00e4hemm\u00e4n kuin ennen vuosituhannen vaihdetta.<\/p>\n<p><img decoding=\"async\" alt=\"Liito-oravan ulosteita, uudet keltaisia ja vanhemmat ruskeita.\" src=\"https:\/\/www.europesays.com\/fi\/wp-content\/uploads\/2025\/10\/39-11039326447b40ab572b.jpeg\" class=\"aw-1l9m598 hKVVvP\"\/><\/p>\n<p>Avaa kuvien katselu<\/p>\n<p>Liito-orava-inventoinnissa levinn\u00e4isyytt\u00e4 selvitettiin p\u00e4\u00e4asiassa papanoiden avulla. Niit\u00e4 etsitiin suurten kuusien ja mahdollisten pes\u00e4kolojen alta. Kuvituskuva. Kuva: Timo Hyt\u00f6nen \/ Yle<\/p>\n<p class=\"aw-1gybjub aw-1p7kakr ghpEtB jtovHP yle__article__paragraph\">Kev\u00e4\u00e4ll\u00e4 tehdyn inventoinnin mukaan liito-oravan esiintymi\u00e4 on Pietarsaaressa nyt 70 prosenttia v\u00e4hemm\u00e4n kuin noin 30 vuotta sitten.<\/p>\n<p class=\"aw-1gybjub aw-1p7kakr ghpEtB jtovHP yle__article__paragraph\">Avohakkuut, sopivien sekametsien v\u00e4hentyminen ja kulkuyhteyksien katkeaminen eri alueiden v\u00e4lill\u00e4 ovat v\u00e4hent\u00e4neet liito-oravalle sopivien lis\u00e4\u00e4ntymispaikkojen pinta-alaa. Lis\u00e4ksi petoel\u00e4imet ovat sy\u00f6neet oravia.<\/p>\n<p class=\"aw-1gybjub aw-1p7kakr ghpEtB jtovHP yle__article__paragraph\">Liito-oravien m\u00e4\u00e4r\u00e4 on v\u00e4hentynyt samaan aikana koko maassa.<\/p>\n<p>Papanat kertovat<\/p>\n<p class=\"aw-1gybjub aw-1p7kakr ghpEtB jtovHP yle__article__paragraph\">Liito-oravien m\u00e4\u00e4r\u00e4\u00e4 ja levinneisyytt\u00e4 selvitettiin kev\u00e4\u00e4ll\u00e4 Pietarsaaressa viidell\u00e4 eri alueella etsim\u00e4ll\u00e4 oravan papanoita mahdollisten pes\u00e4puiden ja -kolojen l\u00e4hettyvilt\u00e4.<\/p>\n<p class=\"aw-1gybjub aw-1p7kakr ghpEtB jtovHP yle__article__paragraph\">Inventoinnin mukaan suurin osa liito-oravista el\u00e4\u00e4 nyt kaupungin pohjoisosissa keskustan ja \u00c5d\u00f6n alueella. Sen sijaan l\u00e4nness\u00e4 niit\u00e4 ei juuri en\u00e4\u00e4 tapaa.<\/p>\n<p class=\"aw-1gybjub aw-1p7kakr ghpEtB jtovHP yle__article__paragraph\">Pikkuhiekan-P\u00f6rken\u00e4sin ja Vestersundin kyl\u00e4n alueilta on hakattu runsaasti lajin lis\u00e4\u00e4ntymiselle suotuisia metsi\u00e4, joten sielt\u00e4 ei l\u00f6ytynyt juuri yht\u00e4\u00e4n merkkej\u00e4 oravasta.<\/p>\n<p class=\"aw-1gybjub aw-1p7kakr ghpEtB jtovHP yle__article__paragraph\">\u00c5d\u00f6n ja Piril\u00f6n alueilta l\u00f6ytyi jonkin verran papanoita, vaikka metsi\u00e4 onkin hakattu. Piril\u00f6ss\u00e4 metsi\u00e4 on muutettu teollisuusalueeksi.<\/p>\n<p>Useita suojelutoimia<\/p>\n<p class=\"aw-1gybjub aw-1p7kakr ghpEtB jtovHP yle__article__paragraph\">Selvityksess\u00e4 ehdotetaan useita toimia oravan suojelemiseksi.<\/p>\n<p class=\"aw-1gybjub aw-1p7kakr ghpEtB jtovHP yle__article__paragraph\">Ensinn\u00e4kin liito-orava tulisi huomioida yleiskaavassa. Asemakaava-arkkitehti <strong class=\"aw-ak79eh KyCXm yle__article__strong\">S\u00f6ren \u00d6hberg<\/strong> toteaa, ett\u00e4 n\u00e4in tapahtuukin. Pietarsaareen laaditaan parhaillaan uutta yleiskaavaa ja siin\u00e4 otetaan oravaselvitys huomioon.<\/p>\n<p class=\"aw-1gybjub aw-1p7kakr ghpEtB jtovHP yle__article__paragraph\">Muita toimia olisivat arvokkaimpien lis\u00e4\u00e4ntymisalueiden suojelu luonnonsuojelulain nojalla, lajikohtainen suojelusuunnitelma sek\u00e4 pesim\u00e4p\u00f6ntt\u00f6jen ja keinopesien sijoittelu metsiin.<\/p>\n<p class=\"aw-1gybjub aw-1p7kakr ghpEtB jtovHP yle__article__paragraph\">Lis\u00e4ksi liito-oravaa sy\u00f6vi\u00e4 lajeja, kuten pienpetoja ja villikissoja, ehdotetaan mets\u00e4stett\u00e4v\u00e4ksi. My\u00f6s tiettyjen p\u00f6ll\u00f6jen pes\u00e4p\u00f6ntt\u00f6j\u00e4 tulisi sijoittaa kauemmaksi liito-oravan pesim\u00e4paikoista.<\/p>\n<p class=\"aw-1gybjub aw-1p7kakr ghpEtB jtovHP yle__article__paragraph\">Liito-orava on 1\u20132 vuotta el\u00e4v\u00e4 y\u00f6el\u00e4in, joka asuu lepp\u00e4\u00e4 ja kuusta kasvavissa sekametsiss\u00e4. Se ei viihdy puuttomilla ja avarilla alueilla. Naaras tarvitsee lis\u00e4\u00e4ntymiseen v\u00e4hint\u00e4\u00e4n nelj\u00e4n hehtaarin kokoisen mets\u00e4alueen.<\/p>\n","protected":false},"excerpt":{"rendered":"Tuoreen inventoinnin mukaan liito-oraville sopivien alueiden m\u00e4\u00e4r\u00e4 on v\u00e4hentynyt Pietarsaaressa. Lajia esiintyy nyt huomattavasti v\u00e4hemm\u00e4n kuin ennen vuosituhannen&hellip;\n","protected":false},"author":2,"featured_media":58108,"comment_status":"","ping_status":"","sticky":false,"template":"","format":"standard","meta":{"footnotes":""},"categories":[117],"tags":[33,31,30,10717,451,13682,72,476,10521,449,118,32,119,477],"class_list":{"0":"post-58107","1":"post","2":"type-post","3":"status-publish","4":"format-standard","5":"has-post-thumbnail","7":"category-luonto","8":"tag-fi","9":"tag-finland","10":"tag-finnish","11":"tag-kaavoitus","12":"tag-keski-pohjanmaa","13":"tag-liito-orava","14":"tag-luonto","15":"tag-nature","16":"tag-pietarsaari","17":"tag-pohjanmaa","18":"tag-science","19":"tag-suomi","20":"tag-tiede","21":"tag-wildlife"},"share_on_mastodon":{"url":"","error":""},"_links":{"self":[{"href":"https:\/\/www.europesays.com\/fi\/wp-json\/wp\/v2\/posts\/58107","targetHints":{"allow":["GET"]}}],"collection":[{"href":"https:\/\/www.europesays.com\/fi\/wp-json\/wp\/v2\/posts"}],"about":[{"href":"https:\/\/www.europesays.com\/fi\/wp-json\/wp\/v2\/types\/post"}],"author":[{"embeddable":true,"href":"https:\/\/www.europesays.com\/fi\/wp-json\/wp\/v2\/users\/2"}],"replies":[{"embeddable":true,"href":"https:\/\/www.europesays.com\/fi\/wp-json\/wp\/v2\/comments?post=58107"}],"version-history":[{"count":0,"href":"https:\/\/www.europesays.com\/fi\/wp-json\/wp\/v2\/posts\/58107\/revisions"}],"wp:featuredmedia":[{"embeddable":true,"href":"https:\/\/www.europesays.com\/fi\/wp-json\/wp\/v2\/media\/58108"}],"wp:attachment":[{"href":"https:\/\/www.europesays.com\/fi\/wp-json\/wp\/v2\/media?parent=58107"}],"wp:term":[{"taxonomy":"category","embeddable":true,"href":"https:\/\/www.europesays.com\/fi\/wp-json\/wp\/v2\/categories?post=58107"},{"taxonomy":"post_tag","embeddable":true,"href":"https:\/\/www.europesays.com\/fi\/wp-json\/wp\/v2\/tags?post=58107"}],"curies":[{"name":"wp","href":"https:\/\/api.w.org\/{rel}","templated":true}]}}