{"id":58127,"date":"2025-10-10T11:40:10","date_gmt":"2025-10-10T11:40:10","guid":{"rendered":"https:\/\/www.europesays.com\/fi\/58127\/"},"modified":"2025-10-10T11:40:10","modified_gmt":"2025-10-10T11:40:10","slug":"nain-kaupunginjohtaja-kommentoi-ahtarin-konkurssiuutista","status":"publish","type":"post","link":"https:\/\/www.europesays.com\/fi\/58127\/","title":{"rendered":"N\u00e4in kaupunginjohtaja kommentoi \u00c4ht\u00e4rin konkurssiuutista"},"content":{"rendered":"<p>Kaupunginjohtajan mukaan \u00c4ht\u00e4rin el\u00e4inpuiston konkurssin taloudellisia vaikutuksia kaupungin kannalta on viel\u00e4 hankala arvioida. <\/p>\n<p><img decoding=\"async\" class=\"image image-show image-preview\" src=\"https:\/\/www.europesays.com\/fi\/wp-content\/uploads\/2025\/10\/34187deccbf5ae80295e8e385eef497b3658b99cad1b1214c88d9c320e435e42.jpg\" alt=\"\"\/><img decoding=\"async\" class=\"image image-show\" src=\"https:\/\/www.europesays.com\/fi\/wp-content\/uploads\/2025\/10\/1760096410_287_34187deccbf5ae80295e8e385eef497b3658b99cad1b1214c88d9c320e435e42.jpg\" alt=\"\"\/><\/p>\n<p>\u00c4ht\u00e4rin el\u00e4inpuiston vetonaulat Lumi ja Pyry l\u00e4htiv\u00e4t takaisin Kiinaan marraskuussa 2024.  Mikko Huisko<\/p>\n<p class=\"paragraph\">\u2013 Ei kukaan t\u00e4llaista loppuratkaisua tietenk\u00e4\u00e4n toivonut, huokaa \u00c4ht\u00e4rin kaupunginjohtaja <strong>Perttu Sonninen<\/strong>.<\/p>\n<p class=\"paragraph\">Aiemmin perjantaina uutisoitiin, ett\u00e4 \u00c4ht\u00e4rin El\u00e4inpuisto oy ja Hotelli Mesik\u00e4mmen oy ovat j\u00e4tt\u00e4neet konkurssihakemuksensa k\u00e4r\u00e4j\u00e4oikeuteen.<\/p>\n<p class=\"paragraph\">Sonninen pit\u00e4\u00e4 tilannetta hyvin valitettavana. H\u00e4n sanoo, ett\u00e4 ratkaisuja on yritetty l\u00f6yt\u00e4\u00e4, mutta talouden realiteetit ajoivat niiden ohi.<\/p>\n<p class=\"paragraph\">\u2013 T\u00e4m\u00e4 her\u00e4tt\u00e4\u00e4 monia tunteita, niin itsess\u00e4 kuin varmasti kaikissa \u00e4ht\u00e4ril\u00e4isiss\u00e4 ja ihmisiss\u00e4 kautta Suomen, h\u00e4n sanoo.<\/p>\n<p class=\"paragraph\">Sonninen sanoo, ett\u00e4 \u00c4ht\u00e4rin kaupunki on ollut aktiivisesti mukana seuraamassa \u00c4ht\u00e4rin el\u00e4inpuiston taloudellista tilannetta.<\/p>\n<p class=\"paragraph\">\u2013 Koska kyse on kaupungin konserniyhti\u00f6st\u00e4, on t\u00e4m\u00e4 meill\u00e4 johdolla ollut tiedossa, ett\u00e4 mihin tilanne on menossa, Sonninen sanoo.<\/p>\n<p class=\"paragraph\">Konkurssien osalta kyseess\u00e4 ei Sonnisen mukaan ole ollut miss\u00e4\u00e4n nimess\u00e4 helppo ratkaisu.<\/p>\n<p class=\"paragraph\">\u2013 Yhti\u00f6iden taloutta on yritetty sopeuttaa ja saada sit\u00e4 taloudellista tilannetta tasapainoon, mutta t\u00e4m\u00e4 viime kes\u00e4n arvioitua huonompi matkailijam\u00e4\u00e4r\u00e4 johti siihen, ett\u00e4 tulovirta ei yksinkertaisesti en\u00e4\u00e4 riitt\u00e4nyt kattamaan yhti\u00f6iden kustannuksia ja velvoitteita, h\u00e4n summaa konkurssien syit\u00e4.<\/p>\n<p>Matkailuvaltti<\/p>\n<p class=\"paragraph\">Yli 50 vuotta toiminut \u00c4ht\u00e4rin el\u00e4inpuisto ilmoitti omassa tiedotteessaan, ett\u00e4 pyrkii l\u00f6yt\u00e4m\u00e4\u00e4n toiminnalleen jatkajan. On kuitenkin my\u00f6s mahdollista, ett\u00e4 toiminta p\u00e4\u00e4ttyy lopullisesti.<\/p>\n<p class=\"paragraph\">\u2013 Totta kai teemme kaikkemme, ett\u00e4 l\u00f6yt\u00e4isimme yhti\u00f6lle jatkajan, ja matkailu pystyisi jatkamaan t\u00e4\u00e4ll\u00e4 suhteellisen normaalisti my\u00f6s tulevaisuudessa, Sonninen vahvistaa.<\/p>\n<p class=\"paragraph\">\u00c4ht\u00e4rin el\u00e4inpuisto on ollut \u00c4ht\u00e4rin kaupungille matkailun osalta selv\u00e4 valttikortti. Kuinka ison loven kaupungin talouteen se tekee, jos puiston taru nyt tulee p\u00e4\u00e4t\u00f6kseen?<\/p>\n<p class=\"paragraph\">Sonnisen mukaan taloudellisia vaikutuksia on t\u00e4ss\u00e4 vaiheessa viel\u00e4 hankala arvioida.<\/p>\n<p class=\"paragraph\">\u2013 Toki yksinkertaisestihan sen voisi laskea yhti\u00f6iden liikevaihdosta, mutta meill\u00e4 on kaupungissa my\u00f6s muita matkailuelinkeinon parissa ty\u00f6skentelevi\u00e4 yritt\u00e4ji\u00e4, h\u00e4n pohtii.<\/p>\n<p class=\"paragraph\">Lis\u00e4ksi vaikutukset n\u00e4kyv\u00e4t my\u00f6s p\u00e4ivitt\u00e4istavarakaupassa ja muissa palveluissa.<\/p>\n<p>Pandat l\u00e4htiv\u00e4t<\/p>\n<p class=\"paragraph\">Kiinasta lainassa olleet pandat Pyry ja Lumi palautettiin \u00c4ht\u00e4rist\u00e4 takaisin Kiinaan marraskuussa 2024. Pandat ehtiv\u00e4t olla puistossa seitsem\u00e4n vuotta.<\/p>\n<p class=\"paragraph\">Sonninen sanoo, ett\u00e4 ei pysty suoraan arvioimaan sit\u00e4, kuinka paljon pandojen l\u00e4ht\u00f6 vaikutti \u00c4ht\u00e4riin suuntautuvaan matkailuun.<\/p>\n<p class=\"paragraph\">\u2013 Viime kes\u00e4h\u00e4n oli hyvin hankala matkailun osalta ihan valtakunnallisesti. Kes\u00e4kuu oli kylm\u00e4 ja hein\u00e4kuu kuuma. Lis\u00e4ksi oli muita ilmi\u00f6it\u00e4, jotka vaikuttivat matkailijoiden kuluttajak\u00e4ytt\u00e4ytymiseen, joten yksiselitteist\u00e4 vastausta minulla ei valitettavasti ole antaa, h\u00e4n sanoo.<\/p>\n","protected":false},"excerpt":{"rendered":"Kaupunginjohtajan mukaan \u00c4ht\u00e4rin el\u00e4inpuiston konkurssin taloudellisia vaikutuksia kaupungin kannalta on viel\u00e4 hankala arvioida. \u00c4ht\u00e4rin el\u00e4inpuiston vetonaulat Lumi ja&hellip;\n","protected":false},"author":2,"featured_media":58128,"comment_status":"","ping_status":"","sticky":false,"template":"","format":"standard","meta":{"footnotes":""},"categories":[5],"tags":[35,22,23,404,26,27,33,31,30,17,1167,24,25,28,29,923,15,18,21,591,32,19,20,16,4004],"class_list":{"0":"post-58127","1":"post","2":"type-post","3":"status-publish","4":"format-standard","5":"has-post-thumbnail","7":"category-otsikot","8":"tag-24h","9":"tag-breaking-news","10":"tag-breakingnews","11":"tag-elaimet","12":"tag-featured-news","13":"tag-featurednews","14":"tag-fi","15":"tag-finland","16":"tag-finnish","17":"tag-headlines","18":"tag-konkurssi","19":"tag-latest-news","20":"tag-latestnews","21":"tag-main-news","22":"tag-mainnews","23":"tag-matkustaminen","24":"tag-news","25":"tag-otsikot","26":"tag-paauutiset","27":"tag-selkarankaiset","28":"tag-suomi","29":"tag-top-stories","30":"tag-topstories","31":"tag-uutiset","32":"tag-yrittajyys"},"share_on_mastodon":{"url":"","error":""},"_links":{"self":[{"href":"https:\/\/www.europesays.com\/fi\/wp-json\/wp\/v2\/posts\/58127","targetHints":{"allow":["GET"]}}],"collection":[{"href":"https:\/\/www.europesays.com\/fi\/wp-json\/wp\/v2\/posts"}],"about":[{"href":"https:\/\/www.europesays.com\/fi\/wp-json\/wp\/v2\/types\/post"}],"author":[{"embeddable":true,"href":"https:\/\/www.europesays.com\/fi\/wp-json\/wp\/v2\/users\/2"}],"replies":[{"embeddable":true,"href":"https:\/\/www.europesays.com\/fi\/wp-json\/wp\/v2\/comments?post=58127"}],"version-history":[{"count":0,"href":"https:\/\/www.europesays.com\/fi\/wp-json\/wp\/v2\/posts\/58127\/revisions"}],"wp:featuredmedia":[{"embeddable":true,"href":"https:\/\/www.europesays.com\/fi\/wp-json\/wp\/v2\/media\/58128"}],"wp:attachment":[{"href":"https:\/\/www.europesays.com\/fi\/wp-json\/wp\/v2\/media?parent=58127"}],"wp:term":[{"taxonomy":"category","embeddable":true,"href":"https:\/\/www.europesays.com\/fi\/wp-json\/wp\/v2\/categories?post=58127"},{"taxonomy":"post_tag","embeddable":true,"href":"https:\/\/www.europesays.com\/fi\/wp-json\/wp\/v2\/tags?post=58127"}],"curies":[{"name":"wp","href":"https:\/\/api.w.org\/{rel}","templated":true}]}}