{"id":58177,"date":"2025-10-10T12:57:09","date_gmt":"2025-10-10T12:57:09","guid":{"rendered":"https:\/\/www.europesays.com\/fi\/58177\/"},"modified":"2025-10-10T12:57:09","modified_gmt":"2025-10-10T12:57:09","slug":"savolaistaustainen-ja-radikaaliksikin-kuvattu-laina-sakn-paaekonomistiksi-savo","status":"publish","type":"post","link":"https:\/\/www.europesays.com\/fi\/58177\/","title":{"rendered":"Savolaistaustainen ja radikaaliksikin kuvattu Lain\u00e1 SAK:n p\u00e4\u00e4ekonomistiksi | Savo"},"content":{"rendered":"<p>Suomen ammattiliittojen keskusj\u00e4rjest\u00f6 SAK on nimitt\u00e4nyt uudeksi p\u00e4\u00e4ekonomistikseen savolaistaustaisen <strong>Patrizio Lain\u00e1n<\/strong>. Uudessa ty\u00f6ss\u00e4\u00e4n SAK:n yhteiskuntapolitiikan osastolla Lain\u00e1 aloittaa 10. marraskuuta.<\/p>\n<p>\u2013\u2009Olen todella innoissani paluusta SAK:hon. Odotan voivani tuoda talouskeskusteluun uusia n\u00e4k\u00f6kulmia ja ratkaisuja, jotka vahvistavat ty\u00f6ntekij\u00f6iden asemaa ja rakentavat kest\u00e4v\u00e4\u00e4 hyvinvointia kaikille, Lain\u00e0 kertoo SAK:n tiedotteessa.<\/p>\n<p>T\u00e4ll\u00e4 hetkell\u00e4 Lain\u00e1 ty\u00f6skentelee STTK:n p\u00e4\u00e4ekonomistina ja vuosina 2017\u20132019 h\u00e4n on toiminut SAK:ssa ekonomistina. Koulutukseltaan Lain\u00e1 on valtiotieteiden tohtori.<\/p>\n<p>Patrizio Lain\u00e1 syntyi vuonna 1985 L\u00e4nsi-Saksan K\u00f6lniss\u00e4, josta h\u00e4n muutti ensin alle kouluik\u00e4isen\u00e4 Kuopioon ja my\u00f6hemmin Suonenjoelle. H\u00e4n on asunut Helsingiss\u00e4 vuodesta 2005 perheens\u00e4 kanssa.<\/p>\n<p>Savon Sanomien haastattelussa vuonna 2023 Lain\u00e1 kertoi omasta talousajattelustaan. H\u00e4nt\u00e4 on kuvattu ep\u00e4tyypilliseksi ekonomistiksi, vasemmistolaiseksi ja jopa radikaaliksi ajatuksiltaan.<\/p>\n<p>\t\t\t\t\t<img class=\"diks-card__image\" src=\"https:\/\/www.europesays.com\/fi\/wp-content\/uploads\/2025\/10\/8725677.jpg\"   loading=\"lazy\" decoding=\"sync\" alt=\"\"\/><\/p>\n","protected":false},"excerpt":{"rendered":"Suomen ammattiliittojen keskusj\u00e4rjest\u00f6 SAK on nimitt\u00e4nyt uudeksi p\u00e4\u00e4ekonomistikseen savolaistaustaisen Patrizio Lain\u00e1n. Uudessa ty\u00f6ss\u00e4\u00e4n SAK:n yhteiskuntapolitiikan osastolla Lain\u00e1 aloittaa&hellip;\n","protected":false},"author":2,"featured_media":58178,"comment_status":"","ping_status":"","sticky":false,"template":"","format":"standard","meta":{"footnotes":""},"categories":[12],"tags":[1933,22,23,26,27,33,31,30,17,104,1132,24,25,28,29,15,18,21,32,2532,19,20,860,862,861,16],"class_list":{"0":"post-58177","1":"post","2":"type-post","3":"status-publish","4":"format-standard","5":"has-post-thumbnail","7":"category-suomi","8":"tag-asiantuntijatyo","9":"tag-breaking-news","10":"tag-breakingnews","11":"tag-featured-news","12":"tag-featurednews","13":"tag-fi","14":"tag-finland","15":"tag-finnish","16":"tag-headlines","17":"tag-helsinki","18":"tag-kuopio","19":"tag-latest-news","20":"tag-latestnews","21":"tag-main-news","22":"tag-mainnews","23":"tag-news","24":"tag-otsikot","25":"tag-paauutiset","26":"tag-suomi","27":"tag-suonenjoki","28":"tag-top-stories","29":"tag-topstories","30":"tag-tyoelama","31":"tag-tyollisyys","32":"tag-tyollisyys-ja-tyottomyys","33":"tag-uutiset"},"share_on_mastodon":{"url":"","error":""},"_links":{"self":[{"href":"https:\/\/www.europesays.com\/fi\/wp-json\/wp\/v2\/posts\/58177","targetHints":{"allow":["GET"]}}],"collection":[{"href":"https:\/\/www.europesays.com\/fi\/wp-json\/wp\/v2\/posts"}],"about":[{"href":"https:\/\/www.europesays.com\/fi\/wp-json\/wp\/v2\/types\/post"}],"author":[{"embeddable":true,"href":"https:\/\/www.europesays.com\/fi\/wp-json\/wp\/v2\/users\/2"}],"replies":[{"embeddable":true,"href":"https:\/\/www.europesays.com\/fi\/wp-json\/wp\/v2\/comments?post=58177"}],"version-history":[{"count":0,"href":"https:\/\/www.europesays.com\/fi\/wp-json\/wp\/v2\/posts\/58177\/revisions"}],"wp:featuredmedia":[{"embeddable":true,"href":"https:\/\/www.europesays.com\/fi\/wp-json\/wp\/v2\/media\/58178"}],"wp:attachment":[{"href":"https:\/\/www.europesays.com\/fi\/wp-json\/wp\/v2\/media?parent=58177"}],"wp:term":[{"taxonomy":"category","embeddable":true,"href":"https:\/\/www.europesays.com\/fi\/wp-json\/wp\/v2\/categories?post=58177"},{"taxonomy":"post_tag","embeddable":true,"href":"https:\/\/www.europesays.com\/fi\/wp-json\/wp\/v2\/tags?post=58177"}],"curies":[{"name":"wp","href":"https:\/\/api.w.org\/{rel}","templated":true}]}}