{"id":58224,"date":"2025-10-10T14:08:08","date_gmt":"2025-10-10T14:08:08","guid":{"rendered":"https:\/\/www.europesays.com\/fi\/58224\/"},"modified":"2025-10-10T14:08:08","modified_gmt":"2025-10-10T14:08:08","slug":"tuska-julkisti-pitkan-rivin-uusia-kiinnityksia-ensi-vuodelle-megadeth-trivium-ja-monia-muita","status":"publish","type":"post","link":"https:\/\/www.europesays.com\/fi\/58224\/","title":{"rendered":"Tuska julkisti pitk\u00e4n rivin uusia kiinnityksi\u00e4 ensi vuodelle: Megadeth, Trivium ja monia muita"},"content":{"rendered":"<p>Tuskan ohjelmisto vuodelle 2026 alkaa pikkuhiljaa hahmottua. Festivaali julkisti t\u00e4n\u00e4\u00e4n runsain mitoin uusia kiinnityksi\u00e4 ensi kes\u00e4lle, ja mukana on my\u00f6s ihan p\u00e4\u00e4esiintyj\u00e4osaston nimi. Eli katsotaanpa, mit\u00e4 on tarjolla!<\/p>\n<p>Ensinn\u00e4kin Suvilahteen saapuu hyv\u00e4stej\u00e4 pikkuhiljaa j\u00e4tt\u00e4v\u00e4 Megadeth. Orkesteri julkaisee ensi vuonna pitk\u00e4n uransa viimeisen studioalbumin ja suuntaa samalla pitk\u00e4lle j\u00e4\u00e4hyv\u00e4iskiertueelle, ja Tuska-keikka on osa t\u00e4t\u00e4 kokonaisuutta. Mik\u00e4li siis haluat pelata varman p\u00e4\u00e4lle sen suhteen, ett\u00e4 n\u00e4en Dave Mustainen ja kumppanit viel\u00e4 kerran lavalla, t\u00e4m\u00e4 kannattaa pist\u00e4\u00e4 kalenteriin.<\/p>\n<p>Muita b\u00e4ndikiinnityksi\u00e4 ovat Trivium, P.O.D., Stam1na, Lost Society, Paleface Swiss (jolla ei ole mit\u00e4\u00e4n tekemist\u00e4 Suomen oman Palefacen kanssa), Return to Dust, The Browning, Dogma, Slope, 802, Allt, Atlas\u00a0sek\u00e4 Kneel Before the Death. Yhtyeiden esiintymisp\u00e4iv\u00e4t on listattu Tuskan <a href=\"https:\/\/tuska.fi\/tuska-2026-julkaisi-lisaa-artisteja-megadeth-trivium-p-o-d-stam1na-ja-monta-muuta\/\" rel=\"nofollow noopener\" target=\"_blank\">verkkosivuilla<\/a>.<\/p>\n<p>Tuska j\u00e4rjestet\u00e4\u00e4n Helsingin Suvilahdessa 26.\u201328. kes\u00e4kuuta. Kaikki lippukategoriat ovat nyt myynniss\u00e4 Tiketiss\u00e4 ja Lippupisteess\u00e4. Peruslippujen hinnat ovat mallia 149\u2013239 euroa. Tapahtuma on edellisvuosien tapaan K-18.<\/p>\n","protected":false},"excerpt":{"rendered":"Tuskan ohjelmisto vuodelle 2026 alkaa pikkuhiljaa hahmottua. Festivaali julkisti t\u00e4n\u00e4\u00e4n runsain mitoin uusia kiinnityksi\u00e4 ensi kes\u00e4lle, ja mukana&hellip;\n","protected":false},"author":2,"featured_media":58225,"comment_status":"","ping_status":"","sticky":false,"template":"","format":"standard","meta":{"footnotes":""},"categories":[132],"tags":[137,970,33,31,30,195,47,32,13697,109],"class_list":{"0":"post-58224","1":"post","2":"type-post","3":"status-publish","4":"format-standard","5":"has-post-thumbnail","7":"category-musiikki","8":"tag-entertainment","9":"tag-festivaalit","10":"tag-fi","11":"tag-finland","12":"tag-finnish","13":"tag-music","14":"tag-musiikki","15":"tag-suomi","16":"tag-tuska","17":"tag-viihde"},"share_on_mastodon":{"url":"","error":""},"_links":{"self":[{"href":"https:\/\/www.europesays.com\/fi\/wp-json\/wp\/v2\/posts\/58224","targetHints":{"allow":["GET"]}}],"collection":[{"href":"https:\/\/www.europesays.com\/fi\/wp-json\/wp\/v2\/posts"}],"about":[{"href":"https:\/\/www.europesays.com\/fi\/wp-json\/wp\/v2\/types\/post"}],"author":[{"embeddable":true,"href":"https:\/\/www.europesays.com\/fi\/wp-json\/wp\/v2\/users\/2"}],"replies":[{"embeddable":true,"href":"https:\/\/www.europesays.com\/fi\/wp-json\/wp\/v2\/comments?post=58224"}],"version-history":[{"count":0,"href":"https:\/\/www.europesays.com\/fi\/wp-json\/wp\/v2\/posts\/58224\/revisions"}],"wp:featuredmedia":[{"embeddable":true,"href":"https:\/\/www.europesays.com\/fi\/wp-json\/wp\/v2\/media\/58225"}],"wp:attachment":[{"href":"https:\/\/www.europesays.com\/fi\/wp-json\/wp\/v2\/media?parent=58224"}],"wp:term":[{"taxonomy":"category","embeddable":true,"href":"https:\/\/www.europesays.com\/fi\/wp-json\/wp\/v2\/categories?post=58224"},{"taxonomy":"post_tag","embeddable":true,"href":"https:\/\/www.europesays.com\/fi\/wp-json\/wp\/v2\/tags?post=58224"}],"curies":[{"name":"wp","href":"https:\/\/api.w.org\/{rel}","templated":true}]}}