{"id":58273,"date":"2025-10-10T15:03:08","date_gmt":"2025-10-10T15:03:08","guid":{"rendered":"https:\/\/www.europesays.com\/fi\/58273\/"},"modified":"2025-10-10T15:03:08","modified_gmt":"2025-10-10T15:03:08","slug":"joel-naukkarinen-nappasi-parinsa-kanssa-em-kultaa-turkissa-urheilu","status":"publish","type":"post","link":"https:\/\/www.europesays.com\/fi\/58273\/","title":{"rendered":"Joel Naukkarinen nappasi parinsa kanssa EM-kultaa Turkissa | Urheilu"},"content":{"rendered":"<p>Soutajahirmu <strong>Joel Naukkarinen<\/strong> ja <strong>Eeva Karppinen<\/strong> voittivat rannikkosoudun kest\u00e4vyysmatkan ja kaksikon EM-kultaa perjantaina Turkin Antalyassa.<\/p>\n<p>Kaksikko hallitsi finaalia ja voitti Euroopan mestaruuden ajalla 26.09,29. Toiseksi sijoittuneet Hollannin <strong>Sjoerd Scheper<\/strong>\u2013<strong>Sona Hospers<\/strong> j\u00e4iv\u00e4t voittajista l\u00e4hes puoli minuuttia.<\/p>\n<p>\u2013 Valmistautuminen vuoden ajan Espanjassa on tuottanut todella paljon tulosta. Voitto tuntuu upealta, oli hienoa soutaa Eevan kanssa. Oli vahva tunne, ett\u00e4 hallitsimme suorituksen jokaisella osa-alueella, Naukkarinen sanoi tiedotteessa.<\/p>\n<p>Espanjassa asuvalla ja harjoittelevalla Naukkarisella on k\u00e4ynniss\u00e4 olympiaprojekti vuoden 2028 Los Angelesin kisoja silm\u00e4ll\u00e4 pit\u00e4en. EM-kulta on t\u00e4rke\u00e4 osa sit\u00e4.<\/p>\n<p>EM-kisat jatkuvat viikonloppuna Turkissa kest\u00e4vyysmatkan yksikk\u00f6soudussa ja uuden olympialajin, rannikkosoudun rantasprintin parissa.<\/p>\n","protected":false},"excerpt":{"rendered":"Soutajahirmu Joel Naukkarinen ja Eeva Karppinen voittivat rannikkosoudun kest\u00e4vyysmatkan ja kaksikon EM-kultaa perjantaina Turkin Antalyassa. Kaksikko hallitsi finaalia&hellip;\n","protected":false},"author":2,"featured_media":58274,"comment_status":"","ping_status":"","sticky":false,"template":"","format":"standard","meta":{"footnotes":""},"categories":[158],"tags":[33,31,30,1132,41,4343,2609,13716,159,32,160,161,162],"class_list":{"0":"post-58273","1":"post","2":"type-post","3":"status-publish","4":"format-standard","5":"has-post-thumbnail","7":"category-urheilu","8":"tag-fi","9":"tag-finland","10":"tag-finnish","11":"tag-kuopio","12":"tag-liikunta-ja-urheilu","13":"tag-los-angeles","14":"tag-miesten-yleisurheilu","15":"tag-soutu","16":"tag-sports","17":"tag-suomi","18":"tag-urheilu","19":"tag-urheilutapahtumat","20":"tag-yleisurheilu"},"share_on_mastodon":{"url":"","error":""},"_links":{"self":[{"href":"https:\/\/www.europesays.com\/fi\/wp-json\/wp\/v2\/posts\/58273","targetHints":{"allow":["GET"]}}],"collection":[{"href":"https:\/\/www.europesays.com\/fi\/wp-json\/wp\/v2\/posts"}],"about":[{"href":"https:\/\/www.europesays.com\/fi\/wp-json\/wp\/v2\/types\/post"}],"author":[{"embeddable":true,"href":"https:\/\/www.europesays.com\/fi\/wp-json\/wp\/v2\/users\/2"}],"replies":[{"embeddable":true,"href":"https:\/\/www.europesays.com\/fi\/wp-json\/wp\/v2\/comments?post=58273"}],"version-history":[{"count":0,"href":"https:\/\/www.europesays.com\/fi\/wp-json\/wp\/v2\/posts\/58273\/revisions"}],"wp:featuredmedia":[{"embeddable":true,"href":"https:\/\/www.europesays.com\/fi\/wp-json\/wp\/v2\/media\/58274"}],"wp:attachment":[{"href":"https:\/\/www.europesays.com\/fi\/wp-json\/wp\/v2\/media?parent=58273"}],"wp:term":[{"taxonomy":"category","embeddable":true,"href":"https:\/\/www.europesays.com\/fi\/wp-json\/wp\/v2\/categories?post=58273"},{"taxonomy":"post_tag","embeddable":true,"href":"https:\/\/www.europesays.com\/fi\/wp-json\/wp\/v2\/tags?post=58273"}],"curies":[{"name":"wp","href":"https:\/\/api.w.org\/{rel}","templated":true}]}}