{"id":58399,"date":"2025-10-10T18:02:21","date_gmt":"2025-10-10T18:02:21","guid":{"rendered":"https:\/\/www.europesays.com\/fi\/58399\/"},"modified":"2025-10-10T18:02:21","modified_gmt":"2025-10-10T18:02:21","slug":"alone-suomi-kilpailija-liisa-on-epatoivoinen-majansa-romahtamisesta","status":"publish","type":"post","link":"https:\/\/www.europesays.com\/fi\/58399\/","title":{"rendered":"Alone Suomi -kilpailija Liisa on ep\u00e4toivoinen majansa romahtamisesta"},"content":{"rendered":"<p>\n            Alone Suomi. Liisa. MTV.<br \/>\n            MTV\n        <\/p>\n<p class=\"subtitle \">Kuuden Alone Suomi -kilpailijan ryhm\u00e4 uhkaa pienenty\u00e4 j\u00e4lleen viidenness\u00e4 jaksossa.<\/p>\n<p class=\"article-content article-content-width !bg-background\">Alone Suomen viides jakso esitett\u00e4\u00e4n MTV3:lla tiistaina 7.10. Jakso on jo katsottavissa MTV Katsomo+:ssa. <\/p>\n<p class=\"article-content article-content-width !bg-background\">Uudessa jaksossa ollaan vietetty viikko Inarin er\u00e4maassa. Sekaty\u00f6l\u00e4inen  veistelee p\u00e4ivien lukum\u00e4\u00e4r\u00e4n nykyisen majansa tukipuuhun.<\/p>\n<p class=\"article-content article-content-width !bg-background\">\u2013 Lucky number seven, viikko alkaa olla t\u00e4ynn\u00e4, Aki kertoo.<\/p>\n<p class=\"article-content article-content-width !bg-background\">\u2013 Homma menee nyt niin, ett\u00e4 teen t\u00e4st\u00e4 nykyisest\u00e4 laavusta kodan. Min\u00e4 en saa tuolla nyt unta ja uni on aika t\u00e4rke\u00e4\u00e4, Aki selostaa.<\/p>\n<p>        <a itemprop=\"url\" href=\"https:\/\/www.seiska.fi\/katso\/alone-suomen-liisa-jarkyttyy-luulin-et-ma-saan-sydanhalvauksen\/1945334\" rel=\"nofollow noopener\" target=\"_blank\"><\/p>\n<p>\nAlone Suomi\n<\/p>\n<p class=\"section-date\">\n        <strong class=\"article-section\" data-section=\"katso\"><br \/>\n            katso<br \/>\n        <\/strong><br \/>\n        29.9. 16:15\n    <\/p>\n<p>Alone Suomen Liisa j\u00e4rkyttyy: \u201dLuulin, et m\u00e4 saan syd\u00e4nhalvauksen\u201d\n    <\/p>\n<p itemprop=\"description\" class=\"subtitle \">\n    Alone Suomessa yksin Lapin luonnon armoilla selviytyv\u00e4t kisaajat joutuvat vesisateessa koville.\n<\/p>\n<p>        <\/a><\/p>\n<p class=\"article-content article-content-width !bg-background\">Aki leikkelee ainoaa k\u00e4yt\u00f6ss\u00e4\u00e4n olevaa pressua, mutta ratkaisu osoittautuu dramaattisella tavalla v\u00e4\u00e4r\u00e4ksi.<\/p>\n<p class=\"article-content article-content-width !bg-background\">\u2013 Ei vitsit! Menee hermot!, Akikin mylvii.<\/p>\n<p>\u201dRakentaa huonoa\u201d<\/p>\n<p class=\"article-content article-content-width !bg-background\">Porilaisella p\u00e4tk\u00e4ty\u00f6l\u00e4isell\u00e4  on viel\u00e4kin pahemmat tunnelmat.<\/p>\n<p class=\"article-content article-content-width !bg-background\">\u2013 Nyt on niin kauhea myrsky, ett\u00e4 minun on pakko keksi\u00e4 jotain. Yrit\u00e4n nyt t\u00e4llaista tiipii-tyyppist\u00e4 sidontajuttua, mutta ei ole minulle kyll\u00e4 yht\u00e4\u00e4n tuttu, Liisa kertoo uutta asuinpaikkaa rakentaessaan.<\/p>\n<p class=\"article-content article-content-width !bg-background\">\u2013 Aikuinen ihminen rakentaa nyt majaa t\u00e4\u00e4ll\u00e4 mets\u00e4ss\u00e4, voi hyv\u00e4nen aika! Rakentaisikin hyv\u00e4\u00e4 majaa, mutta rakentaa huonoa, Liisa sadattelee.<\/p>\n<p>        <a itemprop=\"url\" href=\"https:\/\/www.seiska.fi\/katso\/alone-suomi-eetun-vauva-kuoli-akillisesti-avoimena-perhetragediasta\/1940117\" rel=\"nofollow noopener\" target=\"_blank\"><\/p>\n<p>\nAlone Suomi -Eetu\n<\/p>\n<p class=\"section-date\">\n        <strong class=\"article-section\" data-section=\"katso\"><br \/>\n            katso<br \/>\n        <\/strong><br \/>\n        24.9. 12:15\n    <\/p>\n<p>Alone Suomi -Eetun vauva kuoli \u00e4killisesti &#8211; avoimena perhetragediasta\n    <\/p>\n<p itemprop=\"description\" class=\"subtitle \">\n    23.9. vietettiin kuolleiden lasten muistop\u00e4iv\u00e4\u00e4. Alone Suomi -ohjelmassa mukana oleva Eetu joutui kohtamaan nelj\u00e4 vuotta sitten jokaisen vanhemman pahimman pelon, kun h\u00e4nen vauvansa menehtyi \u00e4killisesti vain kuukauden ik\u00e4isen\u00e4.\n<\/p>\n<p>        <\/a><\/p>\n<p class=\"article-content article-content-width !bg-background\">Projekti saakin ik\u00e4v\u00e4n lopun, kun majan kehikko romahtaa.<\/p>\n<p class=\"article-content article-content-width !bg-background\">\u2013 Eih! Ja nyt se sataa, nyt se sataa. T\u00e4t\u00e4 min\u00e4 pelk\u00e4sin!, Liisa huudahtelee.<\/p>\n<p class=\"italic m-italic article-content article-content-width !bg-background\">Alone Suomi MTV3:lla tiistaisin kello 21.00.<\/p>\n<p>        <a itemprop=\"url\" href=\"https:\/\/www.seiska.fi\/katso\/alone-suomi-yksi-kilpailija-luovutti\/1938778\" rel=\"nofollow noopener\" target=\"_blank\"><\/p>\n<p>\nAlone Suomi\n<\/p>\n<p class=\"section-date\">\n        <strong class=\"article-section\" data-section=\"katso\"><br \/>\n            katso<br \/>\n        <\/strong><br \/>\n        23.9. 21:45\n    <\/p>\n<p>Alone Suomi: Yksi kilpailija luovutti\n    <\/p>\n<p itemprop=\"description\" class=\"subtitle \">\n    Kylmyys koettelee n\u00e4lk\u00e4isi\u00e4 kisaajia Alone Suomessa.\n<\/p>\n<p>        <\/a><\/p>\n","protected":false},"excerpt":{"rendered":"Alone Suomi. Liisa. MTV. MTV Kuuden Alone Suomi -kilpailijan ryhm\u00e4 uhkaa pienenty\u00e4 j\u00e4lleen viidenness\u00e4 jaksossa. Alone Suomen viides&hellip;\n","protected":false},"author":2,"featured_media":58400,"comment_status":"","ping_status":"","sticky":false,"template":"","format":"standard","meta":{"footnotes":""},"categories":[133],"tags":[10326,6548,137,33,31,30,7727,11589,905,1037,32,206,156,109],"class_list":{"0":"post-58399","1":"post","2":"type-post","3":"status-publish","4":"format-standard","5":"has-post-thumbnail","7":"category-televisiot","8":"tag-aki","9":"tag-alone-suomi","10":"tag-entertainment","11":"tag-fi","12":"tag-finland","13":"tag-finnish","14":"tag-liisa","15":"tag-mtv-katsomo","16":"tag-mtv3","17":"tag-ripsa-koskinen-papunen","18":"tag-suomi","19":"tag-televisiot","20":"tag-tv","21":"tag-viihde"},"share_on_mastodon":{"url":"","error":""},"_links":{"self":[{"href":"https:\/\/www.europesays.com\/fi\/wp-json\/wp\/v2\/posts\/58399","targetHints":{"allow":["GET"]}}],"collection":[{"href":"https:\/\/www.europesays.com\/fi\/wp-json\/wp\/v2\/posts"}],"about":[{"href":"https:\/\/www.europesays.com\/fi\/wp-json\/wp\/v2\/types\/post"}],"author":[{"embeddable":true,"href":"https:\/\/www.europesays.com\/fi\/wp-json\/wp\/v2\/users\/2"}],"replies":[{"embeddable":true,"href":"https:\/\/www.europesays.com\/fi\/wp-json\/wp\/v2\/comments?post=58399"}],"version-history":[{"count":0,"href":"https:\/\/www.europesays.com\/fi\/wp-json\/wp\/v2\/posts\/58399\/revisions"}],"wp:featuredmedia":[{"embeddable":true,"href":"https:\/\/www.europesays.com\/fi\/wp-json\/wp\/v2\/media\/58400"}],"wp:attachment":[{"href":"https:\/\/www.europesays.com\/fi\/wp-json\/wp\/v2\/media?parent=58399"}],"wp:term":[{"taxonomy":"category","embeddable":true,"href":"https:\/\/www.europesays.com\/fi\/wp-json\/wp\/v2\/categories?post=58399"},{"taxonomy":"post_tag","embeddable":true,"href":"https:\/\/www.europesays.com\/fi\/wp-json\/wp\/v2\/tags?post=58399"}],"curies":[{"name":"wp","href":"https:\/\/api.w.org\/{rel}","templated":true}]}}