{"id":58450,"date":"2025-10-10T19:22:06","date_gmt":"2025-10-10T19:22:06","guid":{"rendered":"https:\/\/www.europesays.com\/fi\/58450\/"},"modified":"2025-10-10T19:22:06","modified_gmt":"2025-10-10T19:22:06","slug":"spider-man-tahti-kiistaa-roolinsa-avengers-doomsdayssa-ihan-v-tun-yksiselitteisesti-en-ole-mukana-siina","status":"publish","type":"post","link":"https:\/\/www.europesays.com\/fi\/58450\/","title":{"rendered":"Spider-Man-t\u00e4hti kiist\u00e4\u00e4 roolinsa Avengers: Doomsdayssa &#8211; &#8221;Ihan v-tun yksiselitteisesti en ole mukana siin\u00e4&#8221;"},"content":{"rendered":"<p>Avengers: Doomsday -elokuvassa n\u00e4hd\u00e4\u00e4n massiivinen hahmokaarti, mutta The Amazing Spider-Man -t\u00e4hti Andrew Garfield ei ole siin\u00e4 mukana.<\/p>\n<p>The Amazing Spider-Man -elokuvien H\u00e4mist\u00e4 esitt\u00e4nyt <a href=\"https:\/\/muropaketti.com\/avainsana\/andrew-garfield\/\" rel=\"nofollow noopener\" target=\"_blank\">Andrew Garfield<\/a> palasi seittisingon rooliin Spider-Man: No Way Home -elokuvassa. N\u00e4yttelij\u00e4 kuitenkin kiist\u00e4\u00e4 sen, ett\u00e4 olisi mukana my\u00f6s ensi vuonna julkaistavassa Avengers: Doomsdayssa.<\/p>\n<p><a href=\"https:\/\/youtu.be\/Kah7uKp-JG4?si=KeiZDUJLHMsIFX0s\" target=\"_blank\" rel=\"noreferrer noopener nofollow\">GQ:n<\/a> videolla Garfield vastailee fanien kysymyksiin, joista yksi on tietenkin se, n\u00e4hd\u00e4\u00e4nk\u00f6 h\u00e4nt\u00e4 tai Tobey Maguirea Avengers: Doomsdayssa.<\/p>\n<p>Garfieldin vastaus on:<\/p>\n<p>\u201dIhan vitun yksiselitteisesti emme ole siin\u00e4 mukana.\u201d<\/p>\n<p>Tosin fanit varmasti muistavat, kuinka sujuvasti Garfield osasi valehdella siit\u00e4, ettei muka olisi mukana No Way Homessa \u2013 ja kuinkas k\u00e4vik\u00e4\u00e4n.<\/p>\n<p>Koko vastailuvideon voi katsoa t\u00e4st\u00e4:<\/p>\n<p>Aiemmin Garfield on kertonut palaavansa H\u00e4miksen rooliin mielell\u00e4\u00e4n No Way Homen j\u00e4lkeenkin, \u201cjos se tuntuu oikealta ja lis\u00e4\u00e4 jotain t\u00e4h\u00e4n kulttuuriin, jos konsepti on mahtava tai jotain sellaista, mit\u00e4 ei ole tehty aiemmin, jotain uniikkia ja outoa ja j\u00e4nnitt\u00e4v\u00e4\u00e4 ja johon saa upotettua hampaansa\u201d.<\/p>\n<p>Joulukuussa 2026 julkaistavassa Avengers: Doomsdayssa n\u00e4hd\u00e4\u00e4n ainakin Chris Hemsworth, Tom Hiddleston, Paul Rudd, Letitia Wright, Anthony Mackie, Simu Liu, Danny Ramirez, Winston Duke, Sebastian Stan, Florence Pugh, Wyatt Russell, David Harbour, Hannah John-Kamen, Lewis Pullman, Patrick Stewart, Ian McKellen, James Marsden, Rebecca Romijn, Alan Cumming, Kelsey Grammer, Channing Tatum, Pedro Pascal, Vanessa Kirby, Ebon Moss-Bachrach, Joseph Quinn, Tenoch Huerta Mej\u00eda ja Robert Downey Jr.<\/p>\n","protected":false},"excerpt":{"rendered":"Avengers: Doomsday -elokuvassa n\u00e4hd\u00e4\u00e4n massiivinen hahmokaarti, mutta The Amazing Spider-Man -t\u00e4hti Andrew Garfield ei ole siin\u00e4 mukana. The&hellip;\n","protected":false},"author":2,"featured_media":58451,"comment_status":"","ping_status":"","sticky":false,"template":"","format":"standard","meta":{"footnotes":""},"categories":[131],"tags":[12157,809,155,137,33,173,31,30,172,4626,13745,32,13746,109],"class_list":{"0":"post-58450","1":"post","2":"type-post","3":"status-publish","4":"format-standard","5":"has-post-thumbnail","7":"category-elokuvat","8":"tag-andrew-garfield","9":"tag-avengers-doomsday","10":"tag-elokuvat","11":"tag-entertainment","12":"tag-fi","13":"tag-film","14":"tag-finland","15":"tag-finnish","16":"tag-movies","17":"tag-spider-man","18":"tag-spider-man-no-way-home","19":"tag-suomi","20":"tag-the-amazing-spider-man","21":"tag-viihde"},"share_on_mastodon":{"url":"","error":""},"_links":{"self":[{"href":"https:\/\/www.europesays.com\/fi\/wp-json\/wp\/v2\/posts\/58450","targetHints":{"allow":["GET"]}}],"collection":[{"href":"https:\/\/www.europesays.com\/fi\/wp-json\/wp\/v2\/posts"}],"about":[{"href":"https:\/\/www.europesays.com\/fi\/wp-json\/wp\/v2\/types\/post"}],"author":[{"embeddable":true,"href":"https:\/\/www.europesays.com\/fi\/wp-json\/wp\/v2\/users\/2"}],"replies":[{"embeddable":true,"href":"https:\/\/www.europesays.com\/fi\/wp-json\/wp\/v2\/comments?post=58450"}],"version-history":[{"count":0,"href":"https:\/\/www.europesays.com\/fi\/wp-json\/wp\/v2\/posts\/58450\/revisions"}],"wp:featuredmedia":[{"embeddable":true,"href":"https:\/\/www.europesays.com\/fi\/wp-json\/wp\/v2\/media\/58451"}],"wp:attachment":[{"href":"https:\/\/www.europesays.com\/fi\/wp-json\/wp\/v2\/media?parent=58450"}],"wp:term":[{"taxonomy":"category","embeddable":true,"href":"https:\/\/www.europesays.com\/fi\/wp-json\/wp\/v2\/categories?post=58450"},{"taxonomy":"post_tag","embeddable":true,"href":"https:\/\/www.europesays.com\/fi\/wp-json\/wp\/v2\/tags?post=58450"}],"curies":[{"name":"wp","href":"https:\/\/api.w.org\/{rel}","templated":true}]}}