{"id":58518,"date":"2025-10-10T20:40:08","date_gmt":"2025-10-10T20:40:08","guid":{"rendered":"https:\/\/www.europesays.com\/fi\/58518\/"},"modified":"2025-10-10T20:40:08","modified_gmt":"2025-10-10T20:40:08","slug":"ella-ja-kaverit-operaatio-saukko-elokuvan-arvostelu","status":"publish","type":"post","link":"https:\/\/www.europesays.com\/fi\/58518\/","title":{"rendered":"Ella ja kaverit: Operaatio Saukko \u2013 elokuvan arvostelu"},"content":{"rendered":"<p>Kun toisen luokan p\u00e4\u00e4ttyess\u00e4 ei Ella luokkakavereineen olekaan suorittanut kaikkia tarvittavia maantiedon teht\u00e4vi\u00e4, l\u00e4htee ryhm\u00e4 valokuvauksesta innostuneen Opettajan johdolla mets\u00e4retkelle k\u00e4yt\u00e4nn\u00f6n opetuksen metodilla. Mets\u00e4n luonnonsuojelualueella he tutustuvat uusiin yst\u00e4viin, suloiseen saukkoperheeseen.<\/p>\n<p>Tarinaa viev\u00e4t upeasti eteenp\u00e4in vihreydess\u00e4\u00e4n kylpev\u00e4n luontokuvaston kauneus sek\u00e4 ohjaaja <strong>Elin Gr\u00f6nblomin<\/strong> taito antaa tilaa rauhalliselle yksityiskohtien tarkastelulle. Tunnelman maagisuutta lis\u00e4\u00e4 luonto\u00e4idin ohjaava ote, joka heijastuu suoraan my\u00f6s itsep\u00e4iseen ja oikeudenmukaiseen Ellaan. P\u00e4\u00e4hahmoa n\u00e4yttelev\u00e4 <strong>Elma Ufacik<\/strong> on elementiss\u00e4\u00e4n.<\/p>\n<p>My\u00f6s muissa sivuhahmoissa on uskottavuutta kaikessa koomisuudessaan. Elokuvan huumori rakentuu p\u00e4\u00e4asiassa hahmovetoisten kommellusten varaan ja toimii hyvin, kiitos rooleihinsa el\u00e4ytyvien n\u00e4yttelij\u00f6iden.<\/p>\n<p>Kaiken kaikkiaan Ella ja kaverit \u2013 Operaatio Saukko on vauhdikas ja l\u00e4mminhenkinen katselukokemus, jonka ytimess\u00e4 on t\u00e4rke\u00e4 viesti luonnon merkityksest\u00e4 jatkuvasti teollistuvassa maailmassa.<\/p>\n<p>Nea Pietil\u00e4inen<\/p>\n<p>                                                            Ella ja kaverit: Operaatio Saukko -elokuvan traileri<br \/>\n                                <img loading=\"lazy\" decoding=\"async\" alt=\"YouTube video\" width=\"480\" height=\"360\" data-pin-nopin=\"true\" nopin=\"nopin\" class=\"perfmatters-lazy\" src=\"https:\/\/www.europesays.com\/fi\/wp-content\/uploads\/2025\/10\/1760128808_677_hqdefault.jpg\"\/>                                                        <\/p>\n","protected":false},"excerpt":{"rendered":"Kun toisen luokan p\u00e4\u00e4ttyess\u00e4 ei Ella luokkakavereineen olekaan suorittanut kaikkia tarvittavia maantiedon teht\u00e4vi\u00e4, l\u00e4htee ryhm\u00e4 valokuvauksesta innostuneen Opettajan&hellip;\n","protected":false},"author":2,"featured_media":58519,"comment_status":"","ping_status":"","sticky":false,"template":"","format":"standard","meta":{"footnotes":""},"categories":[131],"tags":[155,137,33,173,31,30,172,32,109],"class_list":{"0":"post-58518","1":"post","2":"type-post","3":"status-publish","4":"format-standard","5":"has-post-thumbnail","7":"category-elokuvat","8":"tag-elokuvat","9":"tag-entertainment","10":"tag-fi","11":"tag-film","12":"tag-finland","13":"tag-finnish","14":"tag-movies","15":"tag-suomi","16":"tag-viihde"},"share_on_mastodon":{"url":"","error":""},"_links":{"self":[{"href":"https:\/\/www.europesays.com\/fi\/wp-json\/wp\/v2\/posts\/58518","targetHints":{"allow":["GET"]}}],"collection":[{"href":"https:\/\/www.europesays.com\/fi\/wp-json\/wp\/v2\/posts"}],"about":[{"href":"https:\/\/www.europesays.com\/fi\/wp-json\/wp\/v2\/types\/post"}],"author":[{"embeddable":true,"href":"https:\/\/www.europesays.com\/fi\/wp-json\/wp\/v2\/users\/2"}],"replies":[{"embeddable":true,"href":"https:\/\/www.europesays.com\/fi\/wp-json\/wp\/v2\/comments?post=58518"}],"version-history":[{"count":0,"href":"https:\/\/www.europesays.com\/fi\/wp-json\/wp\/v2\/posts\/58518\/revisions"}],"wp:featuredmedia":[{"embeddable":true,"href":"https:\/\/www.europesays.com\/fi\/wp-json\/wp\/v2\/media\/58519"}],"wp:attachment":[{"href":"https:\/\/www.europesays.com\/fi\/wp-json\/wp\/v2\/media?parent=58518"}],"wp:term":[{"taxonomy":"category","embeddable":true,"href":"https:\/\/www.europesays.com\/fi\/wp-json\/wp\/v2\/categories?post=58518"},{"taxonomy":"post_tag","embeddable":true,"href":"https:\/\/www.europesays.com\/fi\/wp-json\/wp\/v2\/tags?post=58518"}],"curies":[{"name":"wp","href":"https:\/\/api.w.org\/{rel}","templated":true}]}}