{"id":58589,"date":"2025-10-10T22:11:22","date_gmt":"2025-10-10T22:11:22","guid":{"rendered":"https:\/\/www.europesays.com\/fi\/58589\/"},"modified":"2025-10-10T22:11:22","modified_gmt":"2025-10-10T22:11:22","slug":"galaksitormays-sai-aikaan-yhdeksan-rengasta","status":"publish","type":"post","link":"https:\/\/www.europesays.com\/fi\/58589\/","title":{"rendered":"Galaksit\u00f6rm\u00e4ys sai aikaan yhdeks\u00e4n rengasta"},"content":{"rendered":"<p>Puolen miljardin valovuoden p\u00e4\u00e4ss\u00e4 meist\u00e4 sijaitsevan galaksin renkaiden m\u00e4\u00e4r\u00e4 on enn\u00e4tyksellinen, koska n\u00e4emme sen juuri oikeaan aikaan t\u00f6rm\u00e4yksen j\u00e4lkeen.&#13;<\/p>\n<p class=\"bodytext\">Vuonna 2009 taivaskartoituksessa l\u00f6ydetty\u00e4 tuplasti Linnunrataa suurempaa LEDA 1313424 -galaksia on valokuvattu Hubble- ja Keck-teleskoopeilla.\n<\/p>\n<p>Sen ymp\u00e4rill\u00e4 n\u00e4kyv\u00e4t renkaat ovat seurausta suoraan galaksin ytimen l\u00e4pi kulkeneesta pienemm\u00e4st\u00e4 galaksista. Ne muistuttavat veteen heitetyn kiven tekemi\u00e4 ympyr\u00e4isi\u00e4 v\u00e4reit\u00e4.\n<\/p>\n<p>T\u00e4ll\u00e4 tavoin muokkautuneita galakseja on tunnistettu taivaalta aiemmin, mutta renkaita on maksimissaan n\u00e4hty vain kolme. Enn\u00e4tysm\u00e4iset yhdeks\u00e4n rengasta ovat seurausta siit\u00e4, ett\u00e4 katsomme galaksia oikeaan aikaan.\n<\/p>\n<p>\u201cOn olemassa hyvin kapea ikkuna t\u00f6rm\u00e4yksen j\u00e4lkeen, kun t\u00e4m\u00e4nkaltaisella galaksilla voi olla niin monta rengasta\u201d, sanoo <strong>Pieter G. van Dokkum<\/strong> Yalen yliopistosta.\n<\/p>\n<p>Pitk\u00e4\u00e4n tunnetun teorian pohjalta tehtyjen simulaatioiden perusteella kolari tapahtui 50 miljoonaa vuotta sitten. T\u00e4htitieteilij\u00e4t olivat h\u00e4mm\u00e4styneit\u00e4, kuinka hyvin simulaatiot pitiv\u00e4t kutinsa n\u00e4in suuren rengasm\u00e4\u00e4r\u00e4n kohdalla.\n<\/p>\n<p>\u201cTeoria kehitettiin sit\u00e4 p\u00e4iv\u00e4\u00e4 varten, jolloin joku n\u00e4kisi niin monta rengasta\u201d, sanoo van Dokkum. \u201cOn suunnattoman tyydytt\u00e4v\u00e4\u00e4 vahvistaa t\u00e4m\u00e4 pitk\u00e4\u00e4n vallalla ollut ennuste.\u201d\n<\/p>\n<p>Yksitt\u00e4isi\u00e4 renkaita voi olla hankalaa hahmottaa kuvasta. Piirros, jossa galaksia katsotaan <a href=\"https:\/\/hubblesite.org\/contents\/media\/images\/2025\/006\/01JH3M8FV7QTE0NTS9YEP6722W\" target=\"_blank\" rel=\"noreferrer nofollow noopener\">suoraan p\u00e4\u00e4lt\u00e4<\/a>, selvent\u00e4\u00e4 asiaa.\n<\/p>\n<p><a href=\"https:\/\/hubblesite.org\/contents\/news-releases\/2025\/news-2025-006\" target=\"_blank\" rel=\"noreferrer nofollow noopener\">Aiheesta lis\u00e4\u00e4 Hubblesite<\/a> (englanniksi)<\/p>\n","protected":false},"excerpt":{"rendered":"Puolen miljardin valovuoden p\u00e4\u00e4ss\u00e4 meist\u00e4 sijaitsevan galaksin renkaiden m\u00e4\u00e4r\u00e4 on enn\u00e4tyksellinen, koska n\u00e4emme sen juuri oikeaan aikaan t\u00f6rm\u00e4yksen&hellip;\n","protected":false},"author":2,"featured_media":58590,"comment_status":"","ping_status":"","sticky":false,"template":"","format":"standard","meta":{"footnotes":""},"categories":[114],"tags":[453,33,31,30,118,452,32,119],"class_list":{"0":"post-58589","1":"post","2":"type-post","3":"status-publish","4":"format-standard","5":"has-post-thumbnail","7":"category-avaruus","8":"tag-avaruus","9":"tag-fi","10":"tag-finland","11":"tag-finnish","12":"tag-science","13":"tag-space","14":"tag-suomi","15":"tag-tiede"},"share_on_mastodon":{"url":"","error":""},"_links":{"self":[{"href":"https:\/\/www.europesays.com\/fi\/wp-json\/wp\/v2\/posts\/58589","targetHints":{"allow":["GET"]}}],"collection":[{"href":"https:\/\/www.europesays.com\/fi\/wp-json\/wp\/v2\/posts"}],"about":[{"href":"https:\/\/www.europesays.com\/fi\/wp-json\/wp\/v2\/types\/post"}],"author":[{"embeddable":true,"href":"https:\/\/www.europesays.com\/fi\/wp-json\/wp\/v2\/users\/2"}],"replies":[{"embeddable":true,"href":"https:\/\/www.europesays.com\/fi\/wp-json\/wp\/v2\/comments?post=58589"}],"version-history":[{"count":0,"href":"https:\/\/www.europesays.com\/fi\/wp-json\/wp\/v2\/posts\/58589\/revisions"}],"wp:featuredmedia":[{"embeddable":true,"href":"https:\/\/www.europesays.com\/fi\/wp-json\/wp\/v2\/media\/58590"}],"wp:attachment":[{"href":"https:\/\/www.europesays.com\/fi\/wp-json\/wp\/v2\/media?parent=58589"}],"wp:term":[{"taxonomy":"category","embeddable":true,"href":"https:\/\/www.europesays.com\/fi\/wp-json\/wp\/v2\/categories?post=58589"},{"taxonomy":"post_tag","embeddable":true,"href":"https:\/\/www.europesays.com\/fi\/wp-json\/wp\/v2\/tags?post=58589"}],"curies":[{"name":"wp","href":"https:\/\/api.w.org\/{rel}","templated":true}]}}