{"id":58678,"date":"2025-10-11T01:32:08","date_gmt":"2025-10-11T01:32:08","guid":{"rendered":"https:\/\/www.europesays.com\/fi\/58678\/"},"modified":"2025-10-11T01:32:08","modified_gmt":"2025-10-11T01:32:08","slug":"paakirjoitus-puukauppa-viilenee-suhdanneraportista-lohtua-ensi-vuoteen-etela-saimaa","status":"publish","type":"post","link":"https:\/\/www.europesays.com\/fi\/58678\/","title":{"rendered":"P\u00e4\u00e4kirjoitus | Puukauppa viilenee \u2013 Suhdanneraportista lohtua ensi vuoteen &#8211; Etel\u00e4-Saimaa"},"content":{"rendered":"<ol>\n<li><a href=\"https:\/\/news.google.com\/rss\/articles\/CBMiY0FVX3lxTE15aER3UXdYNVloN3NxeFltQjFhbXVJeHNRVG8tVFJfNE53WHd5UXlZR1k3TGt6bW41V2dCdklRWlY3WkdBVzBXUUNhbFI1V050bTc2bG85VHlfcG5CNkJaMkhIMA?oc=5\" target=\"_blank\" rel=\"nofollow noopener\">P\u00e4\u00e4kirjoitus | Puukauppa viilenee \u2013 Suhdanneraportista lohtua ensi vuoteen<\/a>&nbsp;&nbsp;Etel\u00e4-Saimaa<\/li>\n<li><a href=\"https:\/\/news.google.com\/rss\/articles\/CBMifkFVX3lxTE5yblJLbXMzUXBNcDFYaUlNX2d3TlpQdE1ielllZUF4eXVwOVdRaElYRDM5WEQxdTBMX3ZPMFN4VFExb2xqN3hWeHROT3V5WjlGQzVrQi0tR09YVmtqYU9TYlJKdGs4R3RTZU5MVVdlcWZfdXJsUURCSUEyNkJBdw?oc=5\" target=\"_blank\" rel=\"nofollow noopener\">Puukauppa: Karu romahdus<\/a>&nbsp;&nbsp;Talousel\u00e4m\u00e4<\/li>\n<li><a href=\"https:\/\/news.google.com\/rss\/articles\/CBMifkFVX3lxTFBMRDUxVnhWcnI5eWRMbHA5VkVVVVVvWllQNFZFMVRTY2hROW90Wnh1OWFzOUNsNS13SUFoRG5hV3k5Nm9XYmE1T2Rsdk5KOWE3b0JORjNTVGVXTnV1bGNCNnlEZERVLXVXQUVfYUFuSC1mQnowN0c0WHZDZzZydw?oc=5\" target=\"_blank\" rel=\"nofollow noopener\">PTT: Puun hintahuiput on nyt n\u00e4hty<\/a>&nbsp;&nbsp;Kauppalehti<\/li>\n<li><a href=\"https:\/\/news.google.com\/rss\/articles\/CBMiigFBVV95cUxNS0pVN082dmZnMVQyUklGZVp2LUo4cDd4c3l1WnZzQUVwdWMtMEhsVEhSRUh1OWN2ajhsOTVBYjZhTkdFNExSMWIwdnpCbzNoZDVjcUhYYlV5RWFYSUhLTURpdnl0RVFXNmRxVUZZcXd3WUpReWxCb1lQWnAtdnNzTDVYT3BtWVJqdWc?oc=5\" target=\"_blank\" rel=\"nofollow noopener\">Kantorahatulot nousemassa uuteen enn\u00e4tykseen<\/a>&nbsp;&nbsp;Mets\u00e4lehti<\/li>\n<li><a href=\"https:\/\/news.google.com\/rss\/articles\/CBMimwFBVV95cUxNR0x4aHNvMERReFFzM1ZQRTI3Q1R3akR1Q2pWdzVPckZfTkhYNXFGTU1ZWEJkQllRWHMzM1NjYXdETDBmY2dpWEJDMmpiWmFmOTFfMnJJZzM2VHozZl9lRVJKQTdIU1VpdUpJMGdfQndOc3ZNbGtWb1FXS0VJYkRTUXRsRG9BN0JQeXZBeHp4V09HelZsejZGSUdjaw?oc=5\" target=\"_blank\" rel=\"nofollow noopener\">Mets\u00e4teollisuuden vienti kasvaa, n\u00e4m\u00e4 riskit varjostavat n\u00e4kymi\u00e4<\/a>&nbsp;&nbsp;Verkkouutiset<\/li>\n<\/ol>\n","protected":false},"excerpt":{"rendered":"P\u00e4\u00e4kirjoitus | Puukauppa viilenee \u2013 Suhdanneraportista lohtua ensi vuoteen&nbsp;&nbsp;Etel\u00e4-Saimaa Puukauppa: Karu romahdus&nbsp;&nbsp;Talousel\u00e4m\u00e4 PTT: Puun hintahuiput on nyt n\u00e4hty&nbsp;&nbsp;Kauppalehti&hellip;\n","protected":false},"author":2,"featured_media":58679,"comment_status":"","ping_status":"","sticky":false,"template":"","format":"standard","meta":{"footnotes":""},"categories":[76],"tags":[79,77,4509,33,31,30,3200,10444,823,9084,938,2375,32,78],"class_list":{"0":"post-58678","1":"post","2":"type-post","3":"status-publish","4":"format-standard","5":"has-post-thumbnail","7":"category-talous","8":"tag-business","9":"tag-economy","10":"tag-etela-karjalan-maakunta","11":"tag-fi","12":"tag-finland","13":"tag-finnish","14":"tag-metsa","15":"tag-metsankasvatus-ja-puunkorjuu","16":"tag-metsat","17":"tag-metsateollisuus-metsatalous-ja-siihen-liittyvat-palvelut","18":"tag-rakennusmateriaalit","19":"tag-saimaa-jarvi","20":"tag-suomi","21":"tag-talous"},"share_on_mastodon":{"url":"","error":""},"_links":{"self":[{"href":"https:\/\/www.europesays.com\/fi\/wp-json\/wp\/v2\/posts\/58678","targetHints":{"allow":["GET"]}}],"collection":[{"href":"https:\/\/www.europesays.com\/fi\/wp-json\/wp\/v2\/posts"}],"about":[{"href":"https:\/\/www.europesays.com\/fi\/wp-json\/wp\/v2\/types\/post"}],"author":[{"embeddable":true,"href":"https:\/\/www.europesays.com\/fi\/wp-json\/wp\/v2\/users\/2"}],"replies":[{"embeddable":true,"href":"https:\/\/www.europesays.com\/fi\/wp-json\/wp\/v2\/comments?post=58678"}],"version-history":[{"count":0,"href":"https:\/\/www.europesays.com\/fi\/wp-json\/wp\/v2\/posts\/58678\/revisions"}],"wp:featuredmedia":[{"embeddable":true,"href":"https:\/\/www.europesays.com\/fi\/wp-json\/wp\/v2\/media\/58679"}],"wp:attachment":[{"href":"https:\/\/www.europesays.com\/fi\/wp-json\/wp\/v2\/media?parent=58678"}],"wp:term":[{"taxonomy":"category","embeddable":true,"href":"https:\/\/www.europesays.com\/fi\/wp-json\/wp\/v2\/categories?post=58678"},{"taxonomy":"post_tag","embeddable":true,"href":"https:\/\/www.europesays.com\/fi\/wp-json\/wp\/v2\/tags?post=58678"}],"curies":[{"name":"wp","href":"https:\/\/api.w.org\/{rel}","templated":true}]}}