{"id":58777,"date":"2025-10-11T04:36:09","date_gmt":"2025-10-11T04:36:09","guid":{"rendered":"https:\/\/www.europesays.com\/fi\/58777\/"},"modified":"2025-10-11T04:36:09","modified_gmt":"2025-10-11T04:36:09","slug":"hirvenmetsastys-laajenee-tanaan-koko-maahan-uutisia-lyhyesti","status":"publish","type":"post","link":"https:\/\/www.europesays.com\/fi\/58777\/","title":{"rendered":"Hirvenmets\u00e4stys laajenee t\u00e4n\u00e4\u00e4n koko maahan | Uutisia lyhyesti"},"content":{"rendered":"<p class=\"aw-1gybjub aw-5vja16 ghpEtB kjanFo yle__article__paragraph\">Suomen riistakeskus on my\u00f6nt\u00e4nyt kaudelle yli 38\u00a0000 hirven pyyntilupaa.<\/p>\n<p><img decoding=\"async\" alt=\"hirvi piiloutuneena mets\u00e4\u00e4n.\" src=\"https:\/\/www.europesays.com\/fi\/wp-content\/uploads\/2025\/10\/39-153687568e98f37d4413.jpeg\" class=\"aw-1l9m598 hKVVvP\"\/><\/p>\n<p>Avaa kuvien katselu<\/p>\n<p>Uroshirvi Porkkalassa Kirkkonummella 9. lokakuuta 2020. Kuva: Lehtikuva<\/p>\n<p class=\"aw-1gybjub aw-1p7kakr ghpEtB jtovHP yle__article__paragraph\">Vaiheittain alkanut hirvenmets\u00e4stys laajenee t\u00e4n\u00e4\u00e4n t\u00e4ysim\u00e4\u00e4r\u00e4iseksi koko maassa. Suomen riistakeskus on my\u00f6nt\u00e4nyt kaudelle yli 38\u00a0000 hirven pyyntilupaa.<\/p>\n<p class=\"aw-1gybjub aw-1p7kakr ghpEtB jtovHP yle__article__paragraph\">Lapin maakunnassa sek\u00e4 Pohjois-Pohjanmaan Kuusamon ja Taivalkosken kunnissa jahti alkoi jo syyskuun alussa. Mets\u00e4stys p\u00e4\u00e4ttyy koko maassa 15. tammikuuta.<\/p>\n<p class=\"aw-1gybjub aw-1p7kakr ghpEtB jtovHP yle__article__paragraph\">Poliisi valvoo hirvenmets\u00e4styksen turvallisuutta ja lainmukaisuutta. Kaakkois-Suomen poliisi kertoo, ett\u00e4 valvonnassa tehd\u00e4\u00e4n muun muassa kohdennettuja tarkastuksia alueilla, joilla mets\u00e4stys on vilkasta.<\/p>\n","protected":false},"excerpt":{"rendered":"Suomen riistakeskus on my\u00f6nt\u00e4nyt kaudelle yli 38\u00a0000 hirven pyyntilupaa. Avaa kuvien katselu Uroshirvi Porkkalassa Kirkkonummella 9. lokakuuta 2020.&hellip;\n","protected":false},"author":2,"featured_media":58778,"comment_status":"","ping_status":"","sticky":false,"template":"","format":"standard","meta":{"footnotes":""},"categories":[12],"tags":[22,23,404,26,27,33,31,30,17,1691,1676,13791,71,24,25,2147,8232,28,29,11621,2941,15,18,21,3652,2938,32,19,20,16],"class_list":{"0":"post-58777","1":"post","2":"type-post","3":"status-publish","4":"format-standard","5":"has-post-thumbnail","7":"category-suomi","8":"tag-breaking-news","9":"tag-breakingnews","10":"tag-elaimet","11":"tag-featured-news","12":"tag-featurednews","13":"tag-fi","14":"tag-finland","15":"tag-finnish","16":"tag-headlines","17":"tag-hirvi","18":"tag-hirvielaimet","19":"tag-hirvien-metsastys","20":"tag-kotimaa","21":"tag-latest-news","22":"tag-latestnews","23":"tag-luontoharrastukset","24":"tag-maaseutuelinkeinot","25":"tag-main-news","26":"tag-mainnews","27":"tag-metsastyslaki","28":"tag-metsastysluvat","29":"tag-news","30":"tag-otsikot","31":"tag-paauutiset","32":"tag-riistatalous","33":"tag-suomen-riistakeskus","34":"tag-suomi","35":"tag-top-stories","36":"tag-topstories","37":"tag-uutiset"},"share_on_mastodon":{"url":"","error":""},"_links":{"self":[{"href":"https:\/\/www.europesays.com\/fi\/wp-json\/wp\/v2\/posts\/58777","targetHints":{"allow":["GET"]}}],"collection":[{"href":"https:\/\/www.europesays.com\/fi\/wp-json\/wp\/v2\/posts"}],"about":[{"href":"https:\/\/www.europesays.com\/fi\/wp-json\/wp\/v2\/types\/post"}],"author":[{"embeddable":true,"href":"https:\/\/www.europesays.com\/fi\/wp-json\/wp\/v2\/users\/2"}],"replies":[{"embeddable":true,"href":"https:\/\/www.europesays.com\/fi\/wp-json\/wp\/v2\/comments?post=58777"}],"version-history":[{"count":0,"href":"https:\/\/www.europesays.com\/fi\/wp-json\/wp\/v2\/posts\/58777\/revisions"}],"wp:featuredmedia":[{"embeddable":true,"href":"https:\/\/www.europesays.com\/fi\/wp-json\/wp\/v2\/media\/58778"}],"wp:attachment":[{"href":"https:\/\/www.europesays.com\/fi\/wp-json\/wp\/v2\/media?parent=58777"}],"wp:term":[{"taxonomy":"category","embeddable":true,"href":"https:\/\/www.europesays.com\/fi\/wp-json\/wp\/v2\/categories?post=58777"},{"taxonomy":"post_tag","embeddable":true,"href":"https:\/\/www.europesays.com\/fi\/wp-json\/wp\/v2\/tags?post=58777"}],"curies":[{"name":"wp","href":"https:\/\/api.w.org\/{rel}","templated":true}]}}