{"id":58789,"date":"2025-10-11T04:52:10","date_gmt":"2025-10-11T04:52:10","guid":{"rendered":"https:\/\/www.europesays.com\/fi\/58789\/"},"modified":"2025-10-11T04:52:10","modified_gmt":"2025-10-11T04:52:10","slug":"masked-singer-suomi-onko-pierumies-oskari-joutsen","status":"publish","type":"post","link":"https:\/\/www.europesays.com\/fi\/58789\/","title":{"rendered":"Masked Singer Suomi: Onko Pierumies Oskari Joutsen?"},"content":{"rendered":"<p>            MTV\n        <\/p>\n<p class=\"subtitle \">Vierailevat Masked Singer -panelistit Viki ja K\u00f6pi paljastivat omasta mielest\u00e4\u00e4n Pierumiehen todellisen henkil\u00f6llisyyden.<\/p>\n<p class=\"article-content article-content-width !bg-background\">Hervoton\u00a0Pierumies\u00a0on muodostunut monen katsojan suosikiksi\u00a0Masked Singer Suomessa.\u00a0Hahmon maskin takaisesta identiteetist\u00e4 on esitetty villej\u00e4kin arvauksia.<\/p>\n<p class=\"font-weight-bold m-font-weight-bold italic m-italic article-content article-content-width !bg-background\">Arkistovideo: Jenni Poikelus kertoo mielikuvitushahmostaan<\/p>\n<p class=\"article-content article-content-width !bg-background\">Suositusta Masked Singer -sarjasta n\u00e4hd\u00e4\u00e4n lauantaina 11.10. kuudes jakso. Vierailevana panelistina on juontaja . Lavalla n\u00e4hd\u00e4\u00e4n j\u00e4lleen kerran my\u00f6s Pierumies.<\/p>\n<p class=\"article-content article-content-width !bg-background\">Kauden toisessa jakson vieraina olivat puolestaan juontajat  ja . Heill\u00e4 oli omasta mielest\u00e4\u00e4n takuuvarma tieto tuolloin Bon Jovin It\u2019s My Lifen esitt\u00e4neen Pierumiehen henkil\u00f6llisyydest\u00e4.<\/p>\n<p class=\"article-content article-content-width !bg-background\">\u2013 Siin\u00e4 seisoo mies, jonka mielt\u00e4 me olemme murjoneet kolme vuotta meid\u00e4n ohjelmassamme. En tied\u00e4 ket\u00e4\u00e4n muuta, joka keksisi tuollaisen hahmon kuin meid\u00e4n kuvaajamme  eli , Viki perusteli.<\/p>\n<p class=\"article-content article-content-width !bg-background\">\u2013 Olen n\u00e4hnyt nuo liikkeet niin monta kertaa t\u00f6iss\u00e4. Kun laitoin silm\u00e4t kiinni h\u00e4nen laulaessaan, mit\u00e4\u00e4n muuta en n\u00e4hnyt kuin Oskun pyllyn, se n\u00e4ytt\u00e4\u00e4 tuolta samalta, Viki jatkoi.<\/p>\n<p>        <a itemprop=\"url\" href=\"https:\/\/www.seiska.fi\/katso\/masked-singerista-pudonneelta-lola-odusogalta-yllattava-kommentti\/1923739\" rel=\"nofollow noopener\" target=\"_blank\"><\/p>\n<p>\nMasked Singer\n<\/p>\n<p class=\"section-date\">\n        <strong class=\"article-section\" data-section=\"katso\"><br \/>\n            katso<br \/>\n        <\/strong><br \/>\n        8.9. 11:45\n    <\/p>\n<p>Masked Singerist\u00e4 pudonneelta Lola Odusogalta yll\u00e4tt\u00e4v\u00e4 kommentti\n    <\/p>\n<p itemprop=\"description\" class=\"subtitle \">\n    Ensimm\u00e4isen\u00e4 kisasta poistui Ponin naamion alla piilotellut entinen Miss Suomi.\n<\/p>\n<p>        <\/a><\/p>\n<p>                <img decoding=\"async\" src=\"https:\/\/www.europesays.com\/fi\/wp-content\/uploads\/2025\/10\/1958673.webp\" width=\"576\" height=\"274\" alt=\"Viki ja K\u00f6pi olivat t\u00e4ysin varmoja arvauksestaan.\" loading=\"lazy\" \/>            <\/p>\n<p>\n            Viki ja K\u00f6pi olivat t\u00e4ysin varmoja arvauksestaan.<br \/>\n            MTV\n        <\/p>\n<p class=\"article-content article-content-width !bg-background\">K\u00f6pi pysyi samoilla linjoilla.<\/p>\n<p class=\"article-content article-content-width !bg-background\">\u2013 Pierumies, jos sin\u00e4 et ole Oskari Joutsen, niin olen v\u00e4h\u00e4n pettynyt. Jos k\u00e4yd\u00e4\u00e4n Pierumiehen vihjeit\u00e4 l\u00e4pi, niin tykk\u00e4\u00e4 k\u00e4yd\u00e4 elokuvissa yksin, Osku. Torstai on lempip\u00e4iv\u00e4, Osku. Olen sataprosenttisen varma, ett\u00e4 se on Osku, K\u00f6pi paalutti.<\/p>\n<p>        <a itemprop=\"url\" href=\"https:\/\/www.seiska.fi\/katso\/jenni-poikelus-tunnustaa-pahan-tapansa\/1908579\" rel=\"nofollow noopener\" target=\"_blank\"><\/p>\n<p>\nJenni Poikelus\n<\/p>\n<p class=\"section-date\">\n        <strong class=\"article-section\" data-section=\"katso\"><br \/>\n            katso<br \/>\n        <\/strong><br \/>\n        6.9. 10:14\n    <\/p>\n<p>Jenni Poikelus tunnustaa pahan tapansa\n    <\/p>\n<p itemprop=\"description\" class=\"subtitle \">\n    Jenni Poikelus n\u00e4hd\u00e4\u00e4n j\u00e4lleen Masked Singer Suomen etsiv\u00e4n\u00e4.\n<\/p>\n<p>        <\/a><\/p>\n<p>Jenni yhtyi arvaukseen<\/p>\n<p class=\"article-content article-content-width !bg-background\">Masked Singer -vakiopanelisti, Vikin ja K\u00f6pin radiokollega , vahvisti jo tuolloin samat arvaukset.<\/p>\n<p class=\"article-content article-content-width !bg-background\">\u2013 Olen tehnyt h\u00e4nen kanssaan t\u00f6it\u00e4. Pieru on h\u00e4nen juttunsa. Olen tehnyt h\u00e4nen kanssaan sketsej\u00e4 ja h\u00e4n on aina pyyt\u00e4m\u00e4tt\u00e4 ja kysym\u00e4tt\u00e4 lis\u00e4nnyt mukaan pierun, Jenni kertoi.<\/p>\n<p class=\"article-content article-content-width !bg-background\">\u2013 H\u00e4n my\u00f6s rakastaa autoja, kuten Pierumies t\u00e4ss\u00e4. En voi vastata muuta kuin, ett\u00e4 Pierumies on Oskari Joutsen!<\/p>\n<p class=\"italic m-italic article-content article-content-width !bg-background\">Masked Singerin kuudes jakso esitet\u00e4\u00e4n MTV3:lla lauantaina 11.10. kello<\/p>\n<p>                <img decoding=\"async\" src=\"https:\/\/www.europesays.com\/fi\/wp-content\/uploads\/2025\/10\/1958682.webp\" width=\"576\" height=\"274\" alt=\"Kuudennessa jaksossa vierailee Veronica Verho.\" loading=\"lazy\" \/>            <\/p>\n<p>\n            Kuudennessa jaksossa vierailee Veronica Verho.<br \/>\n            MTV\n        <\/p>\n<p>        <a itemprop=\"url\" href=\"https:\/\/www.seiska.fi\/katso\/paljastuivatko-masked-singer-hahmot-ennen-aikojaan\/1912026\" rel=\"nofollow noopener\" target=\"_blank\"><\/p>\n<p>\nMasked Singer Suomi\n<\/p>\n<p class=\"section-date\">\n        <strong class=\"article-section\" data-section=\"katso\"><br \/>\n            katso<br \/>\n        <\/strong><br \/>\n        27.8. 16:15\n    <\/p>\n<p>Paljastuivatko Masked Singer -hahmot ennen aikojaan?\n    <\/p>\n<p itemprop=\"description\" class=\"subtitle \">\n    Nokkelimmat ovat jo saattaneet keksi\u00e4 osan naamioiden takana piileskelevist\u00e4 julkkiksista.\n<\/p>\n<p>        <\/a><\/p>\n","protected":false},"excerpt":{"rendered":"MTV Vierailevat Masked Singer -panelistit Viki ja K\u00f6pi paljastivat omasta mielest\u00e4\u00e4n Pierumiehen todellisen henkil\u00f6llisyyden. Hervoton\u00a0Pierumies\u00a0on muodostunut monen katsojan&hellip;\n","protected":false},"author":2,"featured_media":58790,"comment_status":"","ping_status":"","sticky":false,"template":"","format":"standard","meta":{"footnotes":""},"categories":[133],"tags":[137,33,31,30,2853,2847,13792,2376,13793,2836,32,206,156,2843,109,2835,13794],"class_list":{"0":"post-58789","1":"post","2":"type-post","3":"status-publish","4":"format-standard","5":"has-post-thumbnail","7":"category-televisiot","8":"tag-entertainment","9":"tag-fi","10":"tag-finland","11":"tag-finnish","12":"tag-jenni-poikelus","13":"tag-kopi-kallio","14":"tag-masked-singer","15":"tag-mtv","16":"tag-oskari-joutsen","17":"tag-pierumies","18":"tag-suomi","19":"tag-televisiot","20":"tag-tv","21":"tag-veronica-verho","22":"tag-viihde","23":"tag-viki-eerikkila","24":"tag-viki-ja-kopi"},"share_on_mastodon":{"url":"","error":""},"_links":{"self":[{"href":"https:\/\/www.europesays.com\/fi\/wp-json\/wp\/v2\/posts\/58789","targetHints":{"allow":["GET"]}}],"collection":[{"href":"https:\/\/www.europesays.com\/fi\/wp-json\/wp\/v2\/posts"}],"about":[{"href":"https:\/\/www.europesays.com\/fi\/wp-json\/wp\/v2\/types\/post"}],"author":[{"embeddable":true,"href":"https:\/\/www.europesays.com\/fi\/wp-json\/wp\/v2\/users\/2"}],"replies":[{"embeddable":true,"href":"https:\/\/www.europesays.com\/fi\/wp-json\/wp\/v2\/comments?post=58789"}],"version-history":[{"count":0,"href":"https:\/\/www.europesays.com\/fi\/wp-json\/wp\/v2\/posts\/58789\/revisions"}],"wp:featuredmedia":[{"embeddable":true,"href":"https:\/\/www.europesays.com\/fi\/wp-json\/wp\/v2\/media\/58790"}],"wp:attachment":[{"href":"https:\/\/www.europesays.com\/fi\/wp-json\/wp\/v2\/media?parent=58789"}],"wp:term":[{"taxonomy":"category","embeddable":true,"href":"https:\/\/www.europesays.com\/fi\/wp-json\/wp\/v2\/categories?post=58789"},{"taxonomy":"post_tag","embeddable":true,"href":"https:\/\/www.europesays.com\/fi\/wp-json\/wp\/v2\/tags?post=58789"}],"curies":[{"name":"wp","href":"https:\/\/api.w.org\/{rel}","templated":true}]}}