{"id":58885,"date":"2025-10-11T06:47:09","date_gmt":"2025-10-11T06:47:09","guid":{"rendered":"https:\/\/www.europesays.com\/fi\/58885\/"},"modified":"2025-10-11T06:47:09","modified_gmt":"2025-10-11T06:47:09","slug":"pelaajan-vaimo-ilmestyi-huippujoukkueen-harjoituksiin-koskettava-hetki","status":"publish","type":"post","link":"https:\/\/www.europesays.com\/fi\/58885\/","title":{"rendered":"Pelaajan vaimo ilmestyi huippujoukkueen harjoituksiin \u2013 Koskettava hetki"},"content":{"rendered":"<p>Sevillan treeneiss\u00e4 juhlittiin parantumista. <\/p>\n<p><img decoding=\"async\" class=\"image image-show image-preview\" src=\"https:\/\/www.europesays.com\/fi\/wp-content\/uploads\/2025\/10\/871974210a4ce09cf4045e04e93f8fa0690ecb49792360dea3ed5c22c9dc211b.jpg\" alt=\"\"\/><img decoding=\"async\" class=\"image image-show\" src=\"https:\/\/www.europesays.com\/fi\/wp-content\/uploads\/2025\/10\/1760165229_798_871974210a4ce09cf4045e04e93f8fa0690ecb49792360dea3ed5c22c9dc211b.jpg\" alt=\"\"\/><\/p>\n<p>Marcao (kuvassa keskell\u00e4) on pelannut Sevillassa vuodesta 2022 l\u00e4htien.  AOP<\/p>\n<p class=\"paragraph\">Espanjan liigan Sevillan harjoituksissa n\u00e4htiin erityislaatuinen hetki, kun joukkueen brasilialaisvahvistuksen <strong>Marcaon<\/strong> vaimo <strong>Pamela Teixeira<\/strong> oli kutsuttu paikalle kunniavieraaksi.<\/p>\n<p class=\"paragraph\">Kutsu k\u00e4vi, koska andalucialaisseura halusi juhlistaa Teixeiran parantumista rintasy\u00f6v\u00e4st\u00e4. Nainen kertoi saamistaan terveen papereista keskiviikkona some-tilill\u00e4\u00e4n.<\/p>\n<p class=\"paragraph\">Sevillan julkaisemalla videolla Marcao halaa vaimoaan joukkueen edess\u00e4.  Toisessa p\u00e4ivityksess\u00e4 Teixeira pitelee omaa nime\u00e4\u00e4n kantavaa pelipaitaa yhteiskuvassa koko joukkueen kanssa.<\/p>\n<p class=\"paragraph\">\u2013 Olet esimerkki meille kaikille, Pan, Sevilla kirjoitti videon oheen.<\/p>\n<p class=\"paragraph\">Viime vuodet r\u00e4mpinyt Sevilla on piristinyt t\u00e4ll\u00e4 kaudella <strong>Mat\u00edas Almeydan<\/strong> alaisuudessa.<\/p>\n<p class=\"paragraph\">Viime viikonloppuna Barcelona luvuin 4\u20131 murskannut joukkue on La Ligan sarjataulukossa kuudentena.<\/p>\n","protected":false},"excerpt":{"rendered":"Sevillan treeneiss\u00e4 juhlittiin parantumista. Marcao (kuvassa keskell\u00e4) on pelannut Sevillassa vuodesta 2022 l\u00e4htien. AOP Espanjan liigan Sevillan harjoituksissa&hellip;\n","protected":false},"author":2,"featured_media":58886,"comment_status":"","ping_status":"","sticky":false,"template":"","format":"standard","meta":{"footnotes":""},"categories":[5],"tags":[35,22,23,13810,26,27,33,31,30,17,1391,24,25,41,28,29,15,18,21,32,502,167,19,20,16],"class_list":{"0":"post-58885","1":"post","2":"type-post","3":"status-publish","4":"format-standard","5":"has-post-thumbnail","7":"category-otsikot","8":"tag-24h","9":"tag-breaking-news","10":"tag-breakingnews","11":"tag-elimet-anatomia","12":"tag-featured-news","13":"tag-featurednews","14":"tag-fi","15":"tag-finland","16":"tag-finnish","17":"tag-headlines","18":"tag-ihmisten-ja-elainten-ruumiit","19":"tag-latest-news","20":"tag-latestnews","21":"tag-liikunta-ja-urheilu","22":"tag-main-news","23":"tag-mainnews","24":"tag-news","25":"tag-otsikot","26":"tag-paauutiset","27":"tag-suomi","28":"tag-terveydenhoito","29":"tag-terveys","30":"tag-top-stories","31":"tag-topstories","32":"tag-uutiset"},"share_on_mastodon":{"url":"","error":""},"_links":{"self":[{"href":"https:\/\/www.europesays.com\/fi\/wp-json\/wp\/v2\/posts\/58885","targetHints":{"allow":["GET"]}}],"collection":[{"href":"https:\/\/www.europesays.com\/fi\/wp-json\/wp\/v2\/posts"}],"about":[{"href":"https:\/\/www.europesays.com\/fi\/wp-json\/wp\/v2\/types\/post"}],"author":[{"embeddable":true,"href":"https:\/\/www.europesays.com\/fi\/wp-json\/wp\/v2\/users\/2"}],"replies":[{"embeddable":true,"href":"https:\/\/www.europesays.com\/fi\/wp-json\/wp\/v2\/comments?post=58885"}],"version-history":[{"count":0,"href":"https:\/\/www.europesays.com\/fi\/wp-json\/wp\/v2\/posts\/58885\/revisions"}],"wp:featuredmedia":[{"embeddable":true,"href":"https:\/\/www.europesays.com\/fi\/wp-json\/wp\/v2\/media\/58886"}],"wp:attachment":[{"href":"https:\/\/www.europesays.com\/fi\/wp-json\/wp\/v2\/media?parent=58885"}],"wp:term":[{"taxonomy":"category","embeddable":true,"href":"https:\/\/www.europesays.com\/fi\/wp-json\/wp\/v2\/categories?post=58885"},{"taxonomy":"post_tag","embeddable":true,"href":"https:\/\/www.europesays.com\/fi\/wp-json\/wp\/v2\/tags?post=58885"}],"curies":[{"name":"wp","href":"https:\/\/api.w.org\/{rel}","templated":true}]}}