{"id":58914,"date":"2025-10-11T07:40:09","date_gmt":"2025-10-11T07:40:09","guid":{"rendered":"https:\/\/www.europesays.com\/fi\/58914\/"},"modified":"2025-10-11T07:40:09","modified_gmt":"2025-10-11T07:40:09","slug":"jakutiasta-loytyi-pisin-tunnettu-villasarvikuonon-sarvi","status":"publish","type":"post","link":"https:\/\/www.europesays.com\/fi\/58914\/","title":{"rendered":"Jakutiasta l\u00f6ytyi pisin tunnettu villasarvikuonon sarvi"},"content":{"rendered":"<p>Radiohiiliajoituksen mukaan el\u00e4in eli l\u00e4hes 20 000 vuotta sitten.<\/p>\n<p>Jokainen sarven keratiinikerros vastaa yht\u00e4 vuotta el\u00e4imen el\u00e4m\u00e4st\u00e4, ja laskemalla vuorottelevat vaaleat ja tummat kerrokset tutkijat pystyiv\u00e4t m\u00e4\u00e4ritt\u00e4m\u00e4\u00e4n, ett\u00e4 sarvikuono oli kuollessaan yli 40-vuotias, eli se on vanhin t\u00e4h\u00e4n menness\u00e4 l\u00f6ydetty villasarvikuono.<\/p>\n<p>Sarvi ty\u00f6kaluna<\/p>\n<p>Sarvi oli vaikuttava paitsi kooltaan my\u00f6s toiminnaltaan.<\/p>\n<p>Litte\u00e4ll\u00e4 sapelimaisella sarvella sarvikuono saattoi ty\u00f6nt\u00e4\u00e4 lunta tielt\u00e4\u00e4n p\u00e4\u00e4st\u00e4kseen k\u00e4siksi ruohoon ja j\u00e4k\u00e4l\u00e4\u00e4n. Sarven pinnassa olevat kulumaj\u00e4ljet viittaavat siihen, ett\u00e4 se on ollut ahkerassa k\u00e4yt\u00f6ss\u00e4.<\/p>\n<p><strong>Keskiajan tappavin tauti saattaa olla palaamassa. Lue lis\u00e4\u00e4 t\u00e4st\u00e4:<\/strong><\/p>\n","protected":false},"excerpt":{"rendered":"Radiohiiliajoituksen mukaan el\u00e4in eli l\u00e4hes 20 000 vuotta sitten. Jokainen sarven keratiinikerros vastaa yht\u00e4 vuotta el\u00e4imen el\u00e4m\u00e4st\u00e4, ja&hellip;\n","protected":false},"author":2,"featured_media":58915,"comment_status":"","ping_status":"","sticky":false,"template":"","format":"standard","meta":{"footnotes":""},"categories":[117],"tags":[33,31,30,72,476,118,32,119,477],"class_list":{"0":"post-58914","1":"post","2":"type-post","3":"status-publish","4":"format-standard","5":"has-post-thumbnail","7":"category-luonto","8":"tag-fi","9":"tag-finland","10":"tag-finnish","11":"tag-luonto","12":"tag-nature","13":"tag-science","14":"tag-suomi","15":"tag-tiede","16":"tag-wildlife"},"share_on_mastodon":{"url":"","error":""},"_links":{"self":[{"href":"https:\/\/www.europesays.com\/fi\/wp-json\/wp\/v2\/posts\/58914","targetHints":{"allow":["GET"]}}],"collection":[{"href":"https:\/\/www.europesays.com\/fi\/wp-json\/wp\/v2\/posts"}],"about":[{"href":"https:\/\/www.europesays.com\/fi\/wp-json\/wp\/v2\/types\/post"}],"author":[{"embeddable":true,"href":"https:\/\/www.europesays.com\/fi\/wp-json\/wp\/v2\/users\/2"}],"replies":[{"embeddable":true,"href":"https:\/\/www.europesays.com\/fi\/wp-json\/wp\/v2\/comments?post=58914"}],"version-history":[{"count":0,"href":"https:\/\/www.europesays.com\/fi\/wp-json\/wp\/v2\/posts\/58914\/revisions"}],"wp:featuredmedia":[{"embeddable":true,"href":"https:\/\/www.europesays.com\/fi\/wp-json\/wp\/v2\/media\/58915"}],"wp:attachment":[{"href":"https:\/\/www.europesays.com\/fi\/wp-json\/wp\/v2\/media?parent=58914"}],"wp:term":[{"taxonomy":"category","embeddable":true,"href":"https:\/\/www.europesays.com\/fi\/wp-json\/wp\/v2\/categories?post=58914"},{"taxonomy":"post_tag","embeddable":true,"href":"https:\/\/www.europesays.com\/fi\/wp-json\/wp\/v2\/tags?post=58914"}],"curies":[{"name":"wp","href":"https:\/\/api.w.org\/{rel}","templated":true}]}}