{"id":58937,"date":"2025-10-11T08:20:10","date_gmt":"2025-10-11T08:20:10","guid":{"rendered":"https:\/\/www.europesays.com\/fi\/58937\/"},"modified":"2025-10-11T08:20:10","modified_gmt":"2025-10-11T08:20:10","slug":"maajussille-morsian-pertun-puolisoehdokas-purkaa-pettymystaan","status":"publish","type":"post","link":"https:\/\/www.europesays.com\/fi\/58937\/","title":{"rendered":"Maajussille morsian: Pertun puolisoehdokas purkaa pettymyst\u00e4\u00e4n"},"content":{"rendered":"<p>\n            Maajussille morsian<br \/>\n            MTV\n        <\/p>\n<p class=\"subtitle \">\u2013 Toiset sai kokonaisen p\u00e4iv\u00e4n olla yhdess\u00e4, niin se toi itselle v\u00e4h\u00e4n harmitusta, morsio avautuu Maajussille morsian -ohjelmassa.<\/p>\n<p class=\"article-content article-content-width !bg-background\">Maajussi- vie  treffeille Kolin upeisiin maisemiin Maajussille morsian -ohjelman kahdeksannessa jaksossa, joka on jo katsottavissa MTV Katsomo+ -tilauksella. Jakso esitet\u00e4\u00e4n tv:ss\u00e4 13. lokakuuta.<\/p>\n<p class=\"italic m-italic article-content article-content-width !bg-background\">Arkistovideo: Vappu Pimi\u00e4 muistelee chat-uraansa.<\/p>\n<p class=\"article-content article-content-width !bg-background\">Perttu ja Emilia vierailevat treffeill\u00e4\u00e4n Pirunkirkossa katsomassa, milt\u00e4 siell\u00e4 n\u00e4ytt\u00e4\u00e4. Luonnonkirkon sis\u00e4ll\u00e4 on tiivis tunnelma, mik\u00e4 on Emilian mieleen.<\/p>\n<p class=\"article-content article-content-width !bg-background\">\u2013 Kyll\u00e4 me siin\u00e4 aika l\u00e4hekk\u00e4in oltiin. Oli ihan kivaa p\u00e4\u00e4st\u00e4 v\u00e4h\u00e4n toisen iholle, Emilia naurahtaa.<\/p>\n<p class=\"article-content article-content-width !bg-background\">\u2013 Toivoisin, ett\u00e4 sielt\u00e4 tulisi jonkin n\u00e4k\u00f6inen\u2026 Mik\u00e4li h\u00e4nell\u00e4 on jotain kiinnostusta minua kohtaan, niin h\u00e4n nyt n\u00e4ytt\u00e4isi jotenkin. Nyt kun olemme kahdestaan, h\u00e4n n\u00e4ytt\u00e4isi sen, niin saisin varmistuksen tunteen itselle, h\u00e4n tuumaa.<\/p>\n<p>        <a itemprop=\"url\" href=\"https:\/\/www.seiska.fi\/katso\/maajussin-morsianehdokas-kaipaa-fyysista-laheisyytta\/1935639\" rel=\"nofollow noopener\" target=\"_blank\"><\/p>\n<p>\nMaajussille morsian\n<\/p>\n<p class=\"section-date\">\n        <strong class=\"article-section\" data-section=\"katso\"><br \/>\n            katso<br \/>\n        <\/strong><br \/>\n        22.9. 10:15\n    <\/p>\n<p>Maajussin morsianehdokas kaipaa fyysist\u00e4 l\u00e4heisyytt\u00e4\n    <\/p>\n<p itemprop=\"description\" class=\"subtitle \">\n    &#8221;Ehk\u00e4 olisi tehnyt mieli jatkaa pitemp\u00e4\u00e4n&#8221;, maajussi-Perttu toteaa jutustelun p\u00e4\u00e4tteeksi Maajussille morsian -ohjelmassa.\n<\/p>\n<p>        <\/a><\/p>\n<p class=\"article-content article-content-width !bg-background\">Kolin p\u00e4\u00e4ll\u00e4 kaksikko ihastelee maisemia. H\u00e4n my\u00f6nt\u00e4\u00e4 olevansa hieman ihastunut Perttuun, mutta toivoo saavansa vastauksen my\u00f6s Pertulta. Maajussi kertoo, ett\u00e4 h\u00e4nell\u00e4 on ollut mukava ja rento p\u00e4iv\u00e4 morsian ehdokkaan kanssa.<\/p>\n<p class=\"article-content article-content-width !bg-background\">\u2013 Koen, ett\u00e4 t\u00e4m\u00e4n p\u00e4iv\u00e4n aikana Pertulta pient\u00e4 flirtti\u00e4 tuli, Emilia kertoo kameralle.<\/p>\n<p class=\"article-content article-content-width !bg-background\">\u2013 Kiinnostusta kyll\u00e4 on. Siin\u00e4 oli rento ja hyv\u00e4 fiilis, olisi voinut vaikka pitemp\u00e4\u00e4nkin siin\u00e4 istua, Perttu puolestaan virkkoo.<\/p>\n<p>                <img decoding=\"async\" src=\"https:\/\/www.europesays.com\/fi\/wp-content\/uploads\/2025\/10\/1949773.webp\" width=\"576\" height=\"274\" title=\"Pertun ja Emilian ihastellessa maisemia Kolilla farmilla on toisenlainen tunnelma.\" alt=\"Maajussille morsian: Perttu ja Emilia Kolilla.\" loading=\"lazy\" \/>            <\/p>\n<p>\n            Pertun ja Emilian ihastellessa maisemia Kolilla farmilla on toisenlainen tunnelma.<br \/>\n            MTV\n        <\/p>\n<p>Harmitus purkautuu<\/p>\n<p class=\"article-content article-content-width !bg-background\">Maajussi-Perttu vietti ensimm\u00e4iset treffins\u00e4  kanssa edellisess\u00e4 jaksossa. Treffit kuluivat ty\u00f6askareiden \u00e4\u00e4rell\u00e4 ennen kuin muut morsianehdokkaat saapuivat. Aada sanoi treffeill\u00e4, ett\u00e4 h\u00e4nt\u00e4 harmittaa olla ensimm\u00e4inen treffeill\u00e4. H\u00e4n saapui muutamaa tuntia ennen muita ehdokkaita Pertun tiluksille.<\/p>\n<p class=\"article-content article-content-width !bg-background\">\u2013 V\u00e4h\u00e4n sellaista huonoa fiilist\u00e4. Toiset sai kokonaisen p\u00e4iv\u00e4n olla yhdess\u00e4, niin se toi itselle v\u00e4h\u00e4n harmitusta, Aada my\u00f6nt\u00e4\u00e4.<\/p>\n<p>        <a itemprop=\"url\" href=\"https:\/\/www.seiska.fi\/katso\/maajussin-morsianehdokas-jysayttaa-uutispommin\/1936427\" rel=\"nofollow noopener\" target=\"_blank\"><\/p>\n<p>\nMaajussille morsian\n<\/p>\n<p class=\"section-date\">\n        <strong class=\"article-section\" data-section=\"katso\"><br \/>\n            katso<br \/>\n        <\/strong><br \/>\n        23.9. 15:15\n    <\/p>\n<p>Maajussin morsianehdokas jys\u00e4ytt\u00e4\u00e4 uutispommin\n    <\/p>\n<p itemprop=\"description\" class=\"subtitle \">\n    Puolisoehdokas j\u00e4nnitt\u00e4\u00e4 maajussi-Pertun reaktiota.\n<\/p>\n<p>        <\/a><\/p>\n<p class=\"article-content article-content-width !bg-background\">Emilia ja Perttu saapuvat takaisin maatilalle. Kun he kertovat treffip\u00e4iv\u00e4st\u00e4\u00e4n, Aada murtuu kyyneliin. H\u00e4nt\u00e4 harmitti, ett\u00e4 omat treffit olivat ty\u00f6painotteiset, kun taas Emilia p\u00e4\u00e4si Kolille ulkoilemaan. Aada odotti, ett\u00e4 olisi p\u00e4\u00e4ssyt kunnolla treffeille.<\/p>\n<p class=\"article-content article-content-width !bg-background\">\u2013 Sanotaan, ett\u00e4 kun huomasi, ett\u00e4 meid\u00e4n treffit oli aiheuttaneet harmitusta, niin siin\u00e4 oli ehk\u00e4 v\u00e4h\u00e4n vaikea olla, koska oli niin sanotusti syyp\u00e4\u00e4, vaikken ollut. Jotenkin mietin sit\u00e4, ett\u00e4 mit\u00e4 t\u00e4ss\u00e4 kuuluisi sanoa tai k\u00e4yttyty\u00e4, Emilia summaa.<\/p>\n<p class=\"article-content article-content-width !bg-background\">\u2013 Kyll\u00e4h\u00e4n se tietysti harmitti itse\u00e4kin. H\u00e4nelle tulisi sitten tunteenpurkaus siin\u00e4 mieless\u00e4, mutta olen sit\u00e4 mielt\u00e4, ett\u00e4 se treffitekeminen tai -paikka ei v\u00e4ltt\u00e4m\u00e4tt\u00e4 kerro tai sano yht\u00e4\u00e4n mit\u00e4\u00e4n. Kyll\u00e4 minun mielest\u00e4 meill\u00e4 oli ainakin hauska p\u00e4iv\u00e4. Aada oli t\u00e4t\u00e4 mielt\u00e4 nyt sitten, Perttu tuumaa.<\/p>\n<p class=\"italic m-italic article-content article-content-width !bg-background\">Maajussille morsian maanantaisin MTV3:lla ja MTV Katsomossa.<\/p>\n<p>        <a itemprop=\"url\" href=\"https:\/\/www.seiska.fi\/katso\/vappu-pimialta-ikavia-uutisia-maajussille-sulho-ei-saavu-paikalle\/1946842\" rel=\"nofollow noopener\" target=\"_blank\"><\/p>\n<p>\nMaajussille morsian\n<\/p>\n<p class=\"section-date\">\n        <strong class=\"article-section\" data-section=\"katso\"><br \/>\n            katso<br \/>\n        <\/strong><br \/>\n        1.10. 07:15\n    <\/p>\n<p>Vappu Pimi\u00e4lt\u00e4 ik\u00e4vi\u00e4 uutisia maajussille: Sulho ei saavu paikalle\n    <\/p>\n<p itemprop=\"description\" class=\"subtitle \">\n    Maajussitar saapuu Hirvihaaran kartanolle tapaamaan puolisoehdokastaan Maajussille morsian: Kaikki tarinat -ohjelmassa.\n<\/p>\n<p>        <\/a><\/p>\n","protected":false},"excerpt":{"rendered":"Maajussille morsian MTV \u2013 Toiset sai kokonaisen p\u00e4iv\u00e4n olla yhdess\u00e4, niin se toi itselle v\u00e4h\u00e4n harmitusta, morsio avautuu&hellip;\n","protected":false},"author":2,"featured_media":58938,"comment_status":"","ping_status":"","sticky":false,"template":"","format":"standard","meta":{"footnotes":""},"categories":[133],"tags":[137,33,31,30,8498,1895,905,32,206,1318,156,1896,109],"class_list":{"0":"post-58937","1":"post","2":"type-post","3":"status-publish","4":"format-standard","5":"has-post-thumbnail","7":"category-televisiot","8":"tag-entertainment","9":"tag-fi","10":"tag-finland","11":"tag-finnish","12":"tag-maajussi-perttu","13":"tag-maajussille-morsian","14":"tag-mtv3","15":"tag-suomi","16":"tag-televisiot","17":"tag-tv-ohjelma","18":"tag-tv","19":"tag-vappu-pimia","20":"tag-viihde"},"share_on_mastodon":{"url":"","error":""},"_links":{"self":[{"href":"https:\/\/www.europesays.com\/fi\/wp-json\/wp\/v2\/posts\/58937","targetHints":{"allow":["GET"]}}],"collection":[{"href":"https:\/\/www.europesays.com\/fi\/wp-json\/wp\/v2\/posts"}],"about":[{"href":"https:\/\/www.europesays.com\/fi\/wp-json\/wp\/v2\/types\/post"}],"author":[{"embeddable":true,"href":"https:\/\/www.europesays.com\/fi\/wp-json\/wp\/v2\/users\/2"}],"replies":[{"embeddable":true,"href":"https:\/\/www.europesays.com\/fi\/wp-json\/wp\/v2\/comments?post=58937"}],"version-history":[{"count":0,"href":"https:\/\/www.europesays.com\/fi\/wp-json\/wp\/v2\/posts\/58937\/revisions"}],"wp:featuredmedia":[{"embeddable":true,"href":"https:\/\/www.europesays.com\/fi\/wp-json\/wp\/v2\/media\/58938"}],"wp:attachment":[{"href":"https:\/\/www.europesays.com\/fi\/wp-json\/wp\/v2\/media?parent=58937"}],"wp:term":[{"taxonomy":"category","embeddable":true,"href":"https:\/\/www.europesays.com\/fi\/wp-json\/wp\/v2\/categories?post=58937"},{"taxonomy":"post_tag","embeddable":true,"href":"https:\/\/www.europesays.com\/fi\/wp-json\/wp\/v2\/tags?post=58937"}],"curies":[{"name":"wp","href":"https:\/\/api.w.org\/{rel}","templated":true}]}}