{"id":58949,"date":"2025-10-11T08:30:08","date_gmt":"2025-10-11T08:30:08","guid":{"rendered":"https:\/\/www.europesays.com\/fi\/58949\/"},"modified":"2025-10-11T08:30:08","modified_gmt":"2025-10-11T08:30:08","slug":"syysmyrakka-nousee-lannesta-kaatuneet-puut-kattorakenteet-ja-sahkokatkot-aiheuttaneet-eniten-toita-kotimaa","status":"publish","type":"post","link":"https:\/\/www.europesays.com\/fi\/58949\/","title":{"rendered":"Syysmyr\u00e4kk\u00e4 nousee l\u00e4nnest\u00e4 \u2013 kaatuneet puut, kattorakenteet ja s\u00e4hk\u00f6katkot aiheuttaneet eniten t\u00f6it\u00e4 | Kotimaa"},"content":{"rendered":"<p class=\"aw-1gybjub aw-5vja16 ghpEtB kjanFo yle__article__paragraph\">Tuuli heikkenee iltap\u00e4iv\u00e4ll\u00e4 tilap\u00e4isesti. Huomenna aamulla tuuli k\u00e4\u00e4ntyy pohjoiseen ja voimistuu uudelleen.<\/p>\n<p><img decoding=\"async\" alt=\"Kaksi henkil\u00f6\u00e4 kamppailee tuulisessa s\u00e4\u00e4ss\u00e4 k\u00e4\u00e4ntyneen sateenvarjon kanssa.\" src=\"https:\/\/www.europesays.com\/fi\/wp-content\/uploads\/2025\/10\/39-153672868e8fc50a19fe.jpeg\" class=\"aw-1l9m598 hKVVvP\"\/><\/p>\n<p>Avaa kuvien katselu<\/p>\n<p>Jalankulkijoita sateenvarjojen kanssa kovassa tuulessa Helsingiss\u00e4 syyskuussa 2025. Kuva: Vesa Moilanen \/ Lehtikuva<\/p>\n<p class=\"aw-1gybjub aw-1p7kakr ghpEtB jtovHP yle__article__paragraph\">Lauantai on alkanut l\u00e4ntisess\u00e4 Suomessa tuulisena.<\/p>\n<p class=\"aw-1gybjub aw-1p7kakr ghpEtB jtovHP yle__article__paragraph\">P\u00e4ivyst\u00e4v\u00e4 palomestari <strong class=\"aw-ak79eh KyCXm yle__article__strong\">Kari Kankaanp\u00e4\u00e4<\/strong> Satakunnasta kertoo, ett\u00e4 maakunnan alueella on raivattu kaatuneita puita varhaisesta aamusta alkaen.<\/p>\n<p class=\"aw-1gybjub aw-1p7kakr ghpEtB jtovHP yle__article__paragraph\">Porissa ohikulkija ilmoitti h\u00e4t\u00e4keskukselle, ett\u00e4 rakennusty\u00f6maan kattorakenteet olivat vaarassa l\u00e4hte\u00e4 tuulen matkaan.<\/p>\n<p class=\"aw-1gybjub aw-1p7kakr ghpEtB jtovHP yle__article__paragraph\">Pelastuslaitos k\u00e4vi paikalla korjaamassa v\u00e4litt\u00f6m\u00e4n uhan aiheuttaneet kohdat ja soitti rakennusyhti\u00f6n jatkamaan korjaust\u00f6it\u00e4.<\/p>\n<p class=\"aw-1gybjub aw-1p7kakr ghpEtB jtovHP yle__article__paragraph\">Turusta p\u00e4ivyst\u00e4v\u00e4 palomestari <strong class=\"aw-ak79eh KyCXm yle__article__strong\">Marko Virolainen<\/strong> kertoi, ett\u00e4 tuulen aiheuttamia teht\u00e4vi\u00e4 on ollut kaksi. P\u00f6yty\u00e4ll\u00e4 katkennut puu ja Paraisilla vierasvenesatamassa tuuli hakkasi venett\u00e4 laituria vasten.<\/p>\n<p class=\"aw-1gybjub aw-1p7kakr ghpEtB jtovHP yle__article__paragraph\">My\u00f6s Pirkanmaalla on ollut noin aamukahdeksasta alkaen tuulen aiheuttamia teht\u00e4vi\u00e4.<\/p>\n<p class=\"aw-1gybjub aw-1p7kakr ghpEtB jtovHP yle__article__paragraph\">Pirkanmaan pelastuslaitoksen p\u00e4ivyst\u00e4v\u00e4 p\u00e4\u00e4llikk\u00f6 <strong class=\"aw-ak79eh KyCXm yle__article__strong\">Jarkko J\u00e4ntti<\/strong> kertoo, ett\u00e4 kaatuneita puita on raivattu tie- ja katualueilta eri puolilla maakuntaa. Teht\u00e4vi\u00e4 on ollut aamup\u00e4iv\u00e4n aikana yhteens\u00e4 kahdeksan muun muassa Tampereella, Valkeakoskella ja M\u00e4ntt\u00e4-Vilppulassa.<\/p>\n<p>S\u00e4hk\u00f6katkoja useammassa maakunnassa<\/p>\n<p class=\"aw-1gybjub aw-1p7kakr ghpEtB jtovHP yle__article__paragraph\">Tuulen aiheuttamia s\u00e4hk\u00f6katkoja on ollut aamun ja aamup\u00e4iv\u00e4n aikana ainakin Satakunnassa, Lounais-Suomessa ja Pirkanmaalla.<\/p>\n<p class=\"aw-1gybjub aw-1p7kakr ghpEtB jtovHP yle__article__paragraph\">Kello 11.05 s\u00e4hk\u00f6tt\u00f6mi\u00e4 asiakkaita oli koko Suomessa reilut 4\u00a0000.<\/p>\n<p class=\"aw-1gybjub aw-1p7kakr ghpEtB jtovHP yle__article__paragraph\">Tuulet toi l\u00e4nnest\u00e4 matalapainealue, joka vaikuttaa Suomen s\u00e4\u00e4h\u00e4n useamman p\u00e4iv\u00e4n ajan.<\/p>\n<p class=\"aw-1gybjub aw-1p7kakr ghpEtB jtovHP yle__article__paragraph\">P\u00e4ivyst\u00e4v\u00e4 meteorologi <strong class=\"aw-ak79eh KyCXm yle__article__strong\">Antti Jylh\u00e4-Ollila<\/strong> Ilmatieteen laitokselta kertoo, ett\u00e4 l\u00e4nnen ja luoteen v\u00e4linen tuuli on puuskissa puhaltanut voimakkaimmillaan melkein myrskylukemissa, noin 20 metri\u00e4 sekunnissa.<\/p>\n<p class=\"aw-1gybjub aw-1p7kakr ghpEtB jtovHP yle__article__paragraph\">\u2013 Iltap\u00e4iv\u00e4ll\u00e4 tuuli alkaa heiket\u00e4. Illalla ja y\u00f6ll\u00e4 tuulet ovat tilap\u00e4isesti heikompia, mutta aamulla tuuli k\u00e4\u00e4ntyy pohjoiseen ja voimistuu uudelleen. Yksitt\u00e4isi\u00e4 tuulivahinkoja on odotettavissa huomennakin.<\/p>\n<p class=\"aw-1gybjub aw-1p7kakr ghpEtB jtovHP yle__article__paragraph\">Sunnuntaina tuulivaroituksia on voimassa kaikissa muissa maakunnissa paitsi Pohjois-Karjalassa.<\/p>\n<p class=\"aw-1gybjub aw-1p7kakr ghpEtB jtovHP yle__article__paragraph\">Uutinen p\u00e4ivittyy.<\/p>\n","protected":false},"excerpt":{"rendered":"Tuuli heikkenee iltap\u00e4iv\u00e4ll\u00e4 tilap\u00e4isesti. Huomenna aamulla tuuli k\u00e4\u00e4ntyy pohjoiseen ja voimistuu uudelleen. Avaa kuvien katselu Jalankulkijoita sateenvarjojen kanssa&hellip;\n","protected":false},"author":2,"featured_media":58950,"comment_status":"","ping_status":"","sticky":false,"template":"","format":"standard","meta":{"footnotes":""},"categories":[12],"tags":[22,23,26,27,33,31,30,17,71,24,25,28,29,15,18,21,1249,553,2787,710,968,32,4140,551,19,20,1943,16,7529,663],"class_list":{"0":"post-58949","1":"post","2":"type-post","3":"status-publish","4":"format-standard","5":"has-post-thumbnail","7":"category-suomi","8":"tag-breaking-news","9":"tag-breakingnews","10":"tag-featured-news","11":"tag-featurednews","12":"tag-fi","13":"tag-finland","14":"tag-finnish","15":"tag-headlines","16":"tag-kotimaa","17":"tag-latest-news","18":"tag-latestnews","19":"tag-main-news","20":"tag-mainnews","21":"tag-news","22":"tag-otsikot","23":"tag-paauutiset","24":"tag-parainen","25":"tag-pirkanmaa","26":"tag-pori","27":"tag-saa","28":"tag-satakunta","29":"tag-suomi","30":"tag-syksy","31":"tag-tampere","32":"tag-top-stories","33":"tag-topstories","34":"tag-tuuli","35":"tag-uutiset","36":"tag-valkeakoski","37":"tag-varsinais-suomi"},"share_on_mastodon":{"url":"","error":""},"_links":{"self":[{"href":"https:\/\/www.europesays.com\/fi\/wp-json\/wp\/v2\/posts\/58949","targetHints":{"allow":["GET"]}}],"collection":[{"href":"https:\/\/www.europesays.com\/fi\/wp-json\/wp\/v2\/posts"}],"about":[{"href":"https:\/\/www.europesays.com\/fi\/wp-json\/wp\/v2\/types\/post"}],"author":[{"embeddable":true,"href":"https:\/\/www.europesays.com\/fi\/wp-json\/wp\/v2\/users\/2"}],"replies":[{"embeddable":true,"href":"https:\/\/www.europesays.com\/fi\/wp-json\/wp\/v2\/comments?post=58949"}],"version-history":[{"count":0,"href":"https:\/\/www.europesays.com\/fi\/wp-json\/wp\/v2\/posts\/58949\/revisions"}],"wp:featuredmedia":[{"embeddable":true,"href":"https:\/\/www.europesays.com\/fi\/wp-json\/wp\/v2\/media\/58950"}],"wp:attachment":[{"href":"https:\/\/www.europesays.com\/fi\/wp-json\/wp\/v2\/media?parent=58949"}],"wp:term":[{"taxonomy":"category","embeddable":true,"href":"https:\/\/www.europesays.com\/fi\/wp-json\/wp\/v2\/categories?post=58949"},{"taxonomy":"post_tag","embeddable":true,"href":"https:\/\/www.europesays.com\/fi\/wp-json\/wp\/v2\/tags?post=58949"}],"curies":[{"name":"wp","href":"https:\/\/api.w.org\/{rel}","templated":true}]}}