{"id":58955,"date":"2025-10-11T08:42:16","date_gmt":"2025-10-11T08:42:16","guid":{"rendered":"https:\/\/www.europesays.com\/fi\/58955\/"},"modified":"2025-10-11T08:42:16","modified_gmt":"2025-10-11T08:42:16","slug":"honor-vahvisti-uuden-sukupolven-magic8-sarjan-huippupuhelimet-julki-kiinassa-15-lokakuuta-luvassa-myos-useita-muita-uutuuksia","status":"publish","type":"post","link":"https:\/\/www.europesays.com\/fi\/58955\/","title":{"rendered":"Honor vahvisti: uuden sukupolven Magic8-sarjan huippupuhelimet julki Kiinassa 15. lokakuuta \u2013 luvassa my\u00f6s useita muita uutuuksia"},"content":{"rendered":"<p><a href=\"https:\/\/mobiili.fi\/wp-content\/uploads\/2025\/10\/honor_magic8_pro_pre_1-scaled.jpg\" data-lightbox=\"image\" rel=\"nofollow noopener\" target=\"_blank\"><img fetchpriority=\"high\" decoding=\"async\" aria-describedby=\"caption-attachment-266821\" class=\"size-large wp-image-266821\" src=\"data:image\/svg+xml,%3Csvg%20xmlns=\" http:=\"\" alt=\"Honor Magic8 Pro valkoisena v\u00e4rivaihtoehtona.\" width=\"1200\" height=\"724\" data-lazy- data-lazy- data-lazy-src=\"https:\/\/www.europesays.com\/fi\/wp-content\/uploads\/2025\/10\/honor_magic8_pro_pre_1-1200x724.jpg\"\/><\/a><\/p>\n<p id=\"caption-attachment-266821\" class=\"wp-caption-text\">Honor Magic8 Pro valkoisena v\u00e4rivaihtoehtona.<\/p>\n<p>Honor on vahvistanut julkistavansa Magic8-sarjan huippupuhelimensa sek\u00e4 muita uutuuksia Kiinassa 15. lokakuuta.<\/p>\n<p>Tulossa ovat Honor Magic8 ja Magic8 Pro, tablettilaitteet Honor MagicPad 3 Pro ja MagicPad 3, kuulokkeet Honor Earbuds 4 sek\u00e4 \u00e4lykello Honor Watch 5 Pro.<\/p>\n<p>Uutuuksien esittely tapahtuu aluksi Kiinan markkinoille, eik\u00e4 kansainv\u00e4lisen lanseerauksen ajankohdasta ole viel\u00e4 tietoa.<\/p>\n<p style=\"width: 98%; text-align: center; font-size:13px; border-bottom: 1px solid #C8C8C8; line-height: 0.1em; margin: 8px 1% 16px 1%;\">MAINOS (ARTIKKELI JATKUU ALLA)<\/p>\n<p>Honorin Magic8-sarjan ensimm\u00e4iset huippupuhelimet tulevat sis\u00e4lt\u00e4m\u00e4\u00e4n <a href=\"https:\/\/mobiili.fi\/2025\/09\/24\/qualcomm-julkisti-snapdragon-8-elite-gen-5n-maailman-nopeimmaksi-kehuttu-jarjestelmapiiri-tuo-rutkasti-lisaa-suorituskykya-alypuhelimiin\/\" rel=\"nofollow noopener\" target=\"_blank\">Qualcommin 24. syyskuuta julkistaman uuden huipputason Snapdragon 8 Elite Gen 5 -j\u00e4rjestelm\u00e4piirin<\/a>.<\/p>\n<p>Honor Magic8 Pro ja Honor Magic8 on jo n\u00e4hty useissa virallisissa kuvissa.<\/p>\n<p>Magic8-uutuuksien muotoilu jatkaa Honorin Magic-sarjan huippupuhelimille tutuilla linjoilla mit\u00e4 tulee kookkaaseen py\u00f6re\u00e4\u00e4n takakamerakohoumaan. Etupuolella n\u00e4ytt\u00f6j\u00e4 ymp\u00e4r\u00f6iv\u00e4t kapeat reunukset. Magic8 sis\u00e4lt\u00e4\u00e4 yksitt\u00e4isen etukameran, kun Magic8 Prossa mukana on edelleen my\u00f6s infrapunakamera 3D-kasvojentunnistukseen.<\/p>\n<p style=\"width: 98%; text-align: center; font-size:13px; border-bottom: 1px solid #C8C8C8; line-height: 0.1em; margin: 8px 1% 16px 1%;\">MAINOS (ARTIKKELI JATKUU ALLA)<\/p>\n<p>Takana kamerakohouman keski\u00f6ss\u00e4 Magic8-puhelimet kantavat Honorin AiMAGE-br\u00e4nd\u00e4yst\u00e4.<\/p>\n<p>N\u00e4ht\u00e4v\u00e4ksi j\u00e4\u00e4, tuleeko Honor tuomaan t\u00e4ll\u00e4 kertaa kansainv\u00e4lisille markkinoille Magic8 Pron rinnalla my\u00f6s Magic8:n. Edelt\u00e4viss\u00e4 sukupolvissa perusmallia ei ole tuotu Euroopan markkinoille, joilla Honor on keskittynyt vain Prohon.<\/p>\n<p><a href=\"https:\/\/mobiili.fi\/wp-content\/uploads\/2025\/10\/honor_magic8_pro_pre_2-scaled.jpg\" data-lightbox=\"image\" rel=\"nofollow noopener\" target=\"_blank\"><img loading=\"lazy\" decoding=\"async\" aria-describedby=\"caption-attachment-266820\" class=\"size-large wp-image-266820\" src=\"data:image\/svg+xml,%3Csvg%20xmlns=\" http:=\"\" alt=\"Honor Magic8 Pro mustana v\u00e4rivaihtoehtona.\" width=\"1200\" height=\"1069\" data-lazy- data-lazy- data-lazy-src=\"https:\/\/www.europesays.com\/fi\/wp-content\/uploads\/2025\/10\/honor_magic8_pro_pre_2-1200x1069.jpg\"\/><\/a><\/p>\n<p id=\"caption-attachment-266820\" class=\"wp-caption-text\">Honor Magic8 Pro mustana v\u00e4rivaihtoehtona.<\/p>\n<p><a href=\"https:\/\/mobiili.fi\/wp-content\/uploads\/2025\/10\/honor_magic8_pro_pre_3-scaled.jpg\" data-lightbox=\"image\" rel=\"nofollow noopener\" target=\"_blank\"><img loading=\"lazy\" decoding=\"async\" aria-describedby=\"caption-attachment-266819\" class=\"size-large wp-image-266819\" src=\"data:image\/svg+xml,%3Csvg%20xmlns=\" http:=\"\" alt=\"Honor Magic8 Pro syaanina v\u00e4rivaihtoehtona.\" width=\"1200\" height=\"1130\" data-lazy- data-lazy- data-lazy-src=\"https:\/\/www.europesays.com\/fi\/wp-content\/uploads\/2025\/10\/honor_magic8_pro_pre_3-1200x1130.jpg\"\/><\/a><\/p>\n<p id=\"caption-attachment-266819\" class=\"wp-caption-text\">Honor Magic8 Pro syaanina v\u00e4rivaihtoehtona.<\/p>\n<p><a href=\"https:\/\/mobiili.fi\/wp-content\/uploads\/2025\/10\/honor_magic8_pro_pre_4-scaled.jpg\" data-lightbox=\"image\" rel=\"nofollow noopener\" target=\"_blank\"><img loading=\"lazy\" decoding=\"async\" aria-describedby=\"caption-attachment-266818\" class=\"size-large wp-image-266818\" src=\"data:image\/svg+xml,%3Csvg%20xmlns=\" http:=\"\" alt=\"Honor Magic8 Pro kultaisena v\u00e4rivaihtoehtona.\" width=\"1200\" height=\"1040\" data-lazy- data-lazy- data-lazy-src=\"https:\/\/www.europesays.com\/fi\/wp-content\/uploads\/2025\/10\/honor_magic8_pro_pre_4-1200x1040.jpg\"\/><\/a><\/p>\n<p id=\"caption-attachment-266818\" class=\"wp-caption-text\">Honor Magic8 Pro kultaisena v\u00e4rivaihtoehtona.<\/p>\n<p><a href=\"https:\/\/www.europesays.com\/fi\/wp-content\/uploads\/2025\/10\/honor_magic8_teaser_4.jpg\" data-lightbox=\"image\"><img loading=\"lazy\" decoding=\"async\" aria-describedby=\"caption-attachment-266117\" class=\"size-full wp-image-266117\" src=\"data:image\/svg+xml,%3Csvg%20xmlns=\" http:=\"\" alt=\"Honor Magic8.\" width=\"800\" height=\"733\" data-lazy- data-lazy- data-lazy-src=\"https:\/\/www.europesays.com\/fi\/wp-content\/uploads\/2025\/10\/honor_magic8_teaser_4.jpg\"\/><\/a><\/p>\n<p id=\"caption-attachment-266117\" class=\"wp-caption-text\">Honor Magic8.<\/p>\n<p>My\u00f6hemmin, mahdollisesti vuoden 2026 puolella, Magic8-sarjaan odotetaan viel\u00e4 t\u00e4ydennyst\u00e4 pienempikokoisesta mallista sek\u00e4 parhaimmin varustellusta Ultra-mallista.<\/p>\n<p><a href=\"https:\/\/mobiili.fi\/2025\/10\/03\/tama-honorin-tulevista-magic8-sarjan-huippupuhelimista-tiedetaan-toistaiseksi-kuvat-paljastavat-muotoilun-jatkavan-tutuilla-linjoilla\/\" rel=\"nofollow noopener\" target=\"_blank\">Magic8-puhelinten ominaisuuksista on paljastunut jo monia yksityiskohtia<\/a>.<\/p>\n<p style=\"width: 98%; text-align: center; font-size:13px; border-bottom: 1px solid #C8C8C8; line-height: 0.1em; margin: 8px 1% 16px 1%;\">MAINOS (ARTIKKELI JATKUU ALLA)<\/p>\n<p>Huhujen mukaan Magic8 sis\u00e4lt\u00e4\u00e4 6,58 tuuman tasaisen n\u00e4yt\u00f6n 1,5K-tarkkuudella, takana 50 megapikselin p\u00e4\u00e4- ja ultralaajakulmakamerat sek\u00e4 200 megapikselin telekameran, edess\u00e4kin 50 megapikselin kameran sek\u00e4 ainakin Kiinassa 7 000 milliampeeritunnin akun 90 watin pikalatauksella.<\/p>\n<p>Huhutusti Honor Magic8 Prossa puolestaan on suurempi 6,71 tuuman n\u00e4ytt\u00f6, joka on reunoiltaan kevyesti kaartuvaa niin sanottua mikrokaarevaa mallia.<\/p>\n<p>Magic8 Pron kamerakokoonpano sis\u00e4lt\u00e4isi my\u00f6s 50 megapikselin p\u00e4\u00e4- ja ultralaajakulmakamerat, 200 megapikselin telekameran ja 50 megapikselin etukameran.<\/p>\n<p>Ainakin Kiinassa Magic8 Prossa on huhujen mukaan 7 200 milliampeeritunnin akku tuella 120 watin langallisella ja 80 watin langattomalle pikalataukselle.<\/p>\n<p style=\"width: 98%; text-align: center; font-size:13px; border-bottom: 1px solid #C8C8C8; line-height: 0.1em; margin: 8px 1% 16px 1%;\">MAINOS (ARTIKKELI JATKUU ALLA)<\/p>\n<p>Kameroiden toimintaa Magic8-puhelimissa ovat tukemassa j\u00e4lleen lasertarkennus ja v\u00e4ril\u00e4mp\u00f6tila-anturi.<\/p>\n<p>Magic8-puhelimissa ensiesiintymisens\u00e4 tulee tekem\u00e4\u00e4n my\u00f6s Honorin uusi MagicOS 10 -ohjelmisto, johon odotetaan merkitt\u00e4vi\u00e4 uudistuksia muun muassa teko\u00e4lyn saralla.<\/p>\n<p>Honor on jo kertonut esimerkkin\u00e4 uusista teko\u00e4lytoiminnoista Magic8:ssa n\u00e4ht\u00e4v\u00e4n teko\u00e4lypohjaisen Magic Color -toiminnon, joka mahdollistaa kuvien ja videoiden tyylin muuttamisen toisesta kuvasta per\u00e4isin olevan v\u00e4ripaletin mukaisesti. Uusi toiminto perustuu Honorin ja Qualcommin yhteisty\u00f6h\u00f6n.<\/p>\n<p>Oikealta sivulta Magic8-puhelimista l\u00f6ytyy my\u00f6s uusi toimintopainike, joka huhujen mukaan liittyy my\u00f6s teko\u00e4lytoimintoihin, vaikka painike sijaitseekin my\u00f6s kamerapainikkeeksi sopivalla kohdalla.<\/p>\n<p>Magic8-puhelinten rinnalla julkistettavista muista uutuuksista MagicPad 3 Pro sis\u00e4lt\u00e4\u00e4 my\u00f6s uuden huipputason Snapdragon 8 Elite Gen 5 -j\u00e4rjestelm\u00e4piirin.<\/p>\n<p>Uuden j\u00e4rjestelm\u00e4piirin lis\u00e4ksi Honor on kertonut MagicPad 3 Pron sis\u00e4lt\u00e4v\u00e4n 13,3 tuuman LCD-n\u00e4yt\u00f6n 3200\u00d72136 pikselill\u00e4 ja 165 hertsin virkistystaajuudella, 12 450 milliampeeritunnin akun sek\u00e4 uuden MagicOS 10 -ohjelmiston. MagicPad 3 Prosta l\u00f6ytyy my\u00f6s Honorin itse kehitt\u00e4m\u00e4 Honor E2 -virranhallintapiiri.<\/p>\n<p>MagicPad 3 Pron rinnalla on tulossa my\u00f6s 12,5 tuuman n\u00e4yt\u00f6ll\u00e4 varustettu MagicPad 3.<\/p>\n<p>Lis\u00e4ksi muita uutuuksia ovat uudet t\u00e4yslangattomat Honor Earbuds 4 -nappikuulokkeet sek\u00e4 Honor Watch 5 Pro -\u00e4lykello.<\/p>\n<p><a href=\"https:\/\/mobiili.fi\/wp-content\/uploads\/2025\/10\/honor_magicpad_3_pro_pre-scaled.jpg\" data-lightbox=\"image\" rel=\"nofollow noopener\" target=\"_blank\"><img loading=\"lazy\" decoding=\"async\" aria-describedby=\"caption-attachment-266816\" class=\"size-large wp-image-266816\" src=\"data:image\/svg+xml,%3Csvg%20xmlns=\" http:=\"\" alt=\"Honor MagicPad 3 Pro.\" width=\"1200\" height=\"1191\" data-lazy- data-lazy- data-lazy-src=\"https:\/\/www.europesays.com\/fi\/wp-content\/uploads\/2025\/10\/honor_magicpad_3_pro_pre-1200x1191.jpg\"\/><\/a><\/p>\n<p id=\"caption-attachment-266816\" class=\"wp-caption-text\">Honor MagicPad 3 Pro.<\/p>\n<p><a href=\"https:\/\/mobiili.fi\/wp-content\/uploads\/2025\/10\/honor_magicpad_3_pre-scaled.jpg\" data-lightbox=\"image\" rel=\"nofollow noopener\" target=\"_blank\"><img loading=\"lazy\" decoding=\"async\" aria-describedby=\"caption-attachment-266817\" class=\"size-large wp-image-266817\" src=\"data:image\/svg+xml,%3Csvg%20xmlns=\" http:=\"\" alt=\"Honor MagicPad 3.\" width=\"1200\" height=\"1149\" data-lazy- data-lazy- data-lazy-src=\"https:\/\/www.europesays.com\/fi\/wp-content\/uploads\/2025\/10\/honor_magicpad_3_pre-1200x1149.jpg\"\/><\/a><\/p>\n<p id=\"caption-attachment-266817\" class=\"wp-caption-text\">Honor MagicPad 3.<\/p>\n<p><a href=\"https:\/\/mobiili.fi\/wp-content\/uploads\/2025\/10\/honor_earbuds_4_pre-scaled.jpg\" data-lightbox=\"image\" rel=\"nofollow noopener\" target=\"_blank\"><img loading=\"lazy\" decoding=\"async\" aria-describedby=\"caption-attachment-266822\" class=\"size-large wp-image-266822\" src=\"data:image\/svg+xml,%3Csvg%20xmlns=\" http:=\"\" alt=\"Honor Earbuds 4.\" width=\"1200\" height=\"1248\" data-lazy- data-lazy- data-lazy-src=\"https:\/\/www.europesays.com\/fi\/wp-content\/uploads\/2025\/10\/honor_earbuds_4_pre-1200x1248.jpg\"\/><\/a><\/p>\n<p id=\"caption-attachment-266822\" class=\"wp-caption-text\">Honor Earbuds 4.<\/p>\n<p><a href=\"https:\/\/www.europesays.com\/fi\/wp-content\/uploads\/2025\/10\/honor_watch_5_pro_pre.jpg\" data-lightbox=\"image\"><img loading=\"lazy\" decoding=\"async\" aria-describedby=\"caption-attachment-266815\" class=\"size-full wp-image-266815\" src=\"data:image\/svg+xml,%3Csvg%20xmlns=\" http:=\"\" alt=\"Honor Watch 5 Pro.\" width=\"1080\" height=\"1038\" data-lazy- data-lazy- data-lazy-src=\"https:\/\/www.europesays.com\/fi\/wp-content\/uploads\/2025\/10\/honor_watch_5_pro_pre.jpg\"\/><\/a><\/p>\n<p id=\"caption-attachment-266815\" class=\"wp-caption-text\">Honor Watch 5 Pro.<\/p>\n<p>Mainos: <a href=\"https:\/\/hinta.fi\/?src=gPp6fX03\" target=\"_blank\" rel=\"nofollow noopener\">Noin 1 600 000 tuotteen hintavertailu ja hintaseuranta &#8211; katso Hinta.fist\u00e4 mist\u00e4 saat halvimmalla<\/a><\/p>\n","protected":false},"excerpt":{"rendered":"Honor Magic8 Pro valkoisena v\u00e4rivaihtoehtona. Honor on vahvistanut julkistavansa Magic8-sarjan huippupuhelimensa sek\u00e4 muita uutuuksia Kiinassa 15. lokakuuta. Tulossa&hellip;\n","protected":false},"author":2,"featured_media":58956,"comment_status":"","ping_status":"","sticky":false,"template":"","format":"standard","meta":{"footnotes":""},"categories":[85],"tags":[33,31,30,419,418,32,91,92],"class_list":{"0":"post-58955","1":"post","2":"type-post","3":"status-publish","4":"format-standard","5":"has-post-thumbnail","7":"category-mobiili","8":"tag-fi","9":"tag-finland","10":"tag-finnish","11":"tag-mobiili","12":"tag-mobile","13":"tag-suomi","14":"tag-technology","15":"tag-teknologia"},"share_on_mastodon":{"url":"","error":""},"_links":{"self":[{"href":"https:\/\/www.europesays.com\/fi\/wp-json\/wp\/v2\/posts\/58955","targetHints":{"allow":["GET"]}}],"collection":[{"href":"https:\/\/www.europesays.com\/fi\/wp-json\/wp\/v2\/posts"}],"about":[{"href":"https:\/\/www.europesays.com\/fi\/wp-json\/wp\/v2\/types\/post"}],"author":[{"embeddable":true,"href":"https:\/\/www.europesays.com\/fi\/wp-json\/wp\/v2\/users\/2"}],"replies":[{"embeddable":true,"href":"https:\/\/www.europesays.com\/fi\/wp-json\/wp\/v2\/comments?post=58955"}],"version-history":[{"count":0,"href":"https:\/\/www.europesays.com\/fi\/wp-json\/wp\/v2\/posts\/58955\/revisions"}],"wp:featuredmedia":[{"embeddable":true,"href":"https:\/\/www.europesays.com\/fi\/wp-json\/wp\/v2\/media\/58956"}],"wp:attachment":[{"href":"https:\/\/www.europesays.com\/fi\/wp-json\/wp\/v2\/media?parent=58955"}],"wp:term":[{"taxonomy":"category","embeddable":true,"href":"https:\/\/www.europesays.com\/fi\/wp-json\/wp\/v2\/categories?post=58955"},{"taxonomy":"post_tag","embeddable":true,"href":"https:\/\/www.europesays.com\/fi\/wp-json\/wp\/v2\/tags?post=58955"}],"curies":[{"name":"wp","href":"https:\/\/api.w.org\/{rel}","templated":true}]}}